{"id":128139,"date":"2024-01-22T03:43:51","date_gmt":"2024-01-22T06:43:51","guid":{"rendered":"https:\/\/www.elsindical.com.ar\/notas\/?p=128139"},"modified":"2024-01-22T08:58:09","modified_gmt":"2024-01-22T11:58:09","slug":"jorgelina-colombo-la-estupida-libertaria","status":"publish","type":"post","link":"https:\/\/www.elsindical.com.ar\/notas\/jorgelina-colombo-la-estupida-libertaria\/","title":{"rendered":"Jorgelina Colombo, la est\u00fapida libertaria"},"content":{"rendered":"<div class=\"wp-block-image\">\n<figure class=\"aligncenter size-full\"><a href=\"https:\/\/www.elsindical.com.ar\/notas\/var\/www\/html\/notas\/wp-content\/uploads\/2024\/01\/Jorgelina-Colombo-Remax-2.jpg\"><img loading=\"lazy\" decoding=\"async\" width=\"700\" height=\"389\" src=\"https:\/\/www.elsindical.com.ar\/notas\/var\/www\/html\/notas\/wp-content\/uploads\/2024\/01\/Jorgelina-Colombo-Remax-2.jpg\" alt=\"\" class=\"wp-image-128140\" srcset=\"https:\/\/www.elsindical.com.ar\/notas\/var\/www\/html\/notas\/wp-content\/uploads\/2024\/01\/Jorgelina-Colombo-Remax-2.jpg 700w, https:\/\/www.elsindical.com.ar\/notas\/var\/www\/html\/notas\/wp-content\/uploads\/2024\/01\/Jorgelina-Colombo-Remax-2-300x167.jpg 300w, https:\/\/www.elsindical.com.ar\/notas\/var\/www\/html\/notas\/wp-content\/uploads\/2024\/01\/Jorgelina-Colombo-Remax-2-500x278.jpg 500w\" sizes=\"auto, (max-width: 700px) 100vw, 700px\" \/><\/a><\/figure>\n<\/div>\n\n\n<p>   <strong>Jorgelina Mar\u00eda del Carmen Colombo<\/strong>, tuvo sus 5 minutos de \u00abfama\u00bb por realizar una acci\u00f3n est\u00fapida que se viralizo en las redes sociales, donde cosecho m\u00e1s repudios que apoyos, al agredir ala diputada y ex funcionaria Victoria Tolosa Paz en un restaurante cuando se encontraba con sus nietos menores de edad.<\/p>\n\n\n\n<figure class=\"wp-block-video\"><video height=\"848\" style=\"aspect-ratio: 480 \/ 848;\" width=\"480\" controls src=\"https:\/\/www.elsindical.com.ar\/notas\/var\/www\/html\/notas\/wp-content\/uploads\/2024\/01\/Jorgelina-Colombo-escrache-a-Toloza-Paz.mp4\"><\/video><\/figure>\n\n\n\n<p>Cobardes como suelen ser estos libertarios violentos que agreden cuando est\u00e1n en mayor\u00eda o a sabiendas que no les van a responder por cuestiones l\u00f3gicas, esta impresentable que se muestra en redes sociales como admiradora de Javier Milei, no dud\u00f3 en desplegar su odio de manera inapropiada.<\/p>\n\n\n\n<p>Esta se\u00f1ora es parte del equipo de Re\/Max, seg\u00fan la AFIP es monotributista categor\u00eda F CUIT: <strong>27-12359680-9<\/strong> y domicilio en la calle <strong>HUMBOLDT 2357 <\/strong>Piso:8 Dpto: B, del barrio de Palermo en CABA.<\/p>\n\n\n\n<figure class=\"wp-block-image size-full\"><a href=\"https:\/\/www.elsindical.com.ar\/notas\/var\/www\/html\/notas\/wp-content\/uploads\/2024\/01\/Jorgelina-Colombo-Remax.jpg\"><img loading=\"lazy\" decoding=\"async\" width=\"720\" height=\"524\" src=\"https:\/\/www.elsindical.com.ar\/notas\/var\/www\/html\/notas\/wp-content\/uploads\/2024\/01\/Jorgelina-Colombo-Remax.jpg\" alt=\"\" class=\"wp-image-128141\" srcset=\"https:\/\/www.elsindical.com.ar\/notas\/var\/www\/html\/notas\/wp-content\/uploads\/2024\/01\/Jorgelina-Colombo-Remax.jpg 720w, https:\/\/www.elsindical.com.ar\/notas\/var\/www\/html\/notas\/wp-content\/uploads\/2024\/01\/Jorgelina-Colombo-Remax-300x218.jpg 300w, https:\/\/www.elsindical.com.ar\/notas\/var\/www\/html\/notas\/wp-content\/uploads\/2024\/01\/Jorgelina-Colombo-Remax-412x300.jpg 412w\" sizes=\"auto, (max-width: 720px) 100vw, 720px\" \/><\/a><\/figure>\n","protected":false},"excerpt":{"rendered":"<p>Jorgelina Mar\u00eda del Carmen Colombo, tuvo sus 5 minutos de \u00abfama\u00bb por realizar una acci\u00f3n est\u00fapida que se viralizo en las redes sociales, donde cosecho m\u00e1s repudios que apoyos, al agredir ala diputada y ex funcionaria Victoria Tolosa Paz en un restaurante cuando se encontraba con sus nietos menores de edad. Cobardes como suelen ser&hellip;<\/p>\n","protected":false},"author":1,"featured_media":128140,"comment_status":"open","ping_status":"open","sticky":false,"template":"","format":"standard","meta":{"footnotes":""},"categories":[13,25],"tags":[42062,2450,3067,28812,42060,42061,35280,38410],"class_list":["post-128139","post","type-post","status-publish","format-standard","has-post-thumbnail","hentry","category-politica","category-sociedad","tag-cuit-27-12359680-9","tag-diario-el-sindical","tag-escrache","tag-javier-milei","tag-jorgelina-colombo","tag-jorgelina-maria-del-carmen-colombo","tag-remax","tag-victoria-tolosa-paz"],"_links":{"self":[{"href":"https:\/\/www.elsindical.com.ar\/notas\/wp-json\/wp\/v2\/posts\/128139","targetHints":{"allow":["GET"]}}],"collection":[{"href":"https:\/\/www.elsindical.com.ar\/notas\/wp-json\/wp\/v2\/posts"}],"about":[{"href":"https:\/\/www.elsindical.com.ar\/notas\/wp-json\/wp\/v2\/types\/post"}],"author":[{"embeddable":true,"href":"https:\/\/www.elsindical.com.ar\/notas\/wp-json\/wp\/v2\/users\/1"}],"replies":[{"embeddable":true,"href":"https:\/\/www.elsindical.com.ar\/notas\/wp-json\/wp\/v2\/comments?post=128139"}],"version-history":[{"count":2,"href":"https:\/\/www.elsindical.com.ar\/notas\/wp-json\/wp\/v2\/posts\/128139\/revisions"}],"predecessor-version":[{"id":128147,"href":"https:\/\/www.elsindical.com.ar\/notas\/wp-json\/wp\/v2\/posts\/128139\/revisions\/128147"}],"wp:featuredmedia":[{"embeddable":true,"href":"https:\/\/www.elsindical.com.ar\/notas\/wp-json\/wp\/v2\/media\/128140"}],"wp:attachment":[{"href":"https:\/\/www.elsindical.com.ar\/notas\/wp-json\/wp\/v2\/media?parent=128139"}],"wp:term":[{"taxonomy":"category","embeddable":true,"href":"https:\/\/www.elsindical.com.ar\/notas\/wp-json\/wp\/v2\/categories?post=128139"},{"taxonomy":"post_tag","embeddable":true,"href":"https:\/\/www.elsindical.com.ar\/notas\/wp-json\/wp\/v2\/tags?post=128139"}],"curies":[{"name":"wp","href":"https:\/\/api.w.org\/{rel}","templated":true}]}}