{"id":128131,"date":"2024-01-21T23:28:26","date_gmt":"2024-01-22T02:28:26","guid":{"rendered":"https:\/\/www.elsindical.com.ar\/notas\/?p=128131"},"modified":"2024-01-21T23:28:32","modified_gmt":"2024-01-22T02:28:32","slug":"lanus-detienen-a-cuatro-sospechosos-de-robar-un-millon-y-medio-de-pesos","status":"publish","type":"post","link":"https:\/\/www.elsindical.com.ar\/notas\/lanus-detienen-a-cuatro-sospechosos-de-robar-un-millon-y-medio-de-pesos\/","title":{"rendered":"Lan\u00fas: Detienen a cuatro sospechosos de robar un mill\u00f3n y medio de pesos"},"content":{"rendered":"\n<figure class=\"wp-block-image size-full\"><a href=\"https:\/\/www.elsindical.com.ar\/notas\/var\/www\/html\/notas\/wp-content\/uploads\/2024\/01\/motochorros-Lanusita.jpg\"><img loading=\"lazy\" decoding=\"async\" width=\"1000\" height=\"563\" src=\"https:\/\/www.elsindical.com.ar\/notas\/var\/www\/html\/notas\/wp-content\/uploads\/2024\/01\/motochorros-Lanusita.jpg\" alt=\"\" class=\"wp-image-128132\" srcset=\"https:\/\/www.elsindical.com.ar\/notas\/var\/www\/html\/notas\/wp-content\/uploads\/2024\/01\/motochorros-Lanusita.jpg 1000w, https:\/\/www.elsindical.com.ar\/notas\/var\/www\/html\/notas\/wp-content\/uploads\/2024\/01\/motochorros-Lanusita-300x169.jpg 300w, https:\/\/www.elsindical.com.ar\/notas\/var\/www\/html\/notas\/wp-content\/uploads\/2024\/01\/motochorros-Lanusita-768x432.jpg 768w, https:\/\/www.elsindical.com.ar\/notas\/var\/www\/html\/notas\/wp-content\/uploads\/2024\/01\/motochorros-Lanusita-500x282.jpg 500w, https:\/\/www.elsindical.com.ar\/notas\/var\/www\/html\/notas\/wp-content\/uploads\/2024\/01\/motochorros-Lanusita-460x260.jpg 460w\" sizes=\"auto, (max-width: 1000px) 100vw, 1000px\" \/><\/a><\/figure>\n\n\n\n<p class=\"wp-block-paragraph\">Los cuatro detenidos est\u00e1n acusados de ser los motochorros que robaron en Lanusita un mill\u00f3n y medio de pesos reci\u00e9n retirados del banco.<\/p>\n\n\n\n<p class=\"wp-block-paragraph\">Cuatro sospechosos fueron detenidos <strong><a href=\"https:\/\/www.elsindical.com.ar\/notas\/lanus-nuevo-ataque-motochorro-a-un-vecino\/\">acusados de ser los motochorros que la semana pasada interceptaron y robaron a un joven en Lanusita<\/a><\/strong> el bolso en el que llevaba un mill\u00f3n y medio de pesos que acababa de retirar de la sucursal del banco Santander de avenida Hip\u00f3lito Yrigoyen y Manuel Quindimil a metros del palacio municipal.<\/p>\n\n\n\n<p class=\"wp-block-paragraph\">Las detenciones estuvieron a cargo de personal de la <strong>Delegaci\u00f3n Departamental de Investigaciones Avellaneda<\/strong>, quienes previamente realizaron un an\u00e1lisis de la inifinidad de c\u00e1maras de seguridad privadas y municipales ubicadas en las cercan\u00edas del hecho a ra\u00edz de lo cual individualizaron las tres motocicletas y el autom\u00f3vil en el que circulaban los asaltantes domiciliados en los partidos de Avellaneda, Lan\u00fas y Florencio Varela.<\/p>\n\n\n\n<p class=\"wp-block-paragraph\">Con esas pruebas, el fiscal Mart\u00edn Rodr\u00edguez, a cargo de la <strong>Unidad Funcional de Instrucci\u00f3n 6 del Departamento Judicial de Avellaneda-Lan\u00fas dispuso allanar<\/strong> las viviendas de los imputados, lo que fue avalado por el Juzgado de Garant\u00edas interviniente.<\/p>\n\n\n\n<p class=\"wp-block-paragraph\">Finalmente, se detuvo a los cuatro acusados y se secuestraron los <strong>veh\u00edculos, vestimenta y casco utilizados al momento del hecho, dinero en efectivo y autopartes.<\/strong><\/p>\n\n\n\n<p class=\"wp-block-paragraph\">Fuentes policiales informaron que, <strong>con las cuatro detenciones, se logr\u00f3 desarticular a una banda que se dedicaba a cometer salideras <\/strong>bancarias en Avellaneda, Florencio Varela y Lan\u00fas.<\/p>\n\n\n\n<p class=\"wp-block-paragraph\"><\/p>\n","protected":false},"excerpt":{"rendered":"<p>Los cuatro detenidos est\u00e1n acusados de ser los motochorros que robaron en Lanusita un mill\u00f3n y medio de pesos reci\u00e9n retirados del banco. Cuatro sospechosos fueron detenidos acusados de ser los motochorros que la semana pasada interceptaron y robaron a un joven en Lanusita el bolso en el que llevaba un mill\u00f3n y medio de&hellip;<\/p>\n","protected":false},"author":1,"featured_media":128132,"comment_status":"open","ping_status":"open","sticky":false,"template":"","format":"standard","meta":{"footnotes":""},"categories":[22],"tags":[30684,2450,209,34155,22030,409],"class_list":["post-128131","post","type-post","status-publish","format-standard","has-post-thumbnail","hentry","category-policiales","tag-ddi-avellaneda-lanus-2","tag-diario-el-sindical","tag-lanus","tag-lanusita","tag-policiales","tag-salidera"],"_links":{"self":[{"href":"https:\/\/www.elsindical.com.ar\/notas\/wp-json\/wp\/v2\/posts\/128131","targetHints":{"allow":["GET"]}}],"collection":[{"href":"https:\/\/www.elsindical.com.ar\/notas\/wp-json\/wp\/v2\/posts"}],"about":[{"href":"https:\/\/www.elsindical.com.ar\/notas\/wp-json\/wp\/v2\/types\/post"}],"author":[{"embeddable":true,"href":"https:\/\/www.elsindical.com.ar\/notas\/wp-json\/wp\/v2\/users\/1"}],"replies":[{"embeddable":true,"href":"https:\/\/www.elsindical.com.ar\/notas\/wp-json\/wp\/v2\/comments?post=128131"}],"version-history":[{"count":1,"href":"https:\/\/www.elsindical.com.ar\/notas\/wp-json\/wp\/v2\/posts\/128131\/revisions"}],"predecessor-version":[{"id":128133,"href":"https:\/\/www.elsindical.com.ar\/notas\/wp-json\/wp\/v2\/posts\/128131\/revisions\/128133"}],"wp:featuredmedia":[{"embeddable":true,"href":"https:\/\/www.elsindical.com.ar\/notas\/wp-json\/wp\/v2\/media\/128132"}],"wp:attachment":[{"href":"https:\/\/www.elsindical.com.ar\/notas\/wp-json\/wp\/v2\/media?parent=128131"}],"wp:term":[{"taxonomy":"category","embeddable":true,"href":"https:\/\/www.elsindical.com.ar\/notas\/wp-json\/wp\/v2\/categories?post=128131"},{"taxonomy":"post_tag","embeddable":true,"href":"https:\/\/www.elsindical.com.ar\/notas\/wp-json\/wp\/v2\/tags?post=128131"}],"curies":[{"name":"wp","href":"https:\/\/api.w.org\/{rel}","templated":true}]}}