{"id":128048,"date":"2024-01-18T01:20:01","date_gmt":"2024-01-18T04:20:01","guid":{"rendered":"https:\/\/www.elsindical.com.ar\/notas\/?p=128048"},"modified":"2024-01-18T01:20:07","modified_gmt":"2024-01-18T04:20:07","slug":"gremios-bonaerenses-enojados-con-el-aumento-salarial-decretado-por-axel-kicillof","status":"publish","type":"post","link":"https:\/\/www.elsindical.com.ar\/notas\/gremios-bonaerenses-enojados-con-el-aumento-salarial-decretado-por-axel-kicillof\/","title":{"rendered":"Gremios bonaerenses enojados con el aumento salarial decretado por Axel Kicillof"},"content":{"rendered":"\n<figure class=\"wp-block-image size-full\"><a href=\"https:\/\/www.elsindical.com.ar\/notas\/var\/www\/html\/notas\/wp-content\/uploads\/2022\/05\/Axel-Kicillof-anuncios-aumentos-salariales.jpg\"><img loading=\"lazy\" decoding=\"async\" width=\"960\" height=\"640\" src=\"https:\/\/www.elsindical.com.ar\/notas\/var\/www\/html\/notas\/wp-content\/uploads\/2022\/05\/Axel-Kicillof-anuncios-aumentos-salariales.jpg\" alt=\"\" class=\"wp-image-113441\" srcset=\"https:\/\/www.elsindical.com.ar\/notas\/var\/www\/html\/notas\/wp-content\/uploads\/2022\/05\/Axel-Kicillof-anuncios-aumentos-salariales.jpg 960w, https:\/\/www.elsindical.com.ar\/notas\/var\/www\/html\/notas\/wp-content\/uploads\/2022\/05\/Axel-Kicillof-anuncios-aumentos-salariales-300x200.jpg 300w, https:\/\/www.elsindical.com.ar\/notas\/var\/www\/html\/notas\/wp-content\/uploads\/2022\/05\/Axel-Kicillof-anuncios-aumentos-salariales-768x512.jpg 768w, https:\/\/www.elsindical.com.ar\/notas\/var\/www\/html\/notas\/wp-content\/uploads\/2022\/05\/Axel-Kicillof-anuncios-aumentos-salariales-450x300.jpg 450w\" sizes=\"auto, (max-width: 960px) 100vw, 960px\" \/><\/a><\/figure>\n\n\n\n<p>Docentes, judiciales, profesionales de la salud y empleados p\u00fablicos de la provincia rechazan el decretazo salarial de Kicillof pero culpan a Milei.<\/p>\n\n\n\n<p>El gobierno de la provincia de Buenos Aires <strong>decret\u00f3 un aumento del 25 por ciento para los empleados de la administraci\u00f3n p\u00fablica bonaerense<\/strong>, un gesto que no fue bien recibido por los gremios estatales que reclaman el llamado en febrero para abrir la paritaria de este a\u00f1o.<\/p>\n\n\n\n<p>\u201cEl Gobierno de la Provincia es consciente de <strong>la p\u00e9rdida de poder adquisitivo que ocasion\u00f3 en los salarios la aceleraci\u00f3n inflacionaria desatada luego de la devaluaci\u00f3n del tipo de cambio realizada por el Gobierno Nacional<\/strong>. La inflaci\u00f3n del mes de diciembre en torno al 25% es la m\u00e1s elevada en d\u00e9cadas para nuestro pa\u00eds y es por ello que, con un enorme esfuerzo en un contexto de dificultades financieras e incertidumbre respecto de la continuidad y evoluci\u00f3n de los recursos provenientes del Estado Nacional, <strong>el Ejecutivo provincial toma esta medida como parte del compromiso que mantiene con las y los trabajadores provinciales<\/strong>\u201d, sostuvo el gobierno provincial a trav\u00e9s de un intrincado comunicado destinado a la dirigencia gremial que sue\u00f1a con ver a Kicillof en la Rosada.<\/p>\n\n\n\n<p>El incremento que <strong>decret\u00f3, sin acuerdo con los gremios es de un 25% respecto de los haberes percibidos en diciembre de 2023, de los cuales 15 puntos corresponden al cierre de la paritaria 2023.<\/strong>,<\/p>\n\n\n\n<p>Enfrente,los sindicatos que mantuvieron cuatro a\u00f1os de silecio y obediencia, <strong>pretend\u00edan un 35% para cerrar la paritaria 2023 <\/strong>compensando la inflaci\u00f3n que fue del 211%.<\/p>\n\n\n\n<p>\u201cAl igual que durante todo el primer mandato del Gobernador Axel Kicillof, <strong>la Provincia contin\u00faa comprometida con las negociaciones paritarias, <\/strong>y convocar\u00e1 a los gremios nuevamente en el mes de febrero, con el objetivo de continuar la discusi\u00f3n paritaria del a\u00f1o en curso\u201d, concluye el comunicado en un intento de ganar tiempo.<\/p>\n\n\n\n<h2 class=\"wp-block-heading\">Judiciales: \u201cExpresamos nuestro desacuerdo\u201d<\/h2>\n\n\n\n<p><strong>La Asociaci\u00f3n Judicial Bonaerense (AJB) consider\u00f3 que \u201cla cifra otorgada es claramente insuficiente\u201d. <\/strong>\u201cEn la \u00faltima ronda de negociaci\u00f3n salarial expresamos que ante la situaci\u00f3n inflacionaria que estamos viviendo, agravada por la \u00faltima devaluaci\u00f3n del 12 de diciembre, <strong>el Gobierno provincial deber\u00eda garantizar un incremento que permita que los salarios puedan enfrentar este contexto<\/strong>\u201c, se\u00f1al\u00f3.<\/p>\n\n\n\n<p>\u201cEsta propuesta queda muy lejos de los planteado, por eso <strong>desde la AJB expresamos nuestro desacuerdo y pedimos al Ejecutivo que en los primeros d\u00edas del mes de febrero se convoque a negociaciones para abordar la discusi\u00f3n de la paritaria 2024<\/strong>\u201c, reclama el gremio que representa a los trabajadores judiciales de la Provincia.<\/p>\n\n\n\n<h2 class=\"wp-block-heading\">Para los profesionales de la salud es \u201cclaramente insuficiente\u201d<\/h2>\n\n\n\n<p>Por otro lado, Cicop, el gremio que representa a los trabajadores de la salud, considera que \u201ces un aumento que <strong>resulta claramente insuficiente ya que no alcanza a compensarla abrupta devaluaci\u00f3n de diciembre <\/strong>y el aumento de precios desatados desde la asunci\u00f3n del nuevo gobierno\u201d.<\/p>\n\n\n\n<p>\u201cExigimos que contin\u00faen las negociaciones salariales, las mesas t\u00e9cnicas acordadas y <strong>que todos los aumentos provinciales sean percibidos r\u00e1pidamente <\/strong>en todos los municipios\u201d, reclama el comunicado difundido tras el anuncio.<\/p>\n\n\n\n<p>En ese marco, considera que \u201cresulta fundamental que se revierta la actual pol\u00edtica econ\u00f3mica nacional causante de una <strong>brutal transferencia de ingresos hacia los grupos concentrados de la econom\u00eda, <\/strong>licuando el poder adquisitivo de los salartios, como as\u00ed tambi\u00e9n los recortes de fondos que afectan a provincias y municipios\u201d.<\/p>\n\n\n\n<p>Finalmente, Cicop <strong>convoc\u00f3 a participar del paro del 24 de enero <\/strong>\u201ccontra el ajuste del salario, de los derechos laborales y en defensa de la salud p\u00fablica\u201d.<\/p>\n\n\n\n<h2 class=\"wp-block-heading\">Docentes bonaerenses descontentos por el decretazo de Kicillof<\/h2>\n\n\n\n<p>La <strong>Federaci\u00f3n de Unidad Bonaerense (FUDB<\/strong>) asegur\u00f3 haber recibido la notificaci\u00f3n del aumento salarial, otorgado por decreto por el Gobierno de la provincia de Buenos Aires, a cargo de Axel Kicillof y asegur\u00f3 que el aumento <strong>resulta insuficiente para \u201crecuperar plenamente la p\u00e9rdida del poder adquisitivo del salario\u201d.<\/strong><\/p>\n\n\n\n<p>Seg\u00fan el gremio, la p\u00e9rdida del poder adquisitivo es \u201cprovocada por <strong>la alta inflaci\u00f3n acumulada durante el 2023, acrecentada abruptamente el \u00faltimo mes, producto de la devaluaci\u00f3n <\/strong>de la moneda de diciembre y las pol\u00edticas de ajuste del gobierno nacional que dispar\u00f3 la canasta de alimentos\u201d.<\/p>\n\n\n\n<p>\u201cLa decisi\u00f3n del gobierno provincial de otorgar un aumento para hacer frente parcialmente a la p\u00e9rdida del poder adquisitivo para el pr\u00f3ximo cobro <strong>alivia la actual situaci\u00f3n, pero hace necesaria la inmediata convocatoria a paritarias para el mes pr\u00f3ximo de febrero<\/strong>, tal como lo anunciaron las autoridades provinciales\u201d, asegur\u00f3 el FUDB en un ejercicio de equilibrio entre su jefe pol\u00edtico y sus bases.<\/p>\n\n\n\n<p>En ese sentido, finalizaron: \u201cDesde el FUDB <strong>reafirmamos nuestro compromiso con los docentes<\/strong>, seguiremos defendiendo, como hasta ahora, salarios dignos y una Educaci\u00f3n P\u00fablica de calidad\u201d.<\/p>\n\n\n\n<h2 class=\"wp-block-heading\">ATE: \u201cNo podemos aceptar un aumento por debajo de la inflaci\u00f3n\u201d<\/h2>\n\n\n\n<p>La Asociaci\u00f3n de Trabajadores del Estado (ATE), uno de los arietes del gobernador contra Javier Milei estuvoi <strong>obligada a salir con un comunicado para manifestar que el incremento del 15% para cerrar el 2023 y un 10% a cuenta de la paritaria 2024 es \u201cinsuficiente\u201d.<\/strong><\/p>\n\n\n\n<p>\u201cSi bien entendemos el contexto pol\u00edtico y econ\u00f3mico que atraviesa la provincia a ra\u00edz de la quita de partidas discrecionales que recib\u00eda del Estado Nacional <strong>no podemos aceptar un aumento que est\u00e9 por debajo de los \u00edndices inflacionarios<\/strong>. Hay que destacar que este aumento corresponde a diciembre 2023 y al cierre de la paritaria de dicho a\u00f1o\u201d, <strong>aseguraron desde el gremio que busca despegar al Gobernador del decreto que firm\u00f3.<\/strong><\/p>\n\n\n\n<p>En esa l\u00ednea, se\u00f1alaron: \u201cLa propuesta no alcanza a los planteos que construimos en el Consejo Directivo Provincial junto a los secretarios y secretarias generales de las distintas seccionales de ATE. <strong>En los pr\u00f3ximos d\u00edas vamos a exigir al gobierno de la Provincia de Buenos Aires que nos convoque en febrero para abrir la discusi\u00f3n salarial del corriente a\u00f1o <\/strong>y tambi\u00e9n continuar avanzando en los pases a planta permanente, la construcci\u00f3n de un convenio colectivo de trabajo, la discusi\u00f3n de la reducci\u00f3n de la jornada laboral sin p\u00e9rdida de poder adquisitivo, como as\u00ed tambi\u00e9n la continuidad de todas las mesas t\u00e9cnicas comprometidas\u201d, sostiene en una <strong>propuesta de cambiar aumento por pases a planta de su gente.<\/strong><\/p>\n\n\n\n<p>Por otra parte, y <strong>para encontrar un culpable ideal, aseguraron que \u201cdesde ATE provincia de Buenos Aires nos estamos organizando para participar de la Jornada Nacional de lucha <\/strong>convocada para el 24 de enero por el Consejo Directivo Nacional de ATE y del gran PARO nacional de las centrales sindicales de Argentina, con el objetivo de ponerle un freno al DNU de Milei y a Proyecto de Ley \u00d3mnibus que va en contra de los derechos de nuestra clase trabajadora, del pueblo en general y del Estado de Derecho\u201d.<\/p>\n\n\n\n<p>En ese sentido, apuntaron a las pol\u00edticas impulsadas desde el gobierno nacional: \u201cPara rechazar <strong>el recorte de recursos de Milei a las provincias y en particular la de Buenos Aires<\/strong>, que impone un ajuste en los salarios de miles de estatales bonaerenses, la falta de obra p\u00fablica e insumos en hospitales, entre otros recortes que empeoraron la calidad de vida de millones de bonaerenses\u201d.<\/p>\n","protected":false},"excerpt":{"rendered":"<p>Docentes, judiciales, profesionales de la salud y empleados p\u00fablicos de la provincia rechazan el decretazo salarial de Kicillof pero culpan a Milei. El gobierno de la provincia de Buenos Aires decret\u00f3 un aumento del 25 por ciento para los empleados de la administraci\u00f3n p\u00fablica bonaerense, un gesto que no fue bien recibido por los gremios&hellip;<\/p>\n","protected":false},"author":1,"featured_media":113441,"comment_status":"open","ping_status":"open","sticky":false,"template":"","format":"standard","meta":{"footnotes":""},"categories":[9,13],"tags":[3221,13798,1523,2450,497,22023,10068,22029],"class_list":["post-128048","post","type-post","status-publish","format-standard","has-post-thumbnail","hentry","category-economia","category-politica","tag-aumento-salarial","tag-axel-kicillof","tag-decreto","tag-diario-el-sindical","tag-docentes","tag-economia","tag-empleados-publicos","tag-judiciales"],"_links":{"self":[{"href":"https:\/\/www.elsindical.com.ar\/notas\/wp-json\/wp\/v2\/posts\/128048","targetHints":{"allow":["GET"]}}],"collection":[{"href":"https:\/\/www.elsindical.com.ar\/notas\/wp-json\/wp\/v2\/posts"}],"about":[{"href":"https:\/\/www.elsindical.com.ar\/notas\/wp-json\/wp\/v2\/types\/post"}],"author":[{"embeddable":true,"href":"https:\/\/www.elsindical.com.ar\/notas\/wp-json\/wp\/v2\/users\/1"}],"replies":[{"embeddable":true,"href":"https:\/\/www.elsindical.com.ar\/notas\/wp-json\/wp\/v2\/comments?post=128048"}],"version-history":[{"count":1,"href":"https:\/\/www.elsindical.com.ar\/notas\/wp-json\/wp\/v2\/posts\/128048\/revisions"}],"predecessor-version":[{"id":128049,"href":"https:\/\/www.elsindical.com.ar\/notas\/wp-json\/wp\/v2\/posts\/128048\/revisions\/128049"}],"wp:featuredmedia":[{"embeddable":true,"href":"https:\/\/www.elsindical.com.ar\/notas\/wp-json\/wp\/v2\/media\/113441"}],"wp:attachment":[{"href":"https:\/\/www.elsindical.com.ar\/notas\/wp-json\/wp\/v2\/media?parent=128048"}],"wp:term":[{"taxonomy":"category","embeddable":true,"href":"https:\/\/www.elsindical.com.ar\/notas\/wp-json\/wp\/v2\/categories?post=128048"},{"taxonomy":"post_tag","embeddable":true,"href":"https:\/\/www.elsindical.com.ar\/notas\/wp-json\/wp\/v2\/tags?post=128048"}],"curies":[{"name":"wp","href":"https:\/\/api.w.org\/{rel}","templated":true}]}}