{"id":127988,"date":"2024-01-15T10:52:30","date_gmt":"2024-01-15T13:52:30","guid":{"rendered":"https:\/\/www.elsindical.com.ar\/notas\/?p=127988"},"modified":"2024-01-15T10:52:35","modified_gmt":"2024-01-15T13:52:35","slug":"damian-paz-y-yesica-arganaraz-del-ridiculo-no-se-vuelve","status":"publish","type":"post","link":"https:\/\/www.elsindical.com.ar\/notas\/damian-paz-y-yesica-arganaraz-del-ridiculo-no-se-vuelve\/","title":{"rendered":"Dami\u00e1n Paz y Y\u00e9sica Arga\u00f1araz, del rid\u00edculo no se vuelve"},"content":{"rendered":"<div class=\"wp-block-image\">\n<figure class=\"aligncenter size-full is-resized\"><a href=\"https:\/\/www.elsindical.com.ar\/notas\/var\/www\/html\/notas\/wp-content\/uploads\/2014\/10\/Dami\u00e1n-Paz-despacho.jpg\"><img loading=\"lazy\" decoding=\"async\" width=\"443\" height=\"310\" src=\"https:\/\/www.elsindical.com.ar\/notas\/var\/www\/html\/notas\/wp-content\/uploads\/2014\/10\/Dami\u00e1n-Paz-despacho.jpg\" alt=\"\" class=\"wp-image-46633\" style=\"width:631px;height:auto\" srcset=\"https:\/\/www.elsindical.com.ar\/notas\/var\/www\/html\/notas\/wp-content\/uploads\/2014\/10\/Dami\u00e1n-Paz-despacho.jpg 443w, https:\/\/www.elsindical.com.ar\/notas\/var\/www\/html\/notas\/wp-content\/uploads\/2014\/10\/Dami\u00e1n-Paz-despacho-300x209.jpg 300w, https:\/\/www.elsindical.com.ar\/notas\/var\/www\/html\/notas\/wp-content\/uploads\/2014\/10\/Dami\u00e1n-Paz-despacho-428x300.jpg 428w\" sizes=\"auto, (max-width: 443px) 100vw, 443px\" \/><\/a><\/figure>\n<\/div>\n\n\n<p class=\"wp-block-paragraph\">   Que par de p\u00e1jaros, la rid\u00edcula propuesta de Dami\u00e1n Paz y Y\u00e9sica Arga\u00f1ar\u00e1z, al presentar un proyecto de  Ordenanza fuera del funcionamiento del HCD, es m\u00e1s una chicana pol\u00edtica y un cartoneo de prensa de dos concejales que tienen pocos proyectos presentados y mucha menos capacidad para presentar algo coherente.<\/p>\n\n\n\n<p class=\"wp-block-paragraph\">Apoyados en algunos reclamos aislados de supuestos vecinos nunca identificados que son publicados en el Foro Vecinal Avellaneda Segura, desde donde Marcelo Frecha hace a\u00f1os inventa situaciones que nunca ocurrieron con la excusa de no ser periodista y por ende no tener que chequear lo que publica, teniendo una marcada tendencia a apoyar a Juntos por el Cambio sum\u00e1ndose a la oposici\u00f3n, suelen ver todo negativo.<\/p>\n\n\n\n<p class=\"wp-block-paragraph\">Los fundamentos de los concejales que fueron repudiados en las redes sociales fueron los siguientes:<\/p>\n\n\n\n<p class=\"wp-block-paragraph\"><strong><em>\u201chan sentido de diversas formas la alteraci\u00f3n de manera negativa su calidad de vida, debiendo muchos comerciantes cerrar sus negocios, como as\u00ed tambi\u00e9n otros no poder disponer de entrar o salir de sus casas\u201d.<\/em><\/strong><\/p>\n\n\n\n<p class=\"wp-block-paragraph\">Bueno, digamos que Dami\u00e1n siempre ha sido un gran mentiroso y se lo conoce por sus elocuentes ocurrencias dentro del recinto al argumentar, entonces usa una generalizaci\u00f3n sobre la supuesta calidad de vida afectada sin describirla, es decir, si le escribieron y comunicaron \u00abcientos de vecinos\u00bb, cosa que dudo porque pocos lo reconocen en la calle y menos a Arga\u00f1ar\u00e1z, m\u00e1s dif\u00edcil es que se comuniquen con ellos. Respecto al cierre de muchos comercios hace lo mismo, no describe cu\u00e1les, porque justamente en la zona los comercios que existen no cierra y por el contrario como cuando hay f\u00fatbol se benefician con el afluente de gente. Lo de que los vecinos no puedan entrar o salir de sus casas es otra rid\u00edcula mentira, s\u00ed es obvio que se complica, pero no es como lo describe.<\/p>\n\n\n\n<p class=\"wp-block-paragraph\"><strong><em>\u201cmuchos vecinos expresaron la sensaci\u00f3n que Avellaneda pas\u00f3 a ser zona liberada debido a la enorme cantidad de efectivos designados para el recital, as\u00ed y todo, los vecinos sintieron que estaban rehenes\u201d.<\/em><\/strong><\/p>\n\n\n\n<p class=\"wp-block-paragraph\">Bueno cuando ment\u00eds y sos algo limitado es l\u00f3gico decir frases incoherentes, por un lado habla de zona liberada y por el otro destaca la enorme cantidad de efectivos designados, quiz\u00e1s muchos vecinos no lo saben y otros no lo recuerdan, pero durante la presidencia de Mauricio Macri, Dami\u00e1n Paz, fue un \u00f1oqui caro en el ministerio de seguridad de la Naci\u00f3n con Patricia Bullrich, solo se lo ve\u00eda en las fotos de los famosos \u00abtimbreos\u00bb durante las campa\u00f1as, luego NADA, con lo cual alguien como \u00e9l por lo menos de o\u00eddo deber\u00eda haber aprendido algo sobre seguridad, por eso tira un frase pero no se hace cargo, sino que habla de una sensaci\u00f3n de los \u00abvecinos\u00bb que nuevamente es algo improbable, todos los d\u00edas charlo con vecinos y ninguno mencion\u00f3 nada de esto, s\u00ed algunos comentaban que ve\u00edan a muchos j\u00f3venes bebiendo por la calle y que era dif\u00edcil circular en auto por la zona del estadio de Racing, mucho menos alguno dijo sentirse reh\u00e9n.<\/p>\n\n\n\n<p class=\"wp-block-paragraph\"><strong><em>\u201cQuienes viven en las cercan\u00edas de los estadios est\u00e1n resignados y acostumbrados a ver alterada su calidad de vida por la existencia de los partidos de f\u00fatbol de nuestros dos m\u00e1s grandes representantes de esta actividad deportiva, pero de ninguna manera puede ser esto motivo para que la situaci\u00f3n se vuelva cotidiana para quienes residen en la ciudad\u201d<\/em><\/strong>, sostuvieron Paz y Arga\u00f1araz.<\/p>\n\n\n\n<p class=\"wp-block-paragraph\">Siguiendo con su rid\u00edcula presentaci\u00f3n a la que suma a su compa\u00f1era habla de los vecinos de la cercan\u00eda de los estadios como si reci\u00e9n se hubieran construido las canchas o reci\u00e9n existiera el f\u00fatbol, m\u00e1s desubicados est\u00e1n los estadios de CABA si es por ubicaci\u00f3n, pero nunca opinaron al respecto desde su espacio pol\u00edtico por el contrario personajes como Macri han hecho excelentes negocios con el f\u00fatbol y hasta han modificado por ejemplo en su momento la cancha de Boca violando varias normativas sobre edificaciones en CABA.<\/p>\n\n\n\n<p class=\"wp-block-paragraph\">\u00bfQu\u00e9 proponen estos dos personajes pol\u00edticos?? terminar con el f\u00fatbol? que Avellaneda no tenga recitales mientras en CABA su mismo espacio pol\u00edtico promueve recitales en canchas, clubes, espacios p\u00fablicos y todo lo que genere un ingreso, raro.<\/p>\n\n\n\n<p class=\"wp-block-paragraph\">Hay miles de reclamos que podr\u00edan hacer si se ponen a trabajar de verdad, pero NO, van por lo f\u00e1cil, lo que genera un poquito de revuelo y ya est\u00e1 siguen flotando en sus nubes, no son oposici\u00f3n seria, son dos oportunistas con poca inteligencia y mucho menos voluntad de trabajo, son una verg\u00fcenza, mejor busquen un trabajo honesto.<\/p>\n\n\n<div class=\"wp-block-image\">\n<figure class=\"aligncenter size-full\"><a href=\"https:\/\/www.elsindical.com.ar\/notas\/var\/www\/html\/notas\/wp-content\/uploads\/2024\/01\/Yesica-Arganaraz.jpg\"><img loading=\"lazy\" decoding=\"async\" width=\"500\" height=\"574\" src=\"https:\/\/www.elsindical.com.ar\/notas\/var\/www\/html\/notas\/wp-content\/uploads\/2024\/01\/Yesica-Arganaraz.jpg\" alt=\"\" class=\"wp-image-127989\" srcset=\"https:\/\/www.elsindical.com.ar\/notas\/var\/www\/html\/notas\/wp-content\/uploads\/2024\/01\/Yesica-Arganaraz.jpg 500w, https:\/\/www.elsindical.com.ar\/notas\/var\/www\/html\/notas\/wp-content\/uploads\/2024\/01\/Yesica-Arganaraz-261x300.jpg 261w\" sizes=\"auto, (max-width: 500px) 100vw, 500px\" \/><\/a><\/figure>\n<\/div>\n\n\n<p class=\"wp-block-paragraph\">Por Marcelo Ricardo Hawrylciw<\/p>\n","protected":false},"excerpt":{"rendered":"<p>Que par de p\u00e1jaros, la rid\u00edcula propuesta de Dami\u00e1n Paz y Y\u00e9sica Arga\u00f1ar\u00e1z, al presentar un proyecto de Ordenanza fuera del funcionamiento del HCD, es m\u00e1s una chicana pol\u00edtica y un cartoneo de prensa de dos concejales que tienen pocos proyectos presentados y mucha menos capacidad para presentar algo coherente. Apoyados en algunos reclamos aislados&hellip;<\/p>\n","protected":false},"author":1,"featured_media":46633,"comment_status":"open","ping_status":"open","sticky":false,"template":"","format":"standard","meta":{"footnotes":""},"categories":[10,13],"tags":[461,42018,27392,18028,2450,984,328,638,39009],"class_list":["post-127988","post","type-post","status-publish","format-standard","has-post-thumbnail","hentry","category-editorial","category-politica","tag-avellaneda","tag-cancha-de-independiente","tag-cancha-de-racing","tag-damian-paz","tag-diario-el-sindical","tag-inseguridad","tag-pro","tag-recitales","tag-yesica-arganaraz"],"_links":{"self":[{"href":"https:\/\/www.elsindical.com.ar\/notas\/wp-json\/wp\/v2\/posts\/127988","targetHints":{"allow":["GET"]}}],"collection":[{"href":"https:\/\/www.elsindical.com.ar\/notas\/wp-json\/wp\/v2\/posts"}],"about":[{"href":"https:\/\/www.elsindical.com.ar\/notas\/wp-json\/wp\/v2\/types\/post"}],"author":[{"embeddable":true,"href":"https:\/\/www.elsindical.com.ar\/notas\/wp-json\/wp\/v2\/users\/1"}],"replies":[{"embeddable":true,"href":"https:\/\/www.elsindical.com.ar\/notas\/wp-json\/wp\/v2\/comments?post=127988"}],"version-history":[{"count":1,"href":"https:\/\/www.elsindical.com.ar\/notas\/wp-json\/wp\/v2\/posts\/127988\/revisions"}],"predecessor-version":[{"id":127990,"href":"https:\/\/www.elsindical.com.ar\/notas\/wp-json\/wp\/v2\/posts\/127988\/revisions\/127990"}],"wp:featuredmedia":[{"embeddable":true,"href":"https:\/\/www.elsindical.com.ar\/notas\/wp-json\/wp\/v2\/media\/46633"}],"wp:attachment":[{"href":"https:\/\/www.elsindical.com.ar\/notas\/wp-json\/wp\/v2\/media?parent=127988"}],"wp:term":[{"taxonomy":"category","embeddable":true,"href":"https:\/\/www.elsindical.com.ar\/notas\/wp-json\/wp\/v2\/categories?post=127988"},{"taxonomy":"post_tag","embeddable":true,"href":"https:\/\/www.elsindical.com.ar\/notas\/wp-json\/wp\/v2\/tags?post=127988"}],"curies":[{"name":"wp","href":"https:\/\/api.w.org\/{rel}","templated":true}]}}