{"id":127973,"date":"2024-01-14T14:05:06","date_gmt":"2024-01-14T17:05:06","guid":{"rendered":"https:\/\/www.elsindical.com.ar\/notas\/?p=127973"},"modified":"2024-01-14T14:05:10","modified_gmt":"2024-01-14T17:05:10","slug":"crece-el-numero-de-pacientes-que-abandonan-los-tratamientos-por-la-suba-de-los-remedios","status":"publish","type":"post","link":"https:\/\/www.elsindical.com.ar\/notas\/crece-el-numero-de-pacientes-que-abandonan-los-tratamientos-por-la-suba-de-los-remedios\/","title":{"rendered":"Crece el n\u00famero de pacientes que abandonan los tratamientos por la suba de los remedios"},"content":{"rendered":"<div class=\"wp-block-image\">\n<figure class=\"aligncenter size-full\"><a href=\"https:\/\/www.elsindical.com.ar\/notas\/var\/www\/html\/notas\/wp-content\/uploads\/2019\/09\/medicamentos-gen\u00e9ricos.jpg\"><img loading=\"lazy\" decoding=\"async\" width=\"645\" height=\"429\" src=\"https:\/\/www.elsindical.com.ar\/notas\/var\/www\/html\/notas\/wp-content\/uploads\/2019\/09\/medicamentos-gen\u00e9ricos.jpg\" alt=\"\" class=\"wp-image-90065\" srcset=\"https:\/\/www.elsindical.com.ar\/notas\/var\/www\/html\/notas\/wp-content\/uploads\/2019\/09\/medicamentos-gen\u00e9ricos.jpg 645w, https:\/\/www.elsindical.com.ar\/notas\/var\/www\/html\/notas\/wp-content\/uploads\/2019\/09\/medicamentos-gen\u00e9ricos-300x200.jpg 300w, https:\/\/www.elsindical.com.ar\/notas\/var\/www\/html\/notas\/wp-content\/uploads\/2019\/09\/medicamentos-gen\u00e9ricos-451x300.jpg 451w\" sizes=\"auto, (max-width: 645px) 100vw, 645px\" \/><\/a><\/figure>\n<\/div>\n\n\n<p>   As\u00ed se desprende del informe del CEPROFAR, que advierte sobre la ca\u00edda en la venta de los principales medicamentos en diciembre.<\/p>\n\n\n\n<p><strong>Los precios de los medicamentos m\u00e1s utilizados se dispararon 320% entre enero y diciembre de 2023, y el consumo de los principales f\u00e1rmacos cay\u00f3 20%. \u00a0<\/strong><\/p>\n\n\n\n<p>Los datos surgen de un informe del <strong>Centro de Profesionales Farmac\u00e9uticos Argentinos<\/strong> (CEPROFAR) que se\u00f1alaron que estos valores se ubicaron 100 puntos por encima de la inflaci\u00f3n, que fue del 211% el a\u00f1o pasado.<\/p>\n\n\n\n<p>Entre noviembre y diciembre, tras la finalizaci\u00f3n del congelamiento de precios entre el gobierno anterior y los laboratorios, el alza promedio fue del 90%, y en algunos \u201cmedicamentos muy usados\u201d, las subas superaron el 100%.<\/p>\n\n\n\n<p>El titular de Ceprofar, Rub\u00e9n Sajem, denunci\u00f3 que \u201cen ning\u00fan pa\u00eds del mundo se aumentaron los medicamentos sin control como ahora en la Argentina\u201d.&nbsp;<\/p>\n\n\n\n<h2 class=\"wp-block-heading\">Dejan sus tratamientos<\/h2>\n\n\n\n<p>\u201cLos medicamentos son lo \u00fanico que la gente privilegia para comprar, adem\u00e1s de los alimentos, pero lamentablemente <strong>en diciembre las mediciones indican que dos de cada 10 personas no estar\u00edan pudiendo acceder a sus tratamientos<\/strong>\u201d, se\u00f1al\u00f3 Sajem.<\/p>\n\n\n\n<p>Sajem sostuvo que \u201chay mucha gente, sobre todos los abuelos, que si no tuviesen ayuda familiar, deber\u00edan abandonar tratamientos de alta complejidad\u201d.<\/p>\n\n\n\n<p>Se\u00f1alaron que <strong>las ventas de f\u00e1rmacos cayeron 19% en el \u00faltimo mes, y la perspectiva es que se vengan a\u00fan m\u00e1s abajo durante enero<\/strong>.<\/p>\n\n\n\n<h2 class=\"wp-block-heading\">En busca de acuerdos<\/h2>\n\n\n\n<p>Desde Ceprofar mostraron preocupaci\u00f3n ante la escalada en los precios de los medicamentos, y \u201cla posibilidad de que se vea afectada la entrega gratuita de medicamentos a trav\u00e9s del PAMI\u201d.<\/p>\n\n\n\n<p>Adem\u00e1s, IOMA (la obra social de los estatales de la provincia de Buenos Aires) inform\u00f3 que \u201clos equipos profesionales y t\u00e9cnicos de la obra social est\u00e1n trabajando para llegar a acuerdos con los laboratorios y establecer precios acordes a la realidad y situaci\u00f3n cr\u00edtica por la que atraviesa el pa\u00eds\u201d.<\/p>\n","protected":false},"excerpt":{"rendered":"<p>As\u00ed se desprende del informe del CEPROFAR, que advierte sobre la ca\u00edda en la venta de los principales medicamentos en diciembre. Los precios de los medicamentos m\u00e1s utilizados se dispararon 320% entre enero y diciembre de 2023, y el consumo de los principales f\u00e1rmacos cay\u00f3 20%. \u00a0 Los datos surgen de un informe del Centro&hellip;<\/p>\n","protected":false},"author":1,"featured_media":90065,"comment_status":"open","ping_status":"open","sticky":false,"template":"","format":"standard","meta":{"footnotes":""},"categories":[9],"tags":[1754,42010,2450,44,553],"class_list":["post-127973","post","type-post","status-publish","format-standard","has-post-thumbnail","hentry","category-economia","tag-aumentos","tag-ceprofar","tag-diario-el-sindical","tag-medicamentos","tag-pacientes"],"_links":{"self":[{"href":"https:\/\/www.elsindical.com.ar\/notas\/wp-json\/wp\/v2\/posts\/127973","targetHints":{"allow":["GET"]}}],"collection":[{"href":"https:\/\/www.elsindical.com.ar\/notas\/wp-json\/wp\/v2\/posts"}],"about":[{"href":"https:\/\/www.elsindical.com.ar\/notas\/wp-json\/wp\/v2\/types\/post"}],"author":[{"embeddable":true,"href":"https:\/\/www.elsindical.com.ar\/notas\/wp-json\/wp\/v2\/users\/1"}],"replies":[{"embeddable":true,"href":"https:\/\/www.elsindical.com.ar\/notas\/wp-json\/wp\/v2\/comments?post=127973"}],"version-history":[{"count":1,"href":"https:\/\/www.elsindical.com.ar\/notas\/wp-json\/wp\/v2\/posts\/127973\/revisions"}],"predecessor-version":[{"id":127974,"href":"https:\/\/www.elsindical.com.ar\/notas\/wp-json\/wp\/v2\/posts\/127973\/revisions\/127974"}],"wp:featuredmedia":[{"embeddable":true,"href":"https:\/\/www.elsindical.com.ar\/notas\/wp-json\/wp\/v2\/media\/90065"}],"wp:attachment":[{"href":"https:\/\/www.elsindical.com.ar\/notas\/wp-json\/wp\/v2\/media?parent=127973"}],"wp:term":[{"taxonomy":"category","embeddable":true,"href":"https:\/\/www.elsindical.com.ar\/notas\/wp-json\/wp\/v2\/categories?post=127973"},{"taxonomy":"post_tag","embeddable":true,"href":"https:\/\/www.elsindical.com.ar\/notas\/wp-json\/wp\/v2\/tags?post=127973"}],"curies":[{"name":"wp","href":"https:\/\/api.w.org\/{rel}","templated":true}]}}