{"id":127963,"date":"2024-01-13T23:37:30","date_gmt":"2024-01-14T02:37:30","guid":{"rendered":"https:\/\/www.elsindical.com.ar\/notas\/?p=127963"},"modified":"2024-01-13T23:37:35","modified_gmt":"2024-01-14T02:37:35","slug":"el-futuro-de-la-argentina-esta-en-peligro-asi-dice-la-carta-firmada-por-cientificos-argentinos","status":"publish","type":"post","link":"https:\/\/www.elsindical.com.ar\/notas\/el-futuro-de-la-argentina-esta-en-peligro-asi-dice-la-carta-firmada-por-cientificos-argentinos\/","title":{"rendered":"\u201cEl futuro de la Argentina est\u00e1 en peligro\u201d, as\u00ed dice la carta firmada por cient\u00edficos argentinos"},"content":{"rendered":"<div class=\"wp-block-image\">\n<figure class=\"aligncenter size-full\"><a href=\"https:\/\/www.elsindical.com.ar\/notas\/var\/www\/html\/notas\/wp-content\/uploads\/2024\/01\/carta-cientificos-2024.jpg\"><img loading=\"lazy\" decoding=\"async\" width=\"700\" height=\"583\" src=\"https:\/\/www.elsindical.com.ar\/notas\/var\/www\/html\/notas\/wp-content\/uploads\/2024\/01\/carta-cientificos-2024.jpg\" alt=\"\" class=\"wp-image-127964\" srcset=\"https:\/\/www.elsindical.com.ar\/notas\/var\/www\/html\/notas\/wp-content\/uploads\/2024\/01\/carta-cientificos-2024.jpg 700w, https:\/\/www.elsindical.com.ar\/notas\/var\/www\/html\/notas\/wp-content\/uploads\/2024\/01\/carta-cientificos-2024-300x250.jpg 300w, https:\/\/www.elsindical.com.ar\/notas\/var\/www\/html\/notas\/wp-content\/uploads\/2024\/01\/carta-cientificos-2024-360x300.jpg 360w\" sizes=\"auto, (max-width: 700px) 100vw, 700px\" \/><\/a><\/figure>\n<\/div>\n\n\n<p class=\"wp-block-paragraph\">\u201cEl futuro de la Argentina est\u00e1 en peligro\u201d, as\u00ed dice la carta firmada por m\u00e1s de 80 reconocidos cient\u00edficos argentinos ante el DNU del presidente, Javier Milei.<br><br>En el marco del debate parlamentario por lo que se conoce como la Ley \u00d3mnibus o Bases y Puntos de partida para la Libertad de los Argentinos; y previamente el DNU, los cient\u00edficos argentinos quisieron hacer o\u00edr su voz.<br><br>La misiva firmada por m\u00e1s de 80 hombres y mujeres de la ciencia nacional se manifiestan estar \u201calarmados por la posible p\u00e9rdida y deterioro de los recursos y las capacidades estrat\u00e9gicas del pa\u00eds\u201d, debido al DNU 70\/2023.<br><br>Los firmantes, que se desempe\u00f1an en distintas \u00e1reas y disciplinas de la ciencia, y en organismos p\u00fablicos y privados, enumeraron una serie de aspectos presentes que, seg\u00fan afirmaron, representan \u201cuna condena de muerte a capacidades nacionales que son fundamentales para las posibilidades de desarrollo a futuro\u201d.<br><br>Gabriel Rabinovich, Juliana Cassataro, Raquel Chan, Sandra Diaz, Alicia Dickenstein, Guillermo Docena, Andrea Gamarnik y Alberto Kornblihtt, son solo algunas de las m\u00e1s de 80 personalidades de la ciencia que rubrican esta carta que, seg\u00fan indicaron, \u201ctiene como objetivo llamar la atenci\u00f3n de los legisladores ante la posibilidad que brinda el DNU de \u201cventa y\/o cesi\u00f3n irrestricta a capitales extranjeros de territorio (incluidos aguas y glaciares), cielos, espacio exterior y empresas estrat\u00e9gicas\u201d.<\/p>\n","protected":false},"excerpt":{"rendered":"<p>\u201cEl futuro de la Argentina est\u00e1 en peligro\u201d, as\u00ed dice la carta firmada por m\u00e1s de 80 reconocidos cient\u00edficos argentinos ante el DNU del presidente, Javier Milei. En el marco del debate parlamentario por lo que se conoce como la Ley \u00d3mnibus o Bases y Puntos de partida para la Libertad de los Argentinos; y&hellip;<\/p>\n","protected":false},"author":1,"featured_media":127964,"comment_status":"open","ping_status":"open","sticky":false,"template":"","format":"standard","meta":{"footnotes":""},"categories":[13,25],"tags":[42007,2450,2187,28812,41863],"class_list":["post-127963","post","type-post","status-publish","format-standard","has-post-thumbnail","hentry","category-politica","category-sociedad","tag-carta-cientificos","tag-diario-el-sindical","tag-dnu","tag-javier-milei","tag-ley-omnibus"],"_links":{"self":[{"href":"https:\/\/www.elsindical.com.ar\/notas\/wp-json\/wp\/v2\/posts\/127963","targetHints":{"allow":["GET"]}}],"collection":[{"href":"https:\/\/www.elsindical.com.ar\/notas\/wp-json\/wp\/v2\/posts"}],"about":[{"href":"https:\/\/www.elsindical.com.ar\/notas\/wp-json\/wp\/v2\/types\/post"}],"author":[{"embeddable":true,"href":"https:\/\/www.elsindical.com.ar\/notas\/wp-json\/wp\/v2\/users\/1"}],"replies":[{"embeddable":true,"href":"https:\/\/www.elsindical.com.ar\/notas\/wp-json\/wp\/v2\/comments?post=127963"}],"version-history":[{"count":1,"href":"https:\/\/www.elsindical.com.ar\/notas\/wp-json\/wp\/v2\/posts\/127963\/revisions"}],"predecessor-version":[{"id":127965,"href":"https:\/\/www.elsindical.com.ar\/notas\/wp-json\/wp\/v2\/posts\/127963\/revisions\/127965"}],"wp:featuredmedia":[{"embeddable":true,"href":"https:\/\/www.elsindical.com.ar\/notas\/wp-json\/wp\/v2\/media\/127964"}],"wp:attachment":[{"href":"https:\/\/www.elsindical.com.ar\/notas\/wp-json\/wp\/v2\/media?parent=127963"}],"wp:term":[{"taxonomy":"category","embeddable":true,"href":"https:\/\/www.elsindical.com.ar\/notas\/wp-json\/wp\/v2\/categories?post=127963"},{"taxonomy":"post_tag","embeddable":true,"href":"https:\/\/www.elsindical.com.ar\/notas\/wp-json\/wp\/v2\/tags?post=127963"}],"curies":[{"name":"wp","href":"https:\/\/api.w.org\/{rel}","templated":true}]}}