{"id":127927,"date":"2024-01-12T11:09:59","date_gmt":"2024-01-12T14:09:59","guid":{"rendered":"https:\/\/www.elsindical.com.ar\/notas\/?p=127927"},"modified":"2024-01-12T11:10:03","modified_gmt":"2024-01-12T14:10:03","slug":"avellaneda-la-multisectorial-le-dice-no-al-dnu-y-a-la-ley-omnibus","status":"publish","type":"post","link":"https:\/\/www.elsindical.com.ar\/notas\/avellaneda-la-multisectorial-le-dice-no-al-dnu-y-a-la-ley-omnibus\/","title":{"rendered":"Avellaneda: La Multisectorial le dice no al DNU y a la Ley \u00d3mnibus"},"content":{"rendered":"<div class=\"wp-block-image\">\n<figure class=\"aligncenter size-large\"><a href=\"https:\/\/www.elsindical.com.ar\/notas\/var\/www\/html\/notas\/wp-content\/uploads\/2024\/01\/Multisectorial-Avellaneda.jpg\"><img loading=\"lazy\" decoding=\"async\" width=\"1024\" height=\"576\" src=\"https:\/\/www.elsindical.com.ar\/notas\/var\/www\/html\/notas\/wp-content\/uploads\/2024\/01\/Multisectorial-Avellaneda-1024x576.jpg\" alt=\"\" class=\"wp-image-127928\" srcset=\"https:\/\/www.elsindical.com.ar\/notas\/var\/www\/html\/notas\/wp-content\/uploads\/2024\/01\/Multisectorial-Avellaneda-1024x576.jpg 1024w, https:\/\/www.elsindical.com.ar\/notas\/var\/www\/html\/notas\/wp-content\/uploads\/2024\/01\/Multisectorial-Avellaneda-300x169.jpg 300w, https:\/\/www.elsindical.com.ar\/notas\/var\/www\/html\/notas\/wp-content\/uploads\/2024\/01\/Multisectorial-Avellaneda-768x432.jpg 768w, https:\/\/www.elsindical.com.ar\/notas\/var\/www\/html\/notas\/wp-content\/uploads\/2024\/01\/Multisectorial-Avellaneda-500x281.jpg 500w, https:\/\/www.elsindical.com.ar\/notas\/var\/www\/html\/notas\/wp-content\/uploads\/2024\/01\/Multisectorial-Avellaneda-460x260.jpg 460w, https:\/\/www.elsindical.com.ar\/notas\/var\/www\/html\/notas\/wp-content\/uploads\/2024\/01\/Multisectorial-Avellaneda.jpg 1200w\" sizes=\"auto, (max-width: 1024px) 100vw, 1024px\" \/><\/a><\/figure>\n<\/div>\n\n\n<p>\u00abLas medidas tomadas por el Gobierno nacional buscan destruir gran parte del entramado socio productivo y los trabajadores y trabajadoras son los principales afectados\u00bb, advirtieron desde la Multisectorial de Avellaneda.<\/p>\n\n\n\n<p><strong>La Multisectorial del Trabajo y la Producci\u00f3n de Avellaneda se reuni\u00f3 en las \u00faltimas horas en rechazo al mega DNU y la<\/strong> <strong>Ley<\/strong> <strong>\u00d3mnibus<\/strong>, impulsadas por el gobierno de Javier Milei.<\/p>\n\n\n\n<p><strong>\u201cLas medidas tomadas por el Gobierno nacional buscan destruir gran parte del entramado socio productivo y los trabajadores y trabajadoras son los principales afectados\u201d<\/strong>, advirtieron.<\/p>\n\n\n\n<p>Trabajadores de la CGT; CTA de los Trabajadores y Aut\u00f3noma; UTEP; de la UTN y la Undav; economistas del Foro Econom\u00eda y Trabajo; asociaciones pymes y del cooperativismo; comerciantes y gastron\u00f3micos, se reunieron para decirle NO al avasallamiento de sus derechos.<\/p>\n\n\n\n<p><strong>La Multisectorial de Avellaneda se conform\u00f3 esta semana<\/strong>, en el marco de un encuentro del que particip\u00f3 el intendente Jorge Ferraresi. Est\u00e1 conformada por representantes de casi una docena de partidos pol\u00edticos locales, ex intendentes, concejales y ex concejales.<\/p>\n\n\n\n<p><strong>\u201cEn tiempos como los que se aproximan, es fundamental que la clase pol\u00edtica est\u00e9 a la altura de los desaf\u00edos y ponga en valor cada contrato electoral por el cual fuimos elegidos por los vecinos y vecinas de Avellaneda para representarlos y defender sus intereses\u201d<\/strong>, sostuvo el Intendente en esa ocasi\u00f3n.<\/p>\n","protected":false},"excerpt":{"rendered":"<p>\u00abLas medidas tomadas por el Gobierno nacional buscan destruir gran parte del entramado socio productivo y los trabajadores y trabajadoras son los principales afectados\u00bb, advirtieron desde la Multisectorial de Avellaneda. La Multisectorial del Trabajo y la Producci\u00f3n de Avellaneda se reuni\u00f3 en las \u00faltimas horas en rechazo al mega DNU y la Ley \u00d3mnibus, impulsadas&hellip;<\/p>\n","protected":false},"author":1,"featured_media":127928,"comment_status":"open","ping_status":"open","sticky":false,"template":"","format":"standard","meta":{"footnotes":""},"categories":[13],"tags":[910,184,2450,28812,41997,32082,16708],"class_list":["post-127927","post","type-post","status-publish","format-standard","has-post-thumbnail","hentry","category-politica","tag-cgt","tag-cta","tag-diario-el-sindical","tag-javier-milei","tag-multisectorial-avellaneda","tag-utep","tag-utn"],"_links":{"self":[{"href":"https:\/\/www.elsindical.com.ar\/notas\/wp-json\/wp\/v2\/posts\/127927","targetHints":{"allow":["GET"]}}],"collection":[{"href":"https:\/\/www.elsindical.com.ar\/notas\/wp-json\/wp\/v2\/posts"}],"about":[{"href":"https:\/\/www.elsindical.com.ar\/notas\/wp-json\/wp\/v2\/types\/post"}],"author":[{"embeddable":true,"href":"https:\/\/www.elsindical.com.ar\/notas\/wp-json\/wp\/v2\/users\/1"}],"replies":[{"embeddable":true,"href":"https:\/\/www.elsindical.com.ar\/notas\/wp-json\/wp\/v2\/comments?post=127927"}],"version-history":[{"count":1,"href":"https:\/\/www.elsindical.com.ar\/notas\/wp-json\/wp\/v2\/posts\/127927\/revisions"}],"predecessor-version":[{"id":127929,"href":"https:\/\/www.elsindical.com.ar\/notas\/wp-json\/wp\/v2\/posts\/127927\/revisions\/127929"}],"wp:featuredmedia":[{"embeddable":true,"href":"https:\/\/www.elsindical.com.ar\/notas\/wp-json\/wp\/v2\/media\/127928"}],"wp:attachment":[{"href":"https:\/\/www.elsindical.com.ar\/notas\/wp-json\/wp\/v2\/media?parent=127927"}],"wp:term":[{"taxonomy":"category","embeddable":true,"href":"https:\/\/www.elsindical.com.ar\/notas\/wp-json\/wp\/v2\/categories?post=127927"},{"taxonomy":"post_tag","embeddable":true,"href":"https:\/\/www.elsindical.com.ar\/notas\/wp-json\/wp\/v2\/tags?post=127927"}],"curies":[{"name":"wp","href":"https:\/\/api.w.org\/{rel}","templated":true}]}}