{"id":127786,"date":"2024-01-07T14:01:34","date_gmt":"2024-01-07T17:01:34","guid":{"rendered":"https:\/\/www.elsindical.com.ar\/notas\/?p=127786"},"modified":"2024-01-07T14:01:40","modified_gmt":"2024-01-07T17:01:40","slug":"the-guardian-describio-el-gobierno-de-milei-como-parte-de-una-oscura-red-politica","status":"publish","type":"post","link":"https:\/\/www.elsindical.com.ar\/notas\/the-guardian-describio-el-gobierno-de-milei-como-parte-de-una-oscura-red-politica\/","title":{"rendered":"The Guardian describi\u00f3 el gobierno de Milei como parte de una oscura red pol\u00edtica"},"content":{"rendered":"<div class=\"wp-block-image\">\n<figure class=\"aligncenter size-full\"><a href=\"https:\/\/www.elsindical.com.ar\/notas\/var\/www\/html\/notas\/wp-content\/uploads\/2024\/01\/The-Guardian-sobre-Milei.jpg\"><img loading=\"lazy\" decoding=\"async\" width=\"700\" height=\"467\" src=\"https:\/\/www.elsindical.com.ar\/notas\/var\/www\/html\/notas\/wp-content\/uploads\/2024\/01\/The-Guardian-sobre-Milei.jpg\" alt=\"\" class=\"wp-image-127787\" srcset=\"https:\/\/www.elsindical.com.ar\/notas\/var\/www\/html\/notas\/wp-content\/uploads\/2024\/01\/The-Guardian-sobre-Milei.jpg 700w, https:\/\/www.elsindical.com.ar\/notas\/var\/www\/html\/notas\/wp-content\/uploads\/2024\/01\/The-Guardian-sobre-Milei-300x200.jpg 300w, https:\/\/www.elsindical.com.ar\/notas\/var\/www\/html\/notas\/wp-content\/uploads\/2024\/01\/The-Guardian-sobre-Milei-450x300.jpg 450w\" sizes=\"auto, (max-width: 700px) 100vw, 700px\" \/><\/a><\/figure>\n<\/div>\n\n\n<p class=\"wp-block-paragraph\">   Mientras los grandes medios locales, parecen carecer de capacidad para hacer una nota que describa la realidad pol\u00edtica y social que se vive en la Argentina, el prestigioso diario The Guardian publica un lapidario art\u00edculo sobre las medidas de Javier Milei y las similitudes con otros gobiernos de derecha.<\/p>\n\n\n\n<p class=\"wp-block-paragraph\">Firmada por el periodista George Monbiot, la nota titulada \u201c<strong>\u00bfQu\u00e9 vincula a Rishi Sunak, Javier Milei y Donald Trump? La oscura red detr\u00e1s de sus pol\u00edticas<\/strong>\u201d<em>&nbsp;<\/em>(<em>What links Rishi Sunak, Javier Milei and Donald Trump? The shadowy network behind their policies<\/em>, en ingl\u00e9s) hace referencia a las medidas econ\u00f3micas que anunci\u00f3 el Presidente en las \u00faltimas semanas, y las compara con las que aplicaron otros gobiernos a lo largo de la historia. \u201cMilei est\u00e1 intentando, con un&nbsp;<strong>vasto \u2018decreto de \u2018emergencia y un monstruoso \u2018proyecto de ley de reforma\u2019<\/strong>, lo que los conservadores hicieron en el Reino Unido durante 45 a\u00f1os\u201d, afirm\u00f3.<\/p>\n\n\n\n<p class=\"wp-block-paragraph\">\u201c<strong>Hay elementos del fascismo<\/strong>, elementos tomados prestados del Estado chino y elementos que reflejan la historia de dictadura de Argentina\u201d, agreg\u00f3.<\/p>\n\n\n\n<p class=\"wp-block-paragraph\">El art\u00edculo tambi\u00e9n indaga en c\u00f3mo estas \u201cpol\u00edticas de shock\u201d tienen \u201csorprendentes similitudes\u201d con el plan econ\u00f3mico que present\u00f3 en su momento&nbsp;<strong>Liz Truss, la exprimera ministra del Reino Unido&nbsp;<\/strong>que asumi\u00f3 el cargo en septiembre de 2022 y,&nbsp;<strong>renunci\u00f3 s\u00f3lo 44 d\u00edas despu\u00e9s&nbsp;<\/strong>debido a la grave crisis pol\u00edtica que se desat\u00f3. \u201cDestruy\u00f3 las perspectivas de muchas personas pobres y de clase media y&nbsp;<strong>exacerb\u00f3 la agitaci\u00f3n que ahora domina la vida p\u00fablica<\/strong>\u201d, determin\u00f3.<\/p>\n\n\n\n<p class=\"wp-block-paragraph\">A su vez, asegur\u00f3 que la similitud entre dichas pol\u00edticas no es una coincidencia, sino que estar\u00edan&nbsp;<strong>influenciadas por los&nbsp;<\/strong><em><strong>think tanks<\/strong><\/em><strong>&nbsp;liberales que componen la supuesta red global \u201cAtlas Network\u201d<\/strong>, con sede en Estados Unidos. El diario describe asegura que esta organizaci\u00f3n \u201cpromueve, en t\u00e9rminos generales, el mismo paquete pol\u00edtico y econ\u00f3mico en todos los lugares en donde opera\u201d. \u201cPodr\u00edamos describir ciertas pol\u00edticas como las de<strong>&nbsp;Milei<\/strong>,<strong>&nbsp;<\/strong>(Jair)<strong>&nbsp;Bolsonaro<\/strong>,<strong>&nbsp;Truss<\/strong>, (Boris)<strong>&nbsp;Johnson&nbsp;<\/strong>o (Rishi)&nbsp;<strong>Sunak<\/strong>, pero todas son variaciones de los mismos temas, ideadas y perfeccionadas por los \u2018tanques de basura\u2019 que pertenecen a la misma red.&nbsp;<strong>Esos presidentes y primeros ministros son s\u00f3lo las caras que presenta el programa<\/strong>\u201d, denuncia el art\u00edculo.<\/p>\n\n\n\n<p class=\"wp-block-paragraph\"><em>The Guardian\u00a0<\/em>afirm\u00f3 que \u201cson un medio muy eficaz para disfrazar y acumular poder.\u00a0<strong>Son el canal a trav\u00e9s del cual los multimillonarios y las corporaciones influyen en la pol\u00edtica sin mostrar sus manos<\/strong>\u201d. \u201cAs\u00ed es como las\u00a0<strong>democracias nominales se convierten en nuevas aristocracias<\/strong>\u201d, acot\u00f3.<\/p>\n\n\n\n<p class=\"wp-block-paragraph\">En \u00faltimo lugar, el medio asegur\u00f3 que Milei lleg\u00f3 para \u201cllenar el vac\u00edo que dej\u00f3 el grave \u2018desgobierno\u2019 de sus predecesores, y es capaz de imponer pol\u00edticas que, de otro modo, encontrar\u00edan una feroz resistencia\u201d. \u201c<strong>La clase media y baja est\u00e1n a punto de pagar un precio terrible<\/strong>\u201d, alert\u00f3, y finaliz\u00f3 haciendo una nueva comparaci\u00f3n: \u201c\u00bfC\u00f3mo sabemos? Porque se aplicaron programas muy similares a otros pa\u00edses, empezando por el vecino de Argentina, Chile,\u00a0<strong>despu\u00e9s del golpe de Augusto Pinochet en 1973<\/strong>\u2033.<\/p>\n\n\n\n<h2 class=\"wp-block-heading\">Los operadores locales que manejan la justicia y la corrupci\u00f3n empresarial<\/h2>\n\n\n\n<p class=\"wp-block-paragraph\">   Lo que The Guardian no menciona es quienes son los grandes operadores judiciales de la Argentina que se dedican desde hace m\u00e1s de 30 a\u00f1os a influir en la justicia para beneficiar a poderosas empresas, muchas internacionales que han encontrado en la Argentina un pa\u00eds permeable a la corrupci\u00f3n y se animan a realizar actos que en Europa no realizan, pero s\u00ed en Lationam\u00e9rica donde las instituciones son f\u00e1ciles de comprar por la codicia que genera el d\u00f3lar y los euros.<\/p>\n\n\n\n<p class=\"wp-block-paragraph\">Nadie puede desconocer que los grandes estudios jur\u00eddicos de la Argentina tienen las manos manchadas de corrupci\u00f3n, as\u00ed como nadie que conozca el ambiente judicial puede dudar del irregular y sospechoso patrimonio de magistrados que no alcanza solo a jueces o fiscales sino tambi\u00e9n a secretarios y empleados judiciales que se benefician de fallos acordados.<\/p>\n\n\n\n<p class=\"wp-block-paragraph\">Cuando Milei y otros hablan de \u00abla industria de los juicios laborales\u00bb, curiosamente NUNCA han dado un nombre o un caso, eso de por s\u00ed, deber\u00eda ser motivo para sospechar de la veracidad de sus afirmaciones que solo las usan para repetir como un mantra y crear la idea en la sociedad de que existe algo oscuro en los reclamos laborales a los que adem\u00e1s les endilgan el quiebre de empresas y Pymes.<\/p>\n\n\n\n<p class=\"wp-block-paragraph\">Los juicios laborales realmente importantes en millones fueron llevados adelante por estudios grandes, con v\u00ednculos pol\u00edticos y llegada a la Suprema Corte, quiz\u00e1s por eso no se animan a dar nombres.<\/p>\n\n\n\n<p class=\"wp-block-paragraph\">El impresentable de Federico Adolfo Sturzenegger, quien se muestra sonriente en las entrevistas, autor de las reformas irresponsables que firmo Javier Milei, deber\u00eda estar de m\u00ednima procesado y ni decir con una condena por varias de sus acciones que son ilegales, pero pudo cometer con impunidad por la \u00abprotecci\u00f3n judicial\u00bb que siempre le brind\u00f3 su jefe pol\u00edtico Mauricio Macri. <\/p>\n\n\n\n<p class=\"wp-block-paragraph\">As\u00ed como menciono que nunca han dado un nombre o un caso, voy a citar una demanda laboral en la que <strong>Federico Sturzenegger<\/strong> y <strong>Juan Ernesto Curutchet<\/strong> intervinieron para beneficiar a la multinacional Atlas Copco, en una demanda por un ingeniero despedido Daniel Yoan, para frenar la demanda y que esta no prospere no falt\u00f3 nadie, por el lado de la empresa contrataron a varios estudios jur\u00eddicos que actuaban coordinados por el poderoso estudio Anzorreguy, integrado por <strong>Hugo Anzorreguy <\/strong>ex jefe de la ex SIDE de <strong>Carlos Sa\u00fal Menem <\/strong>y hombre de gran poder, en un audio grabado en el <strong>Hotel Sheraton Park Tower<\/strong>, Juan Ernesto Curutchet, miembro del estudio jur\u00eddico bancario m\u00e1s importante del pa\u00eds, habla con representantes de Atlas Copco llegados al pa\u00eds por el caso donde hab\u00eda en juego una demanda por 20 millones de d\u00f3lares, describe con nombre y apellido, los montos en millones de pesos entregados a camaristas del fuero laboral y garantiza el apoyo del Banco Ciudad y su presidente Federico Sturzenegger y el del entonces Jefe de Gobierno de la Ciudad <strong>Mauricio Macri<\/strong>, la historia es extensa, pero esta breve referencia es para que quien quiera se informe y para recordarle a personajes como Sturzenegger y Macri, que hace muchos a\u00f1os vienen interfiriendo en la justicia en beneficio de grandes empresas y empresarios \u00abamigos\u00bb y socios de los mencionados. Durante 4 a\u00f1os investigue las maniobras irregulares de cientos de abogados vinculados a lo m\u00e1s alto en el Poder Judicial y sus v\u00ednculos con los gobiernos que condujo Mauricio Macri, donde muchos obten\u00edan contratos en miles de d\u00f3lares por asesoramientos que nunca realizaron, entre otros beneficios.<\/p>\n\n\n\n<p class=\"wp-block-paragraph\">El vaciamiento de las arcas del Estado tiene nombres que hoy se repiten en el entorno presidencial, NO ES CASUALIDAD, Javier Milei, es en realidad \u00abel gatito\u00bb de las corporaciones, por m\u00e1s gritos y miradas que ensaye, no es quien gobierna, se vot\u00f3 a un fraude, a un simple empleado que lo usan para poner la cara y de paso si esto falla antes de tiempo, porque m\u00e1s tarde o temprano va a fallar, ser\u00e1 \u00abel perejil VIP\u00bb de los errores, total, nadie le va a creer al loco cuando se quiera defender.<\/p>\n\n\n\n<p class=\"wp-block-paragraph\">La VEN los medios extranjeros, NO LA VEN nuestros pedorros y c\u00f3mplices \u00abgrandes medios\u00bb, hasta Cr\u00f3nica que se dice del Pueblo tiene a varios periodistas que desde que gan\u00f3 Milei, cambiaron su discurso, hablan de la herencia, de darle tiempo y de que tal vez salga bien, cuando todos saben que lo \u00fanico que crece es la recaudaci\u00f3n de las grandes empresas beneficiadas por los aumentos desmedidos y descontrolados, donde el Estado est\u00e1 ausente y te dicen que est\u00e1 bien, que el mercado regula el precio, entonces, en una semana te aumentan un producto un 60% y a la otra lo bajan un 10% para darle pie a estos medios mercenarios a decirte que los precios est\u00e1n bajando, digo, tan ignorantes son los argentinos ??.<\/p>\n\n\n\n<p class=\"wp-block-paragraph\">Por Marcelo Ricardo Hawrylciw<\/p>\n","protected":false},"excerpt":{"rendered":"<p>Mientras los grandes medios locales, parecen carecer de capacidad para hacer una nota que describa la realidad pol\u00edtica y social que se vive en la Argentina, el prestigioso diario The Guardian publica un lapidario art\u00edculo sobre las medidas de Javier Milei y las similitudes con otros gobiernos de derecha. Firmada por el periodista George Monbiot,&hellip;<\/p>\n","protected":false},"author":1,"featured_media":127787,"comment_status":"open","ping_status":"open","sticky":false,"template":"","format":"standard","meta":{"footnotes":""},"categories":[10,13],"tags":[4861,6879,1451,2450,24748,22023,37,41953,28812,76,18902],"class_list":["post-127786","post","type-post","status-publish","format-standard","has-post-thumbnail","hentry","category-editorial","category-politica","tag-atlas-copco","tag-carlos-menem","tag-corrupcion","tag-diario-el-sindical","tag-donald-trump","tag-economia","tag-federico-sturzenegger","tag-george-monbiot","tag-javier-milei","tag-mauricio-macri","tag-the-guardian"],"_links":{"self":[{"href":"https:\/\/www.elsindical.com.ar\/notas\/wp-json\/wp\/v2\/posts\/127786","targetHints":{"allow":["GET"]}}],"collection":[{"href":"https:\/\/www.elsindical.com.ar\/notas\/wp-json\/wp\/v2\/posts"}],"about":[{"href":"https:\/\/www.elsindical.com.ar\/notas\/wp-json\/wp\/v2\/types\/post"}],"author":[{"embeddable":true,"href":"https:\/\/www.elsindical.com.ar\/notas\/wp-json\/wp\/v2\/users\/1"}],"replies":[{"embeddable":true,"href":"https:\/\/www.elsindical.com.ar\/notas\/wp-json\/wp\/v2\/comments?post=127786"}],"version-history":[{"count":1,"href":"https:\/\/www.elsindical.com.ar\/notas\/wp-json\/wp\/v2\/posts\/127786\/revisions"}],"predecessor-version":[{"id":127788,"href":"https:\/\/www.elsindical.com.ar\/notas\/wp-json\/wp\/v2\/posts\/127786\/revisions\/127788"}],"wp:featuredmedia":[{"embeddable":true,"href":"https:\/\/www.elsindical.com.ar\/notas\/wp-json\/wp\/v2\/media\/127787"}],"wp:attachment":[{"href":"https:\/\/www.elsindical.com.ar\/notas\/wp-json\/wp\/v2\/media?parent=127786"}],"wp:term":[{"taxonomy":"category","embeddable":true,"href":"https:\/\/www.elsindical.com.ar\/notas\/wp-json\/wp\/v2\/categories?post=127786"},{"taxonomy":"post_tag","embeddable":true,"href":"https:\/\/www.elsindical.com.ar\/notas\/wp-json\/wp\/v2\/tags?post=127786"}],"curies":[{"name":"wp","href":"https:\/\/api.w.org\/{rel}","templated":true}]}}