{"id":127741,"date":"2024-01-05T01:28:06","date_gmt":"2024-01-05T04:28:06","guid":{"rendered":"https:\/\/www.elsindical.com.ar\/notas\/?p=127741"},"modified":"2024-01-05T02:11:06","modified_gmt":"2024-01-05T05:11:06","slug":"el-gobierno-recurrira-a-la-corte-suprema-por-el-fallo-contra-el-dnu","status":"publish","type":"post","link":"https:\/\/www.elsindical.com.ar\/notas\/el-gobierno-recurrira-a-la-corte-suprema-por-el-fallo-contra-el-dnu\/","title":{"rendered":"El Gobierno recurrir\u00e1 a la Corte Suprema por el fallo contra el DNU"},"content":{"rendered":"<div class=\"wp-block-image\">\n<figure class=\"aligncenter size-full\"><a href=\"https:\/\/www.elsindical.com.ar\/notas\/var\/www\/html\/notas\/wp-content\/uploads\/2024\/01\/Manuel-Adorni-vocero.jpg\"><img loading=\"lazy\" decoding=\"async\" width=\"700\" height=\"394\" src=\"https:\/\/www.elsindical.com.ar\/notas\/var\/www\/html\/notas\/wp-content\/uploads\/2024\/01\/Manuel-Adorni-vocero.jpg\" alt=\"\" class=\"wp-image-127742\" srcset=\"https:\/\/www.elsindical.com.ar\/notas\/var\/www\/html\/notas\/wp-content\/uploads\/2024\/01\/Manuel-Adorni-vocero.jpg 700w, https:\/\/www.elsindical.com.ar\/notas\/var\/www\/html\/notas\/wp-content\/uploads\/2024\/01\/Manuel-Adorni-vocero-300x169.jpg 300w, https:\/\/www.elsindical.com.ar\/notas\/var\/www\/html\/notas\/wp-content\/uploads\/2024\/01\/Manuel-Adorni-vocero-500x281.jpg 500w, https:\/\/www.elsindical.com.ar\/notas\/var\/www\/html\/notas\/wp-content\/uploads\/2024\/01\/Manuel-Adorni-vocero-460x260.jpg 460w\" sizes=\"auto, (max-width: 700px) 100vw, 700px\" \/><\/a><\/figure>\n<\/div>\n\n\n<p>As\u00ed lo adelant\u00f3 el portavoz presidencial, Manuel Adorni, quien adem\u00e1s asegur\u00f3 que la administraci\u00f3n pedir\u00e1 \u00abla incompetencia\u00bb de la C\u00e1mara Nacional de Apelaciones del Trabajo para intervenir en la cuesti\u00f3n de decreto de necesidad y urgencia presentado por Javier Milei el 21 de diciembre por entender que el fuero correspondiente es el Contencioso Administrativo.<\/p>\n\n\n\n<p>El portavoz presidencial,&nbsp;<strong>Manuel Adorni<\/strong>, anunci\u00f3 este jueves que el&nbsp;<strong>Gobierno nacional apelar\u00e1<\/strong>, mediante un recurso extraordinario a la Corte Suprema de Justicia, el fallo dictado por la C\u00e1mara Nacional de Apelaciones del Trabajo, a ra\u00edz de una presentaci\u00f3n de la Confederaci\u00f3n General del Trabajo (<strong>CGT<\/strong>)- en&nbsp;contra de las reformas en materia laboral incluidas en el DNU&nbsp;firmado d\u00edas atr\u00e1s por el presidente Javier Milei.<\/p>\n\n\n\n<p>En una rueda de prensa, Adorni dijo que el Gobierno tambi\u00e9n&nbsp;<strong>pedir\u00e1 \u201cla incompetencia\u201d de la C\u00e1mara del Trabajo para intervenir en la cuesti\u00f3n por entender que el fuero correspondiente es el Contencioso Administrativo<\/strong>.<\/p>\n\n\n\n<p>\u201cTodo esto va en contra de la jurisprudencia en esta materia\u201d, sostuvo el funcionario.<\/p>\n\n\n\n<p>Adorni asegur\u00f3 adem\u00e1s que&nbsp;<strong>el Decreto de Necesidad y Urgencia (DNU) \u201cdefiende a las claras la libertad de la gente en materia laboral y salud\u201d<\/strong>, entre otras cuestiones.<\/p>\n\n\n\n<p>Consider\u00f3 que \u201c<strong>si algo ha fracasado en la Argentina es la legislaci\u00f3n laboral, o parte de ella<\/strong>\u201c, y sostuvo que \u201cdefender salarios miserables, la informalidad y la dificultad de conseguir empleo de calidad, m\u00e1s que derechos adquiridos, han sido batallas que el pa\u00eds fue perdiendo\u201d y que el Gobierno nacional \u201cquiere recuperar\u201d.<\/p>\n\n\n\n<p>Vale aclarar que los dichos del vocero presidencial, son un conjunto de burradas jur\u00eddicas en cuanto a lo que dijo en conferencia el gobierno entiende y son solo dichos para su n\u00facleo duro donde el gobierno suele jugar a la v\u00edctima-<\/p>\n\n\n\n<h2 class=\"wp-block-heading\">\u201cEn el Gobierno no hay una sola interna\u201d<\/h2>\n\n\n\n<p>Adorni&nbsp;<strong>neg\u00f3 la existencia de \u201cinternas\u201d entre funcionarios del Gobierno<\/strong>, a ra\u00edz de la presentaci\u00f3n en el Congreso de la llamada \u201cLey \u00f3mnibus\u201d, y calific\u00f3 de \u201crumor\u201d a una informaci\u00f3n acerca de que el ministro del Interior, Guillermo Francos, habr\u00eda presentado la renuncia al cargo.<\/p>\n\n\n\n<p><strong>\u201cEn el Gobierno no hay una sola interna. Todo es rumor. En l\u00ednea con esos rumores, lo de Francos es solo un rumor que gener\u00f3 la prensa sin ning\u00fan tipo de sustento. Es falso de toda falsedad\u201d<\/strong>, respondi\u00f3 Adorni a una consulta recibida en su habitual conferencia de prensa diaria en Casa Rosada.<\/p>\n\n\n\n<figure class=\"wp-block-embed is-type-video is-provider-youtube wp-block-embed-youtube wp-embed-aspect-16-9 wp-has-aspect-ratio\"><div class=\"wp-block-embed__wrapper\">\n<iframe loading=\"lazy\" title=\"El gobierno apelar\u00e1 el fallo que frena el DNU, pero los argumentos son un mamarracho\" width=\"700\" height=\"394\" src=\"https:\/\/www.youtube.com\/embed\/UMfgvWPgRBA?feature=oembed\" frameborder=\"0\" allow=\"accelerometer; autoplay; clipboard-write; encrypted-media; gyroscope; picture-in-picture; web-share\" allowfullscreen><\/iframe>\n<\/div><\/figure>\n","protected":false},"excerpt":{"rendered":"<p>As\u00ed lo adelant\u00f3 el portavoz presidencial, Manuel Adorni, quien adem\u00e1s asegur\u00f3 que la administraci\u00f3n pedir\u00e1 \u00abla incompetencia\u00bb de la C\u00e1mara Nacional de Apelaciones del Trabajo para intervenir en la cuesti\u00f3n de decreto de necesidad y urgencia presentado por Javier Milei el 21 de diciembre por entender que el fuero correspondiente es el Contencioso Administrativo. El&hellip;<\/p>\n","protected":false},"author":1,"featured_media":127742,"comment_status":"open","ping_status":"open","sticky":false,"template":"","format":"standard","meta":{"footnotes":""},"categories":[13],"tags":[335,733,2450,2187,197,28812,41770,41918],"class_list":["post-127741","post","type-post","status-publish","format-standard","has-post-thumbnail","hentry","category-politica","tag-apelacion","tag-corte-suprema","tag-diario-el-sindical","tag-dnu","tag-fallo","tag-javier-milei","tag-manuel-adorni","tag-vocero-presidencial"],"_links":{"self":[{"href":"https:\/\/www.elsindical.com.ar\/notas\/wp-json\/wp\/v2\/posts\/127741","targetHints":{"allow":["GET"]}}],"collection":[{"href":"https:\/\/www.elsindical.com.ar\/notas\/wp-json\/wp\/v2\/posts"}],"about":[{"href":"https:\/\/www.elsindical.com.ar\/notas\/wp-json\/wp\/v2\/types\/post"}],"author":[{"embeddable":true,"href":"https:\/\/www.elsindical.com.ar\/notas\/wp-json\/wp\/v2\/users\/1"}],"replies":[{"embeddable":true,"href":"https:\/\/www.elsindical.com.ar\/notas\/wp-json\/wp\/v2\/comments?post=127741"}],"version-history":[{"count":2,"href":"https:\/\/www.elsindical.com.ar\/notas\/wp-json\/wp\/v2\/posts\/127741\/revisions"}],"predecessor-version":[{"id":127744,"href":"https:\/\/www.elsindical.com.ar\/notas\/wp-json\/wp\/v2\/posts\/127741\/revisions\/127744"}],"wp:featuredmedia":[{"embeddable":true,"href":"https:\/\/www.elsindical.com.ar\/notas\/wp-json\/wp\/v2\/media\/127742"}],"wp:attachment":[{"href":"https:\/\/www.elsindical.com.ar\/notas\/wp-json\/wp\/v2\/media?parent=127741"}],"wp:term":[{"taxonomy":"category","embeddable":true,"href":"https:\/\/www.elsindical.com.ar\/notas\/wp-json\/wp\/v2\/categories?post=127741"},{"taxonomy":"post_tag","embeddable":true,"href":"https:\/\/www.elsindical.com.ar\/notas\/wp-json\/wp\/v2\/tags?post=127741"}],"curies":[{"name":"wp","href":"https:\/\/api.w.org\/{rel}","templated":true}]}}