{"id":127715,"date":"2024-01-04T00:42:26","date_gmt":"2024-01-04T03:42:26","guid":{"rendered":"https:\/\/www.elsindical.com.ar\/notas\/?p=127715"},"modified":"2024-01-04T00:43:29","modified_gmt":"2024-01-04T03:43:29","slug":"prepagas-aplicarian-otro-aumento-del-40-en-febrero-y-estan-dispuestas-a-sacrificar-afiliados-que-colapsaran-el-sistema-publico-de-salud","status":"publish","type":"post","link":"https:\/\/www.elsindical.com.ar\/notas\/prepagas-aplicarian-otro-aumento-del-40-en-febrero-y-estan-dispuestas-a-sacrificar-afiliados-que-colapsaran-el-sistema-publico-de-salud\/","title":{"rendered":"Prepagas aplicar\u00edan otro aumento del 40% en febrero y est\u00e1n dispuestas a \u2018sacrificar\u2019 afiliados"},"content":{"rendered":"<div class=\"wp-block-image\">\n<figure class=\"aligncenter size-full\"><a href=\"https:\/\/www.elsindical.com.ar\/notas\/var\/www\/html\/notas\/wp-content\/uploads\/2024\/01\/principales-prepagas.jpg\"><img loading=\"lazy\" decoding=\"async\" width=\"700\" height=\"394\" src=\"https:\/\/www.elsindical.com.ar\/notas\/var\/www\/html\/notas\/wp-content\/uploads\/2024\/01\/principales-prepagas.jpg\" alt=\"\" class=\"wp-image-127716\" srcset=\"https:\/\/www.elsindical.com.ar\/notas\/var\/www\/html\/notas\/wp-content\/uploads\/2024\/01\/principales-prepagas.jpg 700w, https:\/\/www.elsindical.com.ar\/notas\/var\/www\/html\/notas\/wp-content\/uploads\/2024\/01\/principales-prepagas-300x169.jpg 300w, https:\/\/www.elsindical.com.ar\/notas\/var\/www\/html\/notas\/wp-content\/uploads\/2024\/01\/principales-prepagas-500x281.jpg 500w, https:\/\/www.elsindical.com.ar\/notas\/var\/www\/html\/notas\/wp-content\/uploads\/2024\/01\/principales-prepagas-460x260.jpg 460w\" sizes=\"auto, (max-width: 700px) 100vw, 700px\" \/><\/a><\/figure>\n<\/div>\n\n\n<p>Con Swiss Medical y OSDE a la cabeza, los principales financiadores privados del sistema sanitario quieren recomponer su rentabilidad tras a\u00f1os de controles.<\/p>\n\n\n\n<p>Para las empresas de medicina prepaga, parece que lleg\u00f3 la hora de recomponer los m\u00e1rgenes de rentabilidad, lo cual les permite hacer el \u00faltimo megadecreto de Javier Milei, por lo que est\u00e1n dispuestas a aplicar otro sablazo sobre la cabeza de los asociados, la mayor\u00eda de clase media, a\u00fan a costa de perder cientos de miles de afiliados.<\/p>\n\n\n\n<p>Seg\u00fan informaron las fuentes, Swiss Medical y OSDE, los principales jugadores del mercado de la salud privada, debaten por estas horas <strong>cu\u00e1l ser\u00e1 el aumento a aplicar en las cuotas de febrero<\/strong>, luego del 40% que aumentaron en enero.<\/p>\n\n\n\n<p>Claudio Belocopitt, el due\u00f1o de Swiss Medical y presidente de la Uni\u00f3n Argentina de Salud (UAS), ser\u00eda partidario de aplicar<strong> otro 40% de ajuste en febrero y as\u00ed llegar a un \u201cequilibrio\u201d en la ecuaci\u00f3n costo\/beneficio.<\/strong><\/p>\n\n\n\n<p>Belocopitt es due\u00f1o de los principales sanatorios de la Argentina, y su mirada de esta complejo situaci\u00f3n ser\u00eda que el mercado de la salud privada est\u00e1 sobredimensionada y se necesita una reestructuraci\u00f3n, tras la cual s\u00f3lo queden los principales jugadores -adem\u00e1s de OSDE y Swiss, Medicus, Omint, Medif\u00e9, entre otros- y que a las personas de poder adquisitivo medio se les ofrezcan planes con copagos.<\/p>\n\n\n\n<p>Si bien no hay c\u00e1lculos actuariales precisos, en el mercado de la salud se menciona que <strong>las prepagas estar\u00edan dispuestas a perder un 30% de los afiliados en medio de esta reestructuraci\u00f3n.<\/strong><\/p>\n\n\n\n<p>En el caso de OSDE, <strong>perder el 30% de los asociados representar\u00eda unas 500 mil personas.<\/strong><\/p>\n\n\n\n<p>Las empresas vienen advirtieron sobre retraso tarifario del 80%. Con una suba del 40% en febrero, el acumulado alcanzar\u00eda para equilibrar los n\u00fameros, eso s\u00ed, a costa de un \u00e9xodo temerario de afiliados que terminar\u00edan adem\u00e1s haciendo colapsar el sistema de salud p\u00fablica.<\/p>\n","protected":false},"excerpt":{"rendered":"<p>Con Swiss Medical y OSDE a la cabeza, los principales financiadores privados del sistema sanitario quieren recomponer su rentabilidad tras a\u00f1os de controles. Para las empresas de medicina prepaga, parece que lleg\u00f3 la hora de recomponer los m\u00e1rgenes de rentabilidad, lo cual les permite hacer el \u00faltimo megadecreto de Javier Milei, por lo que est\u00e1n&hellip;<\/p>\n","protected":false},"author":1,"featured_media":127716,"comment_status":"open","ping_status":"open","sticky":false,"template":"","format":"standard","meta":{"footnotes":""},"categories":[9],"tags":[3360,357,2450,12715,28812,3070,4530,10696,12714],"class_list":["post-127715","post","type-post","status-publish","format-standard","has-post-thumbnail","hentry","category-economia","tag-afiliados","tag-aumento","tag-diario-el-sindical","tag-galeno","tag-javier-milei","tag-osde","tag-prepagas","tag-salud-publica","tag-swiss-medical"],"_links":{"self":[{"href":"https:\/\/www.elsindical.com.ar\/notas\/wp-json\/wp\/v2\/posts\/127715","targetHints":{"allow":["GET"]}}],"collection":[{"href":"https:\/\/www.elsindical.com.ar\/notas\/wp-json\/wp\/v2\/posts"}],"about":[{"href":"https:\/\/www.elsindical.com.ar\/notas\/wp-json\/wp\/v2\/types\/post"}],"author":[{"embeddable":true,"href":"https:\/\/www.elsindical.com.ar\/notas\/wp-json\/wp\/v2\/users\/1"}],"replies":[{"embeddable":true,"href":"https:\/\/www.elsindical.com.ar\/notas\/wp-json\/wp\/v2\/comments?post=127715"}],"version-history":[{"count":2,"href":"https:\/\/www.elsindical.com.ar\/notas\/wp-json\/wp\/v2\/posts\/127715\/revisions"}],"predecessor-version":[{"id":127718,"href":"https:\/\/www.elsindical.com.ar\/notas\/wp-json\/wp\/v2\/posts\/127715\/revisions\/127718"}],"wp:featuredmedia":[{"embeddable":true,"href":"https:\/\/www.elsindical.com.ar\/notas\/wp-json\/wp\/v2\/media\/127716"}],"wp:attachment":[{"href":"https:\/\/www.elsindical.com.ar\/notas\/wp-json\/wp\/v2\/media?parent=127715"}],"wp:term":[{"taxonomy":"category","embeddable":true,"href":"https:\/\/www.elsindical.com.ar\/notas\/wp-json\/wp\/v2\/categories?post=127715"},{"taxonomy":"post_tag","embeddable":true,"href":"https:\/\/www.elsindical.com.ar\/notas\/wp-json\/wp\/v2\/tags?post=127715"}],"curies":[{"name":"wp","href":"https:\/\/api.w.org\/{rel}","templated":true}]}}