{"id":127664,"date":"2024-01-02T14:16:43","date_gmt":"2024-01-02T17:16:43","guid":{"rendered":"https:\/\/www.elsindical.com.ar\/notas\/?p=127664"},"modified":"2024-01-02T14:16:51","modified_gmt":"2024-01-02T17:16:51","slug":"el-gobierno-bonaerense-desmintio-un-impuestazo-inmobiliario","status":"publish","type":"post","link":"https:\/\/www.elsindical.com.ar\/notas\/el-gobierno-bonaerense-desmintio-un-impuestazo-inmobiliario\/","title":{"rendered":"El Gobierno bonaerense desminti\u00f3 un \u00abimpuestazo\u00bb inmobiliario"},"content":{"rendered":"\n<figure class=\"wp-block-image size-large\"><a href=\"https:\/\/www.elsindical.com.ar\/notas\/var\/www\/html\/notas\/wp-content\/uploads\/2017\/12\/ARBA-tr\u00e1mites.jpg\"><img loading=\"lazy\" decoding=\"async\" width=\"1024\" height=\"665\" src=\"https:\/\/www.elsindical.com.ar\/notas\/var\/www\/html\/notas\/wp-content\/uploads\/2017\/12\/ARBA-tr\u00e1mites-1024x665.jpg\" alt=\"\" class=\"wp-image-74808\" srcset=\"https:\/\/www.elsindical.com.ar\/notas\/var\/www\/html\/notas\/wp-content\/uploads\/2017\/12\/ARBA-tr\u00e1mites-1024x665.jpg 1024w, https:\/\/www.elsindical.com.ar\/notas\/var\/www\/html\/notas\/wp-content\/uploads\/2017\/12\/ARBA-tr\u00e1mites-300x195.jpg 300w, https:\/\/www.elsindical.com.ar\/notas\/var\/www\/html\/notas\/wp-content\/uploads\/2017\/12\/ARBA-tr\u00e1mites-768x499.jpg 768w, https:\/\/www.elsindical.com.ar\/notas\/var\/www\/html\/notas\/wp-content\/uploads\/2017\/12\/ARBA-tr\u00e1mites-462x300.jpg 462w, https:\/\/www.elsindical.com.ar\/notas\/var\/www\/html\/notas\/wp-content\/uploads\/2017\/12\/ARBA-tr\u00e1mites.jpg 1170w\" sizes=\"auto, (max-width: 1024px) 100vw, 1024px\" \/><\/a><\/figure>\n\n\n\n<p>El ministro de Hacienda y Finanzas bonaerense, Pablo L\u00f3pez, desminti\u00f3 hoy que el proyecto de Ley Impositiva 2024 prevea un \u00abimpuestazo\u00bb, como titul\u00f3 un matutino porte\u00f1o, y cit\u00f3, a modo de ejemplo, que el 49,1% de los contribuyentes del Inmobiliario Urbano pagar\u00e1 cuotas mensuales de 2.000 pesos.<\/p>\n\n\n\n<p>\u00abEn materia de tergiversar, Clar\u00edn no defrauda. En 4 a\u00f1os le dimos mayor progresividad a los Impuestos Inmobiliarios. La fiscal impositiva que enviamos a la Legislatura sigue ese camino. Que quede claro: en t\u00e9rminos reales lo que paga y pagar\u00e1 un bonaerense sigue debajo de 2019\u00bb, expres\u00f3 el ministro<strong> Pablo L\u00f3pez <\/strong>a trav\u00e9s de su cuenta en la red social X.<\/p>\n\n\n\n<p>El ministro comparti\u00f3 junto con este posteo la foto de la tapa del matutino porte\u00f1o, donde como t\u00edtulo principal se lee \u00abImpuestazo de Kicillof: hasta 270% en Patentes y 300% en Inmobiliario\u00bb.<\/p>\n\n\n\n<p>En un hilo que public\u00f3 en la red social, L\u00f3pez destac\u00f3 que \u00aben 4 a\u00f1os no aumentamos impuestos y seguimos en esa l\u00ednea. Los \u00faltimos montos se fijaron en dic-22, de ah\u00ed la inflaci\u00f3n a hoy acumular\u00e1 +210%. Para cuando se empiecen a pagar estos impuestos en febrero\/marzo-24, los privados estiman una inflaci\u00f3n acumulada desde enero-23 de +300%\u00bb.<\/p>\n\n\n\n<p>\u00abEl aumento promedio de los Inmobiliarios Rural y Urbano ser\u00e1 de 200%. La enorme mayor\u00eda tendr\u00e1 aumentos por debajo, es decir, ca\u00edda en t\u00e9rminos reales. S\u00f3lo el 8% de las partidas, las propiedades m\u00e1s grandes y valiosas, pagar\u00e1 en l\u00ednea con la inflaci\u00f3n\u00bb, precis\u00f3.<\/p>\n\n\n\n<p>Aclar\u00f3 que \u00abmas all\u00e1 de los aumentos, que no lo son en t\u00e9rminos reales, los valores absolutos en el Urbano son: Para el 31,6% de las partidas el impuesto anual no supera los $5.000, es decir, cuotas de menos de $1.000\u00bb.<\/p>\n\n\n\n<p>\u00abPara el 49,1% de las partidas no superar\u00e1 los $10.000 anuales, es decir, cuotas de menos de $2.000. Y solo un 15% tendr\u00e1 que pagar un valor anual mayor a $50.000\u00bb, ejemplific\u00f3.<\/p>\n\n\n\n<p>L\u00f3pez remarc\u00f3 que \u00aben la PBA reside el 44% de las personas m\u00e1s vulnerables del pa\u00eds. A su vez, es la provincia m\u00e1s perjudicada por un sistema de coparticipaci\u00f3n federal de impuestos que es a todas luces inconstitucional y que le impide contar con los recursos que necesita\u00bb.<\/p>\n\n\n\n<p>\u00abBuscamos preservar el valor de los tributos y evitar el desfinanciamiento del Estado provincial, para seguir dando respuesta a las necesidades de las y los m\u00e1s de 17 millones de bonaerenses, y protegiendo especialmente a los sectores vulnerables y medios\u00bb, concluy\u00f3 el ministro en su publicaci\u00f3n.<\/p>\n\n\n\n<p>El gobernador de la provincia de Buenos Aires, Axel Kicillof, intentar\u00e1 que este jueves la Legislatura apruebe un pedido de endeudamiento y el proyecto de Ley Impositiva 2024, que contempla incrementos de los grav\u00e1menes patrimoniales y una solicitud para que se puedan actualizar los tributos de acuerdo con el \u00edndice de inflaci\u00f3n.<\/p>\n\n\n\n<p>Los integrantes de ambas c\u00e1maras fueron convocados a sesi\u00f3n este jueves, el \u00faltimo del a\u00f1o, a partir de las 15.<\/p>\n\n\n\n<p>En el caso del Impuesto Inmobiliario se establecen topes progresivos de crecimiento del gravamen respecto al a\u00f1o anterior, los cuales son ascendentes a mayor patrimonio: el 90% de los contribuyentes tendr\u00e1 aumentos iguales o menores al 200% y el 10% restante tendr\u00e1 subas del orden del 300%.<\/p>\n\n\n\n<p>Otra de las novedades de la Ley Impositiva es que se incorpora una cuota adicional a los campos de mayor valor de la provincia de Buenos Aires, pero desde el Gobierno se aclar\u00f3 que \u00abninguno de las partidas rurales pagar\u00e1 aumentos que est\u00e9n por encima de la inflaci\u00f3n acumulada\u00bb.<\/p>\n\n\n\n<p>En tanto, el impuesto Automotor -Patentes- tendr\u00e1 un incremento promedio del 145% para los veh\u00edculos modelos 2013 a 2024, de acuerdo con los valores que fija la Direcci\u00f3n Nacional de Registro de la Propiedad Automotor, y el tope m\u00e1ximo para el incremento es del 270% para los autos de m\u00e1s alta gama.<\/p>\n","protected":false},"excerpt":{"rendered":"<p>El ministro de Hacienda y Finanzas bonaerense, Pablo L\u00f3pez, desminti\u00f3 hoy que el proyecto de Ley Impositiva 2024 prevea un \u00abimpuestazo\u00bb, como titul\u00f3 un matutino porte\u00f1o, y cit\u00f3, a modo de ejemplo, que el 49,1% de los contribuyentes del Inmobiliario Urbano pagar\u00e1 cuotas mensuales de 2.000 pesos. \u00abEn materia de tergiversar, Clar\u00edn no defrauda. En&hellip;<\/p>\n","protected":false},"author":1,"featured_media":74808,"comment_status":"open","ping_status":"open","sticky":false,"template":"","format":"standard","meta":{"footnotes":""},"categories":[9],"tags":[1587,2450,22023,27663,20400,1466],"class_list":["post-127664","post","type-post","status-publish","format-standard","has-post-thumbnail","hentry","category-economia","tag-arba","tag-diario-el-sindical","tag-economia","tag-impuesto-inmobiliario","tag-pablo-lopez","tag-provincia-de-buenos-aires"],"_links":{"self":[{"href":"https:\/\/www.elsindical.com.ar\/notas\/wp-json\/wp\/v2\/posts\/127664","targetHints":{"allow":["GET"]}}],"collection":[{"href":"https:\/\/www.elsindical.com.ar\/notas\/wp-json\/wp\/v2\/posts"}],"about":[{"href":"https:\/\/www.elsindical.com.ar\/notas\/wp-json\/wp\/v2\/types\/post"}],"author":[{"embeddable":true,"href":"https:\/\/www.elsindical.com.ar\/notas\/wp-json\/wp\/v2\/users\/1"}],"replies":[{"embeddable":true,"href":"https:\/\/www.elsindical.com.ar\/notas\/wp-json\/wp\/v2\/comments?post=127664"}],"version-history":[{"count":1,"href":"https:\/\/www.elsindical.com.ar\/notas\/wp-json\/wp\/v2\/posts\/127664\/revisions"}],"predecessor-version":[{"id":127665,"href":"https:\/\/www.elsindical.com.ar\/notas\/wp-json\/wp\/v2\/posts\/127664\/revisions\/127665"}],"wp:featuredmedia":[{"embeddable":true,"href":"https:\/\/www.elsindical.com.ar\/notas\/wp-json\/wp\/v2\/media\/74808"}],"wp:attachment":[{"href":"https:\/\/www.elsindical.com.ar\/notas\/wp-json\/wp\/v2\/media?parent=127664"}],"wp:term":[{"taxonomy":"category","embeddable":true,"href":"https:\/\/www.elsindical.com.ar\/notas\/wp-json\/wp\/v2\/categories?post=127664"},{"taxonomy":"post_tag","embeddable":true,"href":"https:\/\/www.elsindical.com.ar\/notas\/wp-json\/wp\/v2\/tags?post=127664"}],"curies":[{"name":"wp","href":"https:\/\/api.w.org\/{rel}","templated":true}]}}