{"id":127607,"date":"2023-12-30T17:23:08","date_gmt":"2023-12-30T20:23:08","guid":{"rendered":"https:\/\/www.elsindical.com.ar\/notas\/?p=127607"},"modified":"2023-12-30T17:51:40","modified_gmt":"2023-12-30T20:51:40","slug":"santiago-cuneo-estallo-contra-javier-milei-y-convoco-a-pedir-el-juicio-politico","status":"publish","type":"post","link":"https:\/\/www.elsindical.com.ar\/notas\/santiago-cuneo-estallo-contra-javier-milei-y-convoco-a-pedir-el-juicio-politico\/","title":{"rendered":"Santiago C\u00faneo estall\u00f3 contra Javier Milei y convoc\u00f3 a pedir el Juicio Pol\u00edtico"},"content":{"rendered":"<div class=\"wp-block-image\">\n<figure class=\"aligncenter size-full\"><a href=\"https:\/\/www.elsindical.com.ar\/notas\/var\/www\/html\/notas\/wp-content\/uploads\/2023\/12\/Cuneo-juicio-politico-a-Milei.jpg\"><img loading=\"lazy\" decoding=\"async\" width=\"700\" height=\"375\" src=\"https:\/\/www.elsindical.com.ar\/notas\/var\/www\/html\/notas\/wp-content\/uploads\/2023\/12\/Cuneo-juicio-politico-a-Milei.jpg\" alt=\"\" class=\"wp-image-127608\" srcset=\"https:\/\/www.elsindical.com.ar\/notas\/var\/www\/html\/notas\/wp-content\/uploads\/2023\/12\/Cuneo-juicio-politico-a-Milei.jpg 700w, https:\/\/www.elsindical.com.ar\/notas\/var\/www\/html\/notas\/wp-content\/uploads\/2023\/12\/Cuneo-juicio-politico-a-Milei-300x161.jpg 300w, https:\/\/www.elsindical.com.ar\/notas\/var\/www\/html\/notas\/wp-content\/uploads\/2023\/12\/Cuneo-juicio-politico-a-Milei-500x268.jpg 500w\" sizes=\"auto, (max-width: 700px) 100vw, 700px\" \/><\/a><\/figure>\n<\/div>\n\n\n<p>   El medi\u00e1tico empresario y periodista Gabriel Santiago C\u00faneo, quien es reconocido por sus fuertes declaraciones donde no faltan los insultos y se define como peronista de los de antes, se mostr\u00f3 indignado con el DNU en vigencia de Javier Milei y la tibia reacci\u00f3n de los pol\u00edticos y el pueblo.<\/p>\n\n\n\n<p>Critic\u00f3 fuerte a la CGT por tomarse tantos d\u00edas para protestar y contra los ciudadanos que se quejaban, protestaban y marchaban por medidas de los gobiernos que integro Cristina Kirchner, pero ante esas medidas que son inconstitucionales, que borran derechos, no salen a las calles como deber\u00edan.<\/p>\n\n\n\n<p>Por eso desde su programa, llamo a juntar firmas y a presionar a los legisladores para que trabajen en un pedido de juicio pol\u00edtico contra Milei, aunque se descarta que una medida as\u00ed prospere en una Argentina dividida y acostumbrada a tolerar.<\/p>\n\n\n\n<figure class=\"wp-block-embed is-type-video is-provider-youtube wp-block-embed-youtube wp-embed-aspect-16-9 wp-has-aspect-ratio\"><div class=\"wp-block-embed__wrapper\">\n<iframe loading=\"lazy\" title=\"C\u00faneo estalla contra el DNU de Milei y convoca a un Juicio Pol\u00edtico\" width=\"700\" height=\"394\" src=\"https:\/\/www.youtube.com\/embed\/0NkD50sAMIc?feature=oembed\" frameborder=\"0\" allow=\"accelerometer; autoplay; clipboard-write; encrypted-media; gyroscope; picture-in-picture; web-share\" allowfullscreen><\/iframe>\n<\/div><\/figure>\n","protected":false},"excerpt":{"rendered":"<p>El medi\u00e1tico empresario y periodista Gabriel Santiago C\u00faneo, quien es reconocido por sus fuertes declaraciones donde no faltan los insultos y se define como peronista de los de antes, se mostr\u00f3 indignado con el DNU en vigencia de Javier Milei y la tibia reacci\u00f3n de los pol\u00edticos y el pueblo. Critic\u00f3 fuerte a la CGT&hellip;<\/p>\n","protected":false},"author":1,"featured_media":127608,"comment_status":"open","ping_status":"open","sticky":false,"template":"","format":"standard","meta":{"footnotes":""},"categories":[13],"tags":[910,2450,28812,41891,588,206,35245],"class_list":["post-127607","post","type-post","status-publish","format-standard","has-post-thumbnail","hentry","category-politica","tag-cgt","tag-diario-el-sindical","tag-javier-milei","tag-juicio-poliico","tag-legisladores","tag-periodista","tag-waldo-wolff"],"_links":{"self":[{"href":"https:\/\/www.elsindical.com.ar\/notas\/wp-json\/wp\/v2\/posts\/127607","targetHints":{"allow":["GET"]}}],"collection":[{"href":"https:\/\/www.elsindical.com.ar\/notas\/wp-json\/wp\/v2\/posts"}],"about":[{"href":"https:\/\/www.elsindical.com.ar\/notas\/wp-json\/wp\/v2\/types\/post"}],"author":[{"embeddable":true,"href":"https:\/\/www.elsindical.com.ar\/notas\/wp-json\/wp\/v2\/users\/1"}],"replies":[{"embeddable":true,"href":"https:\/\/www.elsindical.com.ar\/notas\/wp-json\/wp\/v2\/comments?post=127607"}],"version-history":[{"count":2,"href":"https:\/\/www.elsindical.com.ar\/notas\/wp-json\/wp\/v2\/posts\/127607\/revisions"}],"predecessor-version":[{"id":127611,"href":"https:\/\/www.elsindical.com.ar\/notas\/wp-json\/wp\/v2\/posts\/127607\/revisions\/127611"}],"wp:featuredmedia":[{"embeddable":true,"href":"https:\/\/www.elsindical.com.ar\/notas\/wp-json\/wp\/v2\/media\/127608"}],"wp:attachment":[{"href":"https:\/\/www.elsindical.com.ar\/notas\/wp-json\/wp\/v2\/media?parent=127607"}],"wp:term":[{"taxonomy":"category","embeddable":true,"href":"https:\/\/www.elsindical.com.ar\/notas\/wp-json\/wp\/v2\/categories?post=127607"},{"taxonomy":"post_tag","embeddable":true,"href":"https:\/\/www.elsindical.com.ar\/notas\/wp-json\/wp\/v2\/tags?post=127607"}],"curies":[{"name":"wp","href":"https:\/\/api.w.org\/{rel}","templated":true}]}}