{"id":127604,"date":"2023-12-30T14:48:39","date_gmt":"2023-12-30T17:48:39","guid":{"rendered":"https:\/\/www.elsindical.com.ar\/notas\/?p=127604"},"modified":"2023-12-30T14:48:45","modified_gmt":"2023-12-30T17:48:45","slug":"musica-por-necesidad-y-urgencia","status":"publish","type":"post","link":"https:\/\/www.elsindical.com.ar\/notas\/musica-por-necesidad-y-urgencia\/","title":{"rendered":"M\u00fasica por necesidad y urgencia"},"content":{"rendered":"<div class=\"wp-block-image\">\n<figure class=\"aligncenter size-large\"><a href=\"https:\/\/www.elsindical.com.ar\/notas\/var\/www\/html\/notas\/wp-content\/uploads\/2023\/12\/musica-por-necesidad-y-urgencia.jpg\"><img loading=\"lazy\" decoding=\"async\" width=\"576\" height=\"1024\" src=\"https:\/\/www.elsindical.com.ar\/notas\/var\/www\/html\/notas\/wp-content\/uploads\/2023\/12\/musica-por-necesidad-y-urgencia-576x1024.jpg\" alt=\"\" class=\"wp-image-127605\" srcset=\"https:\/\/www.elsindical.com.ar\/notas\/var\/www\/html\/notas\/wp-content\/uploads\/2023\/12\/musica-por-necesidad-y-urgencia-576x1024.jpg 576w, https:\/\/www.elsindical.com.ar\/notas\/var\/www\/html\/notas\/wp-content\/uploads\/2023\/12\/musica-por-necesidad-y-urgencia-169x300.jpg 169w, https:\/\/www.elsindical.com.ar\/notas\/var\/www\/html\/notas\/wp-content\/uploads\/2023\/12\/musica-por-necesidad-y-urgencia.jpg 720w\" sizes=\"auto, (max-width: 576px) 100vw, 576px\" \/><\/a><\/figure>\n<\/div>\n\n\n<p>Un mundo <img loading=\"lazy\" decoding=\"async\" height=\"16\" width=\"16\" src=\"https:\/\/static.xx.fbcdn.net\/images\/emoji.php\/v9\/tc0\/1\/16\/1f30e.png\" alt=\"&#x1f30e;\"> sin m\u00fasica <img loading=\"lazy\" decoding=\"async\" height=\"16\" width=\"16\" src=\"https:\/\/static.xx.fbcdn.net\/images\/emoji.php\/v9\/tcc\/1\/16\/1f3bc.png\" alt=\"&#x1f3bc;\"> y sin arte <img loading=\"lazy\" decoding=\"async\" height=\"16\" width=\"16\" src=\"https:\/\/static.xx.fbcdn.net\/images\/emoji.php\/v9\/t82\/1\/16\/1f3a8.png\" alt=\"&#x1f3a8;\"><img loading=\"lazy\" decoding=\"async\" height=\"16\" width=\"16\" src=\"https:\/\/static.xx.fbcdn.net\/images\/emoji.php\/v9\/tae\/1\/16\/1f3ad.png\" alt=\"&#x1f3ad;\"> en todas sus formas no ser\u00eda un mundo feliz!!!! Cuando est\u00e1s feliz bailas, cantas y muchas cosas m\u00e1s y eso es expresi\u00f3n innata del arte en nuestro ser!!! Con esto no se jode!!!<\/p>\n","protected":false},"excerpt":{"rendered":"<p>Un mundo sin m\u00fasica y sin arte en todas sus formas no ser\u00eda un mundo feliz!!!! Cuando est\u00e1s feliz bailas, cantas y muchas cosas m\u00e1s y eso es expresi\u00f3n innata del arte en nuestro ser!!! Con esto no se jode!!!<\/p>\n","protected":false},"author":1,"featured_media":127605,"comment_status":"open","ping_status":"open","sticky":false,"template":"","format":"standard","meta":{"footnotes":""},"categories":[25],"tags":[2450,3899,6430,16804,41890,5869],"class_list":["post-127604","post","type-post","status-publish","format-standard","has-post-thumbnail","hentry","category-sociedad","tag-diario-el-sindical","tag-musica","tag-musicos","tag-necesidad","tag-repudio-dnu","tag-urgencia"],"_links":{"self":[{"href":"https:\/\/www.elsindical.com.ar\/notas\/wp-json\/wp\/v2\/posts\/127604","targetHints":{"allow":["GET"]}}],"collection":[{"href":"https:\/\/www.elsindical.com.ar\/notas\/wp-json\/wp\/v2\/posts"}],"about":[{"href":"https:\/\/www.elsindical.com.ar\/notas\/wp-json\/wp\/v2\/types\/post"}],"author":[{"embeddable":true,"href":"https:\/\/www.elsindical.com.ar\/notas\/wp-json\/wp\/v2\/users\/1"}],"replies":[{"embeddable":true,"href":"https:\/\/www.elsindical.com.ar\/notas\/wp-json\/wp\/v2\/comments?post=127604"}],"version-history":[{"count":1,"href":"https:\/\/www.elsindical.com.ar\/notas\/wp-json\/wp\/v2\/posts\/127604\/revisions"}],"predecessor-version":[{"id":127606,"href":"https:\/\/www.elsindical.com.ar\/notas\/wp-json\/wp\/v2\/posts\/127604\/revisions\/127606"}],"wp:featuredmedia":[{"embeddable":true,"href":"https:\/\/www.elsindical.com.ar\/notas\/wp-json\/wp\/v2\/media\/127605"}],"wp:attachment":[{"href":"https:\/\/www.elsindical.com.ar\/notas\/wp-json\/wp\/v2\/media?parent=127604"}],"wp:term":[{"taxonomy":"category","embeddable":true,"href":"https:\/\/www.elsindical.com.ar\/notas\/wp-json\/wp\/v2\/categories?post=127604"},{"taxonomy":"post_tag","embeddable":true,"href":"https:\/\/www.elsindical.com.ar\/notas\/wp-json\/wp\/v2\/tags?post=127604"}],"curies":[{"name":"wp","href":"https:\/\/api.w.org\/{rel}","templated":true}]}}