{"id":127599,"date":"2023-12-30T01:31:30","date_gmt":"2023-12-30T04:31:30","guid":{"rendered":"https:\/\/www.elsindical.com.ar\/notas\/?p=127599"},"modified":"2023-12-30T01:32:45","modified_gmt":"2023-12-30T04:32:45","slug":"incaa-estado-de-alerta-y-movilizacion","status":"publish","type":"post","link":"https:\/\/www.elsindical.com.ar\/notas\/incaa-estado-de-alerta-y-movilizacion\/","title":{"rendered":"INCAA estado de alerta y movilizaci\u00f3n"},"content":{"rendered":"<div class=\"wp-block-image\">\n<figure class=\"aligncenter size-full\"><a href=\"https:\/\/www.elsindical.com.ar\/notas\/var\/www\/html\/notas\/wp-content\/uploads\/2023\/12\/DAC-estado-de-alerta.jpg\"><img loading=\"lazy\" decoding=\"async\" width=\"700\" height=\"628\" src=\"https:\/\/www.elsindical.com.ar\/notas\/var\/www\/html\/notas\/wp-content\/uploads\/2023\/12\/DAC-estado-de-alerta.jpg\" alt=\"\" class=\"wp-image-127600\" srcset=\"https:\/\/www.elsindical.com.ar\/notas\/var\/www\/html\/notas\/wp-content\/uploads\/2023\/12\/DAC-estado-de-alerta.jpg 700w, https:\/\/www.elsindical.com.ar\/notas\/var\/www\/html\/notas\/wp-content\/uploads\/2023\/12\/DAC-estado-de-alerta-300x269.jpg 300w, https:\/\/www.elsindical.com.ar\/notas\/var\/www\/html\/notas\/wp-content\/uploads\/2023\/12\/DAC-estado-de-alerta-334x300.jpg 334w\" sizes=\"auto, (max-width: 700px) 100vw, 700px\" \/><\/a><\/figure>\n<\/div>\n\n\n<p class=\"wp-block-paragraph\">Una grave amenaza se cierne sobre el Instituto Nacional De Cine y Artes Audiovisuales y toda la Cultura Nacional en la Rep\u00fablica Argentina.<\/p>\n\n\n\n<p class=\"wp-block-paragraph\">DAC \u2013 Directores Argentinos Cinematogr\u00e1ficos (<a href=\"https:\/\/dac.org.ar\">www.dac.org.ar<\/a>) rechaza las medidas enviadas por el Poder Ejecutivo al Congreso Nacional, con el claro objetivo de desarticular el normal funcionamiento de las industrias culturales argentinas.<\/p>\n\n\n\n<p class=\"wp-block-paragraph\">El proyecto de Ley incluye en su articulado medidas y derogaciones que producen un grave desfinanciamiento del INCAA que afectar\u00eda todo su accionar, producci\u00f3n y promoci\u00f3n de la cultura audiovisual nacional hasta llevarlo en muy corto tiempo a su total desaparici\u00f3n.<\/p>\n\n\n\n<p class=\"wp-block-paragraph\">En medio de lo que puede claramente percibirse como un ataque final a todos los organismos hist\u00f3ricos de la cultura de nuestro pa\u00eds, igual o a\u00fan peor tratamiento reciben el INAMU \u2013 Instituto Nacional de la M\u00fasica \u2013 el INT \u2013 Instituto Nacional del Teatro \u2013 el FNA \u2013 Fondo Nacional de las Artes \u2013 la CONABIP \u2013 Comisi\u00f3n Nacional de Bibliotecas Populares \u2013 y la ENERC \u2013 Escuela Nacional de Experimentaci\u00f3n y Realizaci\u00f3n Cinematogr\u00e1fica, entre otras tantas medidas que producen una situaci\u00f3n terminal; acciones que no pueden permitirse de ninguna forma en nuestro pa\u00eds.<\/p>\n\n\n\n<p class=\"wp-block-paragraph\">DAC, integrante del EAN \u2013 Espacio Audiovisual Nacional \u2013 (<a href=\"https:\/\/espacioaudiovisualnacional.org\/\">www.espacioaudiovisualnacional.org<\/a>) comunica que esta organizaci\u00f3n, reunida en forma extraordinaria en el d\u00eda de ayer, decidi\u00f3, de forma tan necesaria como urgente, interactuar con todos los Legisladores y bloques del Congreso Nacional a los efectos de resguardar la integridad de nuestra Cultura Nacional y en defensa de las variadas obras con las que nuestros autores y artistas de todo el pa\u00eds representamos a toda la sociedad.&nbsp;<\/p>\n\n\n\n<p class=\"wp-block-paragraph\">Estimados colegas de las m\u00e1s diversas pertenencias art\u00edsticas y\/o pol\u00edticas, los invitamos a permanecer en estado de alerta y movilizaci\u00f3n hasta detener este verdadero golpe mortal que amenaza a la cultura argentina sin que raz\u00f3n alguna pueda justificarlo.<\/p>\n\n\n\n<p class=\"wp-block-paragraph\"><strong><a href=\"https:\/\/www.elsindical.com.ar\/notas\/var\/www\/html\/notas\/wp-content\/uploads\/2023\/12\/INCAA_29_de_diciembre_2023.pdf\">DESCARGAR COMUNICADO EN PDF<\/a><\/strong><\/p>\n","protected":false},"excerpt":{"rendered":"<p>Una grave amenaza se cierne sobre el Instituto Nacional De Cine y Artes Audiovisuales y toda la Cultura Nacional en la Rep\u00fablica Argentina. DAC \u2013 Directores Argentinos Cinematogr\u00e1ficos (www.dac.org.ar) rechaza las medidas enviadas por el Poder Ejecutivo al Congreso Nacional, con el claro objetivo de desarticular el normal funcionamiento de las industrias culturales argentinas. El&hellip;<\/p>\n","protected":false},"author":1,"featured_media":127600,"comment_status":"open","ping_status":"open","sticky":false,"template":"","format":"standard","meta":{"footnotes":""},"categories":[25],"tags":[23821,2450,37442,26181,3627,41889,41888,13705,26892,1196],"class_list":["post-127599","post","type-post","status-publish","format-standard","has-post-thumbnail","hentry","category-sociedad","tag-dac","tag-diario-el-sindical","tag-ean","tag-enerc","tag-estado-de-alerta","tag-fna","tag-inamu","tag-incaa","tag-int","tag-movilizacion"],"_links":{"self":[{"href":"https:\/\/www.elsindical.com.ar\/notas\/wp-json\/wp\/v2\/posts\/127599","targetHints":{"allow":["GET"]}}],"collection":[{"href":"https:\/\/www.elsindical.com.ar\/notas\/wp-json\/wp\/v2\/posts"}],"about":[{"href":"https:\/\/www.elsindical.com.ar\/notas\/wp-json\/wp\/v2\/types\/post"}],"author":[{"embeddable":true,"href":"https:\/\/www.elsindical.com.ar\/notas\/wp-json\/wp\/v2\/users\/1"}],"replies":[{"embeddable":true,"href":"https:\/\/www.elsindical.com.ar\/notas\/wp-json\/wp\/v2\/comments?post=127599"}],"version-history":[{"count":2,"href":"https:\/\/www.elsindical.com.ar\/notas\/wp-json\/wp\/v2\/posts\/127599\/revisions"}],"predecessor-version":[{"id":127603,"href":"https:\/\/www.elsindical.com.ar\/notas\/wp-json\/wp\/v2\/posts\/127599\/revisions\/127603"}],"wp:featuredmedia":[{"embeddable":true,"href":"https:\/\/www.elsindical.com.ar\/notas\/wp-json\/wp\/v2\/media\/127600"}],"wp:attachment":[{"href":"https:\/\/www.elsindical.com.ar\/notas\/wp-json\/wp\/v2\/media?parent=127599"}],"wp:term":[{"taxonomy":"category","embeddable":true,"href":"https:\/\/www.elsindical.com.ar\/notas\/wp-json\/wp\/v2\/categories?post=127599"},{"taxonomy":"post_tag","embeddable":true,"href":"https:\/\/www.elsindical.com.ar\/notas\/wp-json\/wp\/v2\/tags?post=127599"}],"curies":[{"name":"wp","href":"https:\/\/api.w.org\/{rel}","templated":true}]}}