{"id":127519,"date":"2023-12-27T04:54:47","date_gmt":"2023-12-27T07:54:47","guid":{"rendered":"https:\/\/www.elsindical.com.ar\/notas\/?p=127519"},"modified":"2023-12-27T04:59:10","modified_gmt":"2023-12-27T07:59:10","slug":"avellaneda-principio-de-incendio-en-los-altos-de-la-fabrica-de-azufre-alivio","status":"publish","type":"post","link":"https:\/\/www.elsindical.com.ar\/notas\/avellaneda-principio-de-incendio-en-los-altos-de-la-fabrica-de-azufre-alivio\/","title":{"rendered":"Avellaneda: Principio de incendio en los altos de la f\u00e1brica de azufre Alivio"},"content":{"rendered":"<div class=\"wp-block-image\">\n<figure class=\"aligncenter size-full is-resized\"><a href=\"https:\/\/www.elsindical.com.ar\/notas\/var\/www\/html\/notas\/wp-content\/uploads\/2023\/12\/principio-de-incendio-Echenagucia.jpg\"><img loading=\"lazy\" decoding=\"async\" width=\"500\" height=\"339\" src=\"https:\/\/www.elsindical.com.ar\/notas\/var\/www\/html\/notas\/wp-content\/uploads\/2023\/12\/principio-de-incendio-Echenagucia.jpg\" alt=\"\" class=\"wp-image-127520\" style=\"width:732px;height:auto\" srcset=\"https:\/\/www.elsindical.com.ar\/notas\/var\/www\/html\/notas\/wp-content\/uploads\/2023\/12\/principio-de-incendio-Echenagucia.jpg 500w, https:\/\/www.elsindical.com.ar\/notas\/var\/www\/html\/notas\/wp-content\/uploads\/2023\/12\/principio-de-incendio-Echenagucia-300x203.jpg 300w, https:\/\/www.elsindical.com.ar\/notas\/var\/www\/html\/notas\/wp-content\/uploads\/2023\/12\/principio-de-incendio-Echenagucia-442x300.jpg 442w\" sizes=\"auto, (max-width: 500px) 100vw, 500px\" \/><\/a><\/figure>\n<\/div>\n\n\n<p class=\"wp-block-paragraph\">   Alrededor de las 02:00 hs, un principio de incendio ocurri\u00f3 en uno de los departamentos que posee la f\u00e1brica de azufre alivio en la calle Gral. Nazar 1359 de la localidad de Gerli.<\/p>\n\n\n\n<p class=\"wp-block-paragraph\">Los bomberos voluntarios de Echenaguc\u00eda llegaron inmediatamente al lugar junto a la polic\u00eda y en pocos minutos extinguieron el fuego y asistieron a los moradores que resultaron ilesos.<\/p>\n\n\n\n<figure class=\"wp-block-embed is-type-video is-provider-youtube wp-block-embed-youtube wp-embed-aspect-16-9 wp-has-aspect-ratio\"><div class=\"wp-block-embed__wrapper\">\n<iframe loading=\"lazy\" title=\"Principio de incendio en altos de f\u00e1brica de az\u00fafre\" width=\"700\" height=\"394\" src=\"https:\/\/www.youtube.com\/embed\/o8kTi0jJx1M?feature=oembed\" frameborder=\"0\" allow=\"accelerometer; autoplay; clipboard-write; encrypted-media; gyroscope; picture-in-picture; web-share\" allowfullscreen><\/iframe>\n<\/div><\/figure>\n","protected":false},"excerpt":{"rendered":"<p>Alrededor de las 02:00 hs, un principio de incendio ocurri\u00f3 en uno de los departamentos que posee la f\u00e1brica de azufre alivio en la calle Gral. Nazar 1359 de la localidad de Gerli. Los bomberos voluntarios de Echenaguc\u00eda llegaron inmediatamente al lugar junto a la polic\u00eda y en pocos minutos extinguieron el fuego y asistieron&hellip;<\/p>\n","protected":false},"author":1,"featured_media":127520,"comment_status":"open","ping_status":"open","sticky":false,"template":"","format":"standard","meta":{"footnotes":""},"categories":[25],"tags":[127,461,2723,154,2450,41860,41859,1662],"class_list":["post-127519","post","type-post","status-publish","format-standard","has-post-thumbnail","hentry","category-sociedad","tag-argentina","tag-avellaneda","tag-bomberos-voluntarios","tag-buenos-aires","tag-diario-el-sindical","tag-echenagucia","tag-fabrica-de-azufre-alivio","tag-gerli"],"_links":{"self":[{"href":"https:\/\/www.elsindical.com.ar\/notas\/wp-json\/wp\/v2\/posts\/127519","targetHints":{"allow":["GET"]}}],"collection":[{"href":"https:\/\/www.elsindical.com.ar\/notas\/wp-json\/wp\/v2\/posts"}],"about":[{"href":"https:\/\/www.elsindical.com.ar\/notas\/wp-json\/wp\/v2\/types\/post"}],"author":[{"embeddable":true,"href":"https:\/\/www.elsindical.com.ar\/notas\/wp-json\/wp\/v2\/users\/1"}],"replies":[{"embeddable":true,"href":"https:\/\/www.elsindical.com.ar\/notas\/wp-json\/wp\/v2\/comments?post=127519"}],"version-history":[{"count":2,"href":"https:\/\/www.elsindical.com.ar\/notas\/wp-json\/wp\/v2\/posts\/127519\/revisions"}],"predecessor-version":[{"id":127522,"href":"https:\/\/www.elsindical.com.ar\/notas\/wp-json\/wp\/v2\/posts\/127519\/revisions\/127522"}],"wp:featuredmedia":[{"embeddable":true,"href":"https:\/\/www.elsindical.com.ar\/notas\/wp-json\/wp\/v2\/media\/127520"}],"wp:attachment":[{"href":"https:\/\/www.elsindical.com.ar\/notas\/wp-json\/wp\/v2\/media?parent=127519"}],"wp:term":[{"taxonomy":"category","embeddable":true,"href":"https:\/\/www.elsindical.com.ar\/notas\/wp-json\/wp\/v2\/categories?post=127519"},{"taxonomy":"post_tag","embeddable":true,"href":"https:\/\/www.elsindical.com.ar\/notas\/wp-json\/wp\/v2\/tags?post=127519"}],"curies":[{"name":"wp","href":"https:\/\/api.w.org\/{rel}","templated":true}]}}