{"id":127471,"date":"2023-12-25T12:45:45","date_gmt":"2023-12-25T15:45:45","guid":{"rendered":"https:\/\/www.elsindical.com.ar\/notas\/?p=127471"},"modified":"2023-12-25T12:45:49","modified_gmt":"2023-12-25T15:45:49","slug":"mas-de-4-000-personas-en-situacion-de-calle-asistieron-a-una-cena-de-nochebuena-en-la-plaza-del-congreso","status":"publish","type":"post","link":"https:\/\/www.elsindical.com.ar\/notas\/mas-de-4-000-personas-en-situacion-de-calle-asistieron-a-una-cena-de-nochebuena-en-la-plaza-del-congreso\/","title":{"rendered":"M\u00e1s de 4.000 personas en situaci\u00f3n de calle asistieron a una cena de Nochebuena en la Plaza del Congreso"},"content":{"rendered":"<div class=\"wp-block-image\">\n<figure class=\"aligncenter size-full is-resized\"><a href=\"https:\/\/www.elsindical.com.ar\/notas\/var\/www\/html\/notas\/wp-content\/uploads\/2023\/12\/Ninguna-familia-sin-Navidad-4.jpg\"><img loading=\"lazy\" decoding=\"async\" width=\"700\" height=\"468\" src=\"https:\/\/www.elsindical.com.ar\/notas\/var\/www\/html\/notas\/wp-content\/uploads\/2023\/12\/Ninguna-familia-sin-Navidad-4.jpg\" alt=\"\" class=\"wp-image-127472\" style=\"width:808px;height:auto\" srcset=\"https:\/\/www.elsindical.com.ar\/notas\/var\/www\/html\/notas\/wp-content\/uploads\/2023\/12\/Ninguna-familia-sin-Navidad-4.jpg 700w, https:\/\/www.elsindical.com.ar\/notas\/var\/www\/html\/notas\/wp-content\/uploads\/2023\/12\/Ninguna-familia-sin-Navidad-4-300x201.jpg 300w, https:\/\/www.elsindical.com.ar\/notas\/var\/www\/html\/notas\/wp-content\/uploads\/2023\/12\/Ninguna-familia-sin-Navidad-4-449x300.jpg 449w\" sizes=\"auto, (max-width: 700px) 100vw, 700px\" \/><\/a><\/figure>\n<\/div>\n\n\n<p>El evento fue organizado por el MTE de Juan Grabois y otras organizaciones sociales. Armaron mesas con alimentos para los m\u00e1s vulnerables bajo la consigna \u201cNinguna familia sin Navidad\u201d<\/p>\n\n\n\n<p>M\u00e1s de <strong>4.000 personas en situaci\u00f3n de calle,<\/strong> trabajadores de la econom\u00eda popular y voluntarios asistieron este domingo a una cena de <strong>Nochebuena en la Plaza del Congreso<\/strong> organizada por movimientos populares bajo la consigna \u201cNinguna Familia sin Navidad\u201d. Antes de la comida, <strong>Santiago Motorizado<\/strong> cant\u00f3 en vivo para los presentes y el Obispo Gustavo Carrara realiz\u00f3 una bendici\u00f3n.<\/p>\n\n\n\n<p>Se trata de una iniciativa que se hace todos los 24 de diciembre desde el 2016, aunque en este caso tuvo la particularidad de desarrollarse en momentos de movilizaciones<strong> contra el decreto de 366 art\u00edculos promulgado por el presidente Javier Milei <\/strong>y las protestas de dirigentes, espacios pol\u00edticos y la propia CGT por la aplicaci\u00f3n del Protocolo Antipiquetes y la conformaci\u00f3n del Comando Unificado Urbano fue oficializada el viernes y firmado por la ministra de Seguridad, <strong>Patricia Bullrich<\/strong>.<\/p>\n\n\n\n<p>El festejo, adem\u00e1s, cont\u00f3 con un sector para las infancias con inflables, peloteros, y regalos navide\u00f1os. Tambi\u00e9n hubo un espacio de peluquer\u00eda, un sector de duchas y ba\u00f1os, y m\u00fasica en vivo.<\/p>\n\n\n\n<p>Sergio S\u00e1nchez, presidente de la Federaci\u00f3n de Cartoneros y responsable del comedor m\u00e1s grande de CABA en Constituci\u00f3n, destac\u00f3 que la organizaci\u00f3n del evento llev\u00f3 meses de trabajo y agradeci\u00f3 las donaciones y la participaci\u00f3n de voluntarios que hicieron posible la jornada.<\/p>\n\n\n\n<p>\u201cNo hay nada m\u00e1s importante que amar al hermano, a la hermana, al compatriota, al migrante que necesita, sobre todo los m\u00e1s pobres.Nosotros lo hacemos con solidaridad, s\u00ed, pero tambi\u00e9n con organizaci\u00f3n y lucha<strong>\u201d<\/strong>, remarc\u00f3 el dirigente social<strong> Juan Grabois<\/strong>, quien se hizo presente en el lugar.<\/p>\n\n\n\n<p>Y agreg\u00f3: \u201cGracias a todos los militantes, colaboradores, voluntarios, a los que donaron, a los que laburaron, a los que vinieron a compartir en comunidad esta Navidad. Felicitaciones a los movimientos y organizaciones populares por la magia y el trabajo infatigable que alumbra el futuro\u201d.<\/p>\n\n\n\n<p>De la organizaci\u00f3n tambi\u00e9n participaron militantes y referentes de Organizaci\u00f3n Nuestram\u00e9rica, Proyecto 7, del Frente Popular, Dar\u00edo Santill\u00e1n, y militantes de la Uni\u00f3n Trabajadores de la Econom\u00eda Popular (UTEP).<\/p>\n\n\n\n<p>Una vez que el reloj marc\u00f3 la medianoche,<strong> tuvo lugar un brindis central con regalos y una mesa dulce<\/strong>, \u201cpara que todas y todos tengamos felices fiestas en el camino por una Patria sin esclavos ni excluidos, con tierra, techo y trabajo\u201d, se\u00f1alaron sus organizadores.<\/p>\n\n\n\n<p>Los alimentos, el plato de comida y el brindis final se adquiri\u00f3 gracias a las <strong>donaciones y dinero que aportaron vecinos y colaboradores.<\/strong><\/p>\n\n\n\n<p>El \u00faltimo Relevamiento Nacional de Personas en Situaci\u00f3n de Calle (ReNaCALLE) se llev\u00f3 adelante en once localidades del pa\u00eds y arroj\u00f3 como resultado que al menos <strong>9.440 personas<\/strong> se encuentran en esa situaci\u00f3n. De esas casi 10 mil personas, <strong>1.104 son ni\u00f1os y ni\u00f1as; <\/strong>lo que representa un 10%.<\/p>\n\n\n\n<p><strong>La cifra es casi el doble de personas en situaci\u00f3n de calle de lo que marc\u00f3 el censo nacional 2022.<\/strong> La gran mayor\u00eda de personas sin hogar, 8.028, lo hace en la Ciudad Aut\u00f3noma de Buenos Aires.<\/p>\n\n\n\n<p>El informe fue presentado la semana pasada en el Congreso por las mismas organizaciones que realizaron la jornada navide\u00f1a solidaria. De las 9.440 personas en situaci\u00f3n de calle consignadas en las 11 ciudades del pa\u00eds, el 83,3% se percibe var\u00f3n y el 15,3%, mujer. En la poblaci\u00f3n adulta sin techo, <strong>la mayor\u00eda tiene entre 30 y 39 a\u00f1os<\/strong> (28,51% del total). M\u00e1s de la mitad de la poblaci\u00f3n, el 59,5% se qued\u00f3 en el mismo lugar donde naci\u00f3 y apenas el 7,4% lleg\u00f3 a la Argentina desde otro lado.<\/p>\n\n\n\n<figure class=\"wp-block-gallery has-nested-images columns-1 is-cropped wp-block-gallery-1 is-layout-flex wp-block-gallery-is-layout-flex\">\n<figure class=\"wp-block-image size-large\"><a href=\"https:\/\/www.elsindical.com.ar\/notas\/var\/www\/html\/notas\/wp-content\/uploads\/2023\/12\/Ninguna-familia-sin-Navidad.jpg\"><img loading=\"lazy\" decoding=\"async\" width=\"700\" height=\"468\" data-id=\"127473\" src=\"https:\/\/www.elsindical.com.ar\/notas\/var\/www\/html\/notas\/wp-content\/uploads\/2023\/12\/Ninguna-familia-sin-Navidad.jpg\" alt=\"\" class=\"wp-image-127473\" srcset=\"https:\/\/www.elsindical.com.ar\/notas\/var\/www\/html\/notas\/wp-content\/uploads\/2023\/12\/Ninguna-familia-sin-Navidad.jpg 700w, https:\/\/www.elsindical.com.ar\/notas\/var\/www\/html\/notas\/wp-content\/uploads\/2023\/12\/Ninguna-familia-sin-Navidad-300x201.jpg 300w, https:\/\/www.elsindical.com.ar\/notas\/var\/www\/html\/notas\/wp-content\/uploads\/2023\/12\/Ninguna-familia-sin-Navidad-449x300.jpg 449w\" sizes=\"auto, (max-width: 700px) 100vw, 700px\" \/><\/a><\/figure>\n\n\n\n<figure class=\"wp-block-image size-large\"><a href=\"https:\/\/www.elsindical.com.ar\/notas\/var\/www\/html\/notas\/wp-content\/uploads\/2023\/12\/Ninguna-familia-sin-Navidad-2.jpg\"><img loading=\"lazy\" decoding=\"async\" width=\"700\" height=\"468\" data-id=\"127475\" src=\"https:\/\/www.elsindical.com.ar\/notas\/var\/www\/html\/notas\/wp-content\/uploads\/2023\/12\/Ninguna-familia-sin-Navidad-2.jpg\" alt=\"\" class=\"wp-image-127475\" srcset=\"https:\/\/www.elsindical.com.ar\/notas\/var\/www\/html\/notas\/wp-content\/uploads\/2023\/12\/Ninguna-familia-sin-Navidad-2.jpg 700w, https:\/\/www.elsindical.com.ar\/notas\/var\/www\/html\/notas\/wp-content\/uploads\/2023\/12\/Ninguna-familia-sin-Navidad-2-300x201.jpg 300w, https:\/\/www.elsindical.com.ar\/notas\/var\/www\/html\/notas\/wp-content\/uploads\/2023\/12\/Ninguna-familia-sin-Navidad-2-449x300.jpg 449w\" sizes=\"auto, (max-width: 700px) 100vw, 700px\" \/><\/a><\/figure>\n\n\n\n<figure class=\"wp-block-image size-large\"><a href=\"https:\/\/www.elsindical.com.ar\/notas\/var\/www\/html\/notas\/wp-content\/uploads\/2023\/12\/Ninguna-familia-sin-Navidad-3.jpg\"><img loading=\"lazy\" decoding=\"async\" width=\"700\" height=\"468\" data-id=\"127474\" src=\"https:\/\/www.elsindical.com.ar\/notas\/var\/www\/html\/notas\/wp-content\/uploads\/2023\/12\/Ninguna-familia-sin-Navidad-3.jpg\" alt=\"\" class=\"wp-image-127474\" srcset=\"https:\/\/www.elsindical.com.ar\/notas\/var\/www\/html\/notas\/wp-content\/uploads\/2023\/12\/Ninguna-familia-sin-Navidad-3.jpg 700w, https:\/\/www.elsindical.com.ar\/notas\/var\/www\/html\/notas\/wp-content\/uploads\/2023\/12\/Ninguna-familia-sin-Navidad-3-300x201.jpg 300w, https:\/\/www.elsindical.com.ar\/notas\/var\/www\/html\/notas\/wp-content\/uploads\/2023\/12\/Ninguna-familia-sin-Navidad-3-449x300.jpg 449w\" sizes=\"auto, (max-width: 700px) 100vw, 700px\" \/><\/a><\/figure>\n<\/figure>\n","protected":false},"excerpt":{"rendered":"<p>El evento fue organizado por el MTE de Juan Grabois y otras organizaciones sociales. Armaron mesas con alimentos para los m\u00e1s vulnerables bajo la consigna \u201cNinguna familia sin Navidad\u201d M\u00e1s de 4.000 personas en situaci\u00f3n de calle, trabajadores de la econom\u00eda popular y voluntarios asistieron este domingo a una cena de Nochebuena en la Plaza&hellip;<\/p>\n","protected":false},"author":1,"featured_media":127472,"comment_status":"open","ping_status":"open","sticky":false,"template":"","format":"standard","meta":{"footnotes":""},"categories":[25],"tags":[86,2450,41849,12733,41848,32082],"class_list":["post-127471","post","type-post","status-publish","format-standard","has-post-thumbnail","hentry","category-sociedad","tag-congreso","tag-diario-el-sindical","tag-ninguna-familia-sin-navidad","tag-organizaciones-sociales","tag-renacalle","tag-utep"],"_links":{"self":[{"href":"https:\/\/www.elsindical.com.ar\/notas\/wp-json\/wp\/v2\/posts\/127471","targetHints":{"allow":["GET"]}}],"collection":[{"href":"https:\/\/www.elsindical.com.ar\/notas\/wp-json\/wp\/v2\/posts"}],"about":[{"href":"https:\/\/www.elsindical.com.ar\/notas\/wp-json\/wp\/v2\/types\/post"}],"author":[{"embeddable":true,"href":"https:\/\/www.elsindical.com.ar\/notas\/wp-json\/wp\/v2\/users\/1"}],"replies":[{"embeddable":true,"href":"https:\/\/www.elsindical.com.ar\/notas\/wp-json\/wp\/v2\/comments?post=127471"}],"version-history":[{"count":1,"href":"https:\/\/www.elsindical.com.ar\/notas\/wp-json\/wp\/v2\/posts\/127471\/revisions"}],"predecessor-version":[{"id":127476,"href":"https:\/\/www.elsindical.com.ar\/notas\/wp-json\/wp\/v2\/posts\/127471\/revisions\/127476"}],"wp:featuredmedia":[{"embeddable":true,"href":"https:\/\/www.elsindical.com.ar\/notas\/wp-json\/wp\/v2\/media\/127472"}],"wp:attachment":[{"href":"https:\/\/www.elsindical.com.ar\/notas\/wp-json\/wp\/v2\/media?parent=127471"}],"wp:term":[{"taxonomy":"category","embeddable":true,"href":"https:\/\/www.elsindical.com.ar\/notas\/wp-json\/wp\/v2\/categories?post=127471"},{"taxonomy":"post_tag","embeddable":true,"href":"https:\/\/www.elsindical.com.ar\/notas\/wp-json\/wp\/v2\/tags?post=127471"}],"curies":[{"name":"wp","href":"https:\/\/api.w.org\/{rel}","templated":true}]}}