{"id":127460,"date":"2023-12-24T20:18:09","date_gmt":"2023-12-24T23:18:09","guid":{"rendered":"https:\/\/www.elsindical.com.ar\/notas\/?p=127460"},"modified":"2023-12-24T20:18:14","modified_gmt":"2023-12-24T23:18:14","slug":"avellaneda-visita-nocturna-para-ver-la-luna-llena-en-el-parque-del-rio","status":"publish","type":"post","link":"https:\/\/www.elsindical.com.ar\/notas\/avellaneda-visita-nocturna-para-ver-la-luna-llena-en-el-parque-del-rio\/","title":{"rendered":"Avellaneda: Visita nocturna para ver la luna llena en el Parque del R\u00edo"},"content":{"rendered":"<div class=\"wp-block-image\">\n<figure class=\"aligncenter size-full\"><a href=\"https:\/\/www.elsindical.com.ar\/notas\/var\/www\/html\/notas\/wp-content\/uploads\/2023\/12\/Luna-llena-en-el-Parque-del-Rio-Avellaneda.jpg\"><img loading=\"lazy\" decoding=\"async\" width=\"1000\" height=\"562\" src=\"https:\/\/www.elsindical.com.ar\/notas\/var\/www\/html\/notas\/wp-content\/uploads\/2023\/12\/Luna-llena-en-el-Parque-del-Rio-Avellaneda.jpg\" alt=\"\" class=\"wp-image-127461\" srcset=\"https:\/\/www.elsindical.com.ar\/notas\/var\/www\/html\/notas\/wp-content\/uploads\/2023\/12\/Luna-llena-en-el-Parque-del-Rio-Avellaneda.jpg 1000w, https:\/\/www.elsindical.com.ar\/notas\/var\/www\/html\/notas\/wp-content\/uploads\/2023\/12\/Luna-llena-en-el-Parque-del-Rio-Avellaneda-300x169.jpg 300w, https:\/\/www.elsindical.com.ar\/notas\/var\/www\/html\/notas\/wp-content\/uploads\/2023\/12\/Luna-llena-en-el-Parque-del-Rio-Avellaneda-768x432.jpg 768w, https:\/\/www.elsindical.com.ar\/notas\/var\/www\/html\/notas\/wp-content\/uploads\/2023\/12\/Luna-llena-en-el-Parque-del-Rio-Avellaneda-500x281.jpg 500w, https:\/\/www.elsindical.com.ar\/notas\/var\/www\/html\/notas\/wp-content\/uploads\/2023\/12\/Luna-llena-en-el-Parque-del-Rio-Avellaneda-460x260.jpg 460w\" sizes=\"auto, (max-width: 1000px) 100vw, 1000px\" \/><\/a><\/figure>\n<\/div>\n\n\n<p class=\"wp-block-paragraph\">El Parque del R\u00edo forma parte de la costa ribere\u00f1a de Sarand\u00ed y Dom\u00ednico.<\/p>\n\n\n\n<p class=\"wp-block-paragraph\">El Municipio de Avellaneda realizar\u00e1 un <strong>recorrido nocturno en autobus que atravesar\u00e1 parte de la zona de reserva del parque del r\u00edo<\/strong> que permitir\u00e1 descubrir su entorno social y natural signado por diferentes procesos hist\u00f3ricos y pol\u00edticos.<\/p>\n\n\n\n<p class=\"wp-block-paragraph\">El recorrido finalizar\u00e1 en el Parque del R\u00edo, donde tendr\u00e1n un tiempo para <strong>disfrutar de la noche de luna llena con vista al R\u00edo de la Plata.<\/strong><\/p>\n\n\n\n<p class=\"wp-block-paragraph\">El evento ser\u00e1 el <strong>mi\u00e9rcoles 27 de diciembre de 19 a 21 y de 19.30 a 21,30 y la salida ser\u00e1 desde Av. Mitre y Gelly y Obes en Sarand\u00ed.<\/strong><\/p>\n\n\n\n<p class=\"wp-block-paragraph\">El Parque del R\u00edo forma parte de la <strong>costa ribere\u00f1a de Sarand\u00ed y Dom\u00ednico<\/strong>, un espacio puesto en valor que devuelve el acceso al R\u00edo de la Plata y nos permite disfrutar todos los d\u00edas de la naturaleza.<\/p>\n\n\n\n<p class=\"wp-block-paragraph\">Desde la organizaci\u00f3n solicitan que quienes concurran <strong>lleven repelente <\/strong>y agua fr\u00eda, y se puede llevar mate y cosas para compartir.<\/p>\n\n\n\n<p class=\"wp-block-paragraph\">El <strong>formulario de inscripci\u00f3n se abrir\u00e1 el martes 26 de diciembre<\/strong> a las 10 <a href=\"https:\/\/linktr.ee\/avellanedatur\">en este enlace<\/a><\/p>\n\n\n\n<p class=\"wp-block-paragraph\">M\u00e1s informaci\u00f3n en <a href=\"mailto:consultasturismomda@gmail.com\">consultasturismomda@gmail.com<\/a> o en en <a href=\"https:\/\/www.instagram.com\/turismomda\/\">Instagram de Turismo de Avellaneda<\/a>.<\/p>\n","protected":false},"excerpt":{"rendered":"<p>El Parque del R\u00edo forma parte de la costa ribere\u00f1a de Sarand\u00ed y Dom\u00ednico. El Municipio de Avellaneda realizar\u00e1 un recorrido nocturno en autobus que atravesar\u00e1 parte de la zona de reserva del parque del r\u00edo que permitir\u00e1 descubrir su entorno social y natural signado por diferentes procesos hist\u00f3ricos y pol\u00edticos. El recorrido finalizar\u00e1 en&hellip;<\/p>\n","protected":false},"author":1,"featured_media":127461,"comment_status":"open","ping_status":"open","sticky":false,"template":"","format":"standard","meta":{"footnotes":""},"categories":[25],"tags":[461,2450,41845,39753,2531,41846],"class_list":["post-127460","post","type-post","status-publish","format-standard","has-post-thumbnail","hentry","category-sociedad","tag-avellaneda","tag-diario-el-sindical","tag-luna-llena","tag-parque-del-rio","tag-turismo","tag-visita-nocturna"],"_links":{"self":[{"href":"https:\/\/www.elsindical.com.ar\/notas\/wp-json\/wp\/v2\/posts\/127460","targetHints":{"allow":["GET"]}}],"collection":[{"href":"https:\/\/www.elsindical.com.ar\/notas\/wp-json\/wp\/v2\/posts"}],"about":[{"href":"https:\/\/www.elsindical.com.ar\/notas\/wp-json\/wp\/v2\/types\/post"}],"author":[{"embeddable":true,"href":"https:\/\/www.elsindical.com.ar\/notas\/wp-json\/wp\/v2\/users\/1"}],"replies":[{"embeddable":true,"href":"https:\/\/www.elsindical.com.ar\/notas\/wp-json\/wp\/v2\/comments?post=127460"}],"version-history":[{"count":1,"href":"https:\/\/www.elsindical.com.ar\/notas\/wp-json\/wp\/v2\/posts\/127460\/revisions"}],"predecessor-version":[{"id":127462,"href":"https:\/\/www.elsindical.com.ar\/notas\/wp-json\/wp\/v2\/posts\/127460\/revisions\/127462"}],"wp:featuredmedia":[{"embeddable":true,"href":"https:\/\/www.elsindical.com.ar\/notas\/wp-json\/wp\/v2\/media\/127461"}],"wp:attachment":[{"href":"https:\/\/www.elsindical.com.ar\/notas\/wp-json\/wp\/v2\/media?parent=127460"}],"wp:term":[{"taxonomy":"category","embeddable":true,"href":"https:\/\/www.elsindical.com.ar\/notas\/wp-json\/wp\/v2\/categories?post=127460"},{"taxonomy":"post_tag","embeddable":true,"href":"https:\/\/www.elsindical.com.ar\/notas\/wp-json\/wp\/v2\/tags?post=127460"}],"curies":[{"name":"wp","href":"https:\/\/api.w.org\/{rel}","templated":true}]}}