{"id":127455,"date":"2023-12-24T20:14:36","date_gmt":"2023-12-24T23:14:36","guid":{"rendered":"https:\/\/www.elsindical.com.ar\/notas\/?p=127455"},"modified":"2023-12-24T20:14:41","modified_gmt":"2023-12-24T23:14:41","slug":"la-unlz-entrego-certificados-de-oficios-en-las-carceles-40-y-58","status":"publish","type":"post","link":"https:\/\/www.elsindical.com.ar\/notas\/la-unlz-entrego-certificados-de-oficios-en-las-carceles-40-y-58\/","title":{"rendered":"La UNLZ entreg\u00f3 certificados de oficios en las c\u00e1rceles 40 y 58"},"content":{"rendered":"<div class=\"wp-block-image\">\n<figure class=\"aligncenter size-large\"><a href=\"https:\/\/www.elsindical.com.ar\/notas\/var\/www\/html\/notas\/wp-content\/uploads\/2023\/12\/UNLZ-entrega-certificados-Unidades-40-y-58-1.jpg\"><img loading=\"lazy\" decoding=\"async\" width=\"1024\" height=\"693\" src=\"https:\/\/www.elsindical.com.ar\/notas\/var\/www\/html\/notas\/wp-content\/uploads\/2023\/12\/UNLZ-entrega-certificados-Unidades-40-y-58-1-1024x693.jpg\" alt=\"\" class=\"wp-image-127456\" srcset=\"https:\/\/www.elsindical.com.ar\/notas\/var\/www\/html\/notas\/wp-content\/uploads\/2023\/12\/UNLZ-entrega-certificados-Unidades-40-y-58-1-1024x693.jpg 1024w, https:\/\/www.elsindical.com.ar\/notas\/var\/www\/html\/notas\/wp-content\/uploads\/2023\/12\/UNLZ-entrega-certificados-Unidades-40-y-58-1-300x203.jpg 300w, https:\/\/www.elsindical.com.ar\/notas\/var\/www\/html\/notas\/wp-content\/uploads\/2023\/12\/UNLZ-entrega-certificados-Unidades-40-y-58-1-768x519.jpg 768w, https:\/\/www.elsindical.com.ar\/notas\/var\/www\/html\/notas\/wp-content\/uploads\/2023\/12\/UNLZ-entrega-certificados-Unidades-40-y-58-1-444x300.jpg 444w, https:\/\/www.elsindical.com.ar\/notas\/var\/www\/html\/notas\/wp-content\/uploads\/2023\/12\/UNLZ-entrega-certificados-Unidades-40-y-58-1-1536x1039.jpg 1536w, https:\/\/www.elsindical.com.ar\/notas\/var\/www\/html\/notas\/wp-content\/uploads\/2023\/12\/UNLZ-entrega-certificados-Unidades-40-y-58-1.jpg 2048w\" sizes=\"auto, (max-width: 1024px) 100vw, 1024px\" \/><\/a><\/figure>\n<\/div>\n\n\n<p class=\"wp-block-paragraph\">M\u00e1s de <strong>100 personas privadas de la libertad recibieron la certificaci\u00f3n de los cursos de oficios <\/strong>que la Universidad Nacional de Lomas de Zamora (UNLZ) implement\u00f3 en las unidades penitenciarias 40 y 58.<\/p>\n\n\n\n<p class=\"wp-block-paragraph\">En esta oportunidad, los internos realizaron cursos de <strong>construcci\u00f3n en seco, atenci\u00f3n al cliente, instalaci\u00f3n el\u00e9ctrica domiciliaria, y reparaci\u00f3n y colocaci\u00f3n de aire acondicionado<\/strong>.<\/p>\n\n\n\n<p class=\"wp-block-paragraph\">Durante el acto en la unidad penal 58, uno de los internos tom\u00f3 la palabra para agradecer por el diploma <strong>\u201cy por la oportunidad de salir de ac\u00e1 con otro pensamiento\u201d.<\/strong><\/p>\n\n\n\n<p class=\"wp-block-paragraph\">La Escuela Universitaria de Oficios de la UNLZ fue creada hace diez a\u00f1os con el prop\u00f3sito de ofrecer <strong>capacitaci\u00f3n de calidad para el fortalecimiento de lazos con el mundo laboral <\/strong>o su inserci\u00f3n en \u00e9l.<\/p>\n\n\n\n<p class=\"wp-block-paragraph\">En ese sentido, apunta a la poblaci\u00f3n que vea vulnerado su derecho al trabajo y a la educaci\u00f3n, principalmente <strong>j\u00f3venes desocupados, sub-ocupados, trabajadores de la econom\u00eda informal o personas con niveles de escolaridad obligatorios incompletos.<\/strong><\/p>\n\n\n\n<p class=\"wp-block-paragraph\">En 2022, a trav\u00e9s de una iniciativa en conjunto <strong>con el Municipio de Lomas de Zamora, la Provincia y el Patronato de Liberados<\/strong>, se extendi\u00f3 el programa a las c\u00e1rceles de la regi\u00f3n.<\/p>\n\n\n\n<p class=\"wp-block-paragraph\">\u201cEstamos <strong>muy contentos por el esfuerzo y dedicaci\u00f3n <\/strong>que pusieron para realizar los cursos, que puedan pensar en la inserci\u00f3n laboral\u201d, sostuvo el secretario de Extensi\u00f3n Universitaria de la UNLZ, Pablo Vellani.<\/p>\n\n\n\n<p class=\"wp-block-paragraph\">Por su parte, la directora municipal de Reinserci\u00f3n Social, Viviana Guido destac\u00f3 el rol inclusivo de la Universidad: <strong>\u201cEn tiempo dif\u00edciles es momento para estar para el otro\u201d.<\/strong><\/p>\n\n\n\n<p class=\"wp-block-paragraph\">En la misma l\u00ednea, el juez del Tribunal en lo Criminal 7 de Lomas de Zamora y vicedirector del Centro de Estudios Judiciales de la UNLZ, Roberto Conti, <strong>agradeci\u00f3 el trabajo de las instituciones intervinientes y resalt\u00f3 que el objetivo de estas capacitaciones es darles herramientas para el futuro<\/strong>.<\/p>\n\n\n\n<p class=\"wp-block-paragraph\">Adem\u00e1s, estuvieron presentes en el acto de entrega el subsecretario de Extensi\u00f3n, Nazareno Car\u00edsimo, y el director de Cultura, Gabriel Agri.<\/p>\n\n\n\n<figure class=\"wp-block-gallery has-nested-images columns-1 is-cropped wp-block-gallery-1 is-layout-flex wp-block-gallery-is-layout-flex\">\n<figure class=\"wp-block-image size-large\"><a href=\"https:\/\/www.elsindical.com.ar\/notas\/var\/www\/html\/notas\/wp-content\/uploads\/2023\/12\/UNLZ-entrega-certificados-Unidades-40-y-58-2.jpg\"><img loading=\"lazy\" decoding=\"async\" width=\"1024\" height=\"683\" data-id=\"127458\" src=\"https:\/\/www.elsindical.com.ar\/notas\/var\/www\/html\/notas\/wp-content\/uploads\/2023\/12\/UNLZ-entrega-certificados-Unidades-40-y-58-2-1024x683.jpg\" alt=\"\" class=\"wp-image-127458\" srcset=\"https:\/\/www.elsindical.com.ar\/notas\/var\/www\/html\/notas\/wp-content\/uploads\/2023\/12\/UNLZ-entrega-certificados-Unidades-40-y-58-2-1024x683.jpg 1024w, https:\/\/www.elsindical.com.ar\/notas\/var\/www\/html\/notas\/wp-content\/uploads\/2023\/12\/UNLZ-entrega-certificados-Unidades-40-y-58-2-300x200.jpg 300w, https:\/\/www.elsindical.com.ar\/notas\/var\/www\/html\/notas\/wp-content\/uploads\/2023\/12\/UNLZ-entrega-certificados-Unidades-40-y-58-2-768x512.jpg 768w, https:\/\/www.elsindical.com.ar\/notas\/var\/www\/html\/notas\/wp-content\/uploads\/2023\/12\/UNLZ-entrega-certificados-Unidades-40-y-58-2-450x300.jpg 450w, https:\/\/www.elsindical.com.ar\/notas\/var\/www\/html\/notas\/wp-content\/uploads\/2023\/12\/UNLZ-entrega-certificados-Unidades-40-y-58-2-1536x1024.jpg 1536w, https:\/\/www.elsindical.com.ar\/notas\/var\/www\/html\/notas\/wp-content\/uploads\/2023\/12\/UNLZ-entrega-certificados-Unidades-40-y-58-2.jpg 2048w\" sizes=\"auto, (max-width: 1024px) 100vw, 1024px\" \/><\/a><\/figure>\n\n\n\n<figure class=\"wp-block-image size-large\"><a href=\"https:\/\/www.elsindical.com.ar\/notas\/var\/www\/html\/notas\/wp-content\/uploads\/2023\/12\/UNLZ-entrega-certificados-Unidades-40-y-58-3.jpg\"><img loading=\"lazy\" decoding=\"async\" width=\"1024\" height=\"683\" data-id=\"127457\" src=\"https:\/\/www.elsindical.com.ar\/notas\/var\/www\/html\/notas\/wp-content\/uploads\/2023\/12\/UNLZ-entrega-certificados-Unidades-40-y-58-3-1024x683.jpg\" alt=\"\" class=\"wp-image-127457\" srcset=\"https:\/\/www.elsindical.com.ar\/notas\/var\/www\/html\/notas\/wp-content\/uploads\/2023\/12\/UNLZ-entrega-certificados-Unidades-40-y-58-3-1024x683.jpg 1024w, https:\/\/www.elsindical.com.ar\/notas\/var\/www\/html\/notas\/wp-content\/uploads\/2023\/12\/UNLZ-entrega-certificados-Unidades-40-y-58-3-300x200.jpg 300w, https:\/\/www.elsindical.com.ar\/notas\/var\/www\/html\/notas\/wp-content\/uploads\/2023\/12\/UNLZ-entrega-certificados-Unidades-40-y-58-3-768x512.jpg 768w, https:\/\/www.elsindical.com.ar\/notas\/var\/www\/html\/notas\/wp-content\/uploads\/2023\/12\/UNLZ-entrega-certificados-Unidades-40-y-58-3-450x300.jpg 450w, https:\/\/www.elsindical.com.ar\/notas\/var\/www\/html\/notas\/wp-content\/uploads\/2023\/12\/UNLZ-entrega-certificados-Unidades-40-y-58-3-1536x1024.jpg 1536w, https:\/\/www.elsindical.com.ar\/notas\/var\/www\/html\/notas\/wp-content\/uploads\/2023\/12\/UNLZ-entrega-certificados-Unidades-40-y-58-3.jpg 2048w\" sizes=\"auto, (max-width: 1024px) 100vw, 1024px\" \/><\/a><\/figure>\n<\/figure>\n","protected":false},"excerpt":{"rendered":"<p>M\u00e1s de 100 personas privadas de la libertad recibieron la certificaci\u00f3n de los cursos de oficios que la Universidad Nacional de Lomas de Zamora (UNLZ) implement\u00f3 en las unidades penitenciarias 40 y 58. En esta oportunidad, los internos realizaron cursos de construcci\u00f3n en seco, atenci\u00f3n al cliente, instalaci\u00f3n el\u00e9ctrica domiciliaria, y reparaci\u00f3n y colocaci\u00f3n de&hellip;<\/p>\n","protected":false},"author":1,"featured_media":127456,"comment_status":"open","ping_status":"open","sticky":false,"template":"","format":"standard","meta":{"footnotes":""},"categories":[19],"tags":[2450,41843,32918,41844,4140],"class_list":["post-127455","post","type-post","status-publish","format-standard","has-post-thumbnail","hentry","category-intramuros","tag-diario-el-sindical","tag-entrega-certficados","tag-unidad-penal-40-lomas-de-zamora","tag-unidad-penal-58-lomas-de-zamora","tag-unlz"],"_links":{"self":[{"href":"https:\/\/www.elsindical.com.ar\/notas\/wp-json\/wp\/v2\/posts\/127455","targetHints":{"allow":["GET"]}}],"collection":[{"href":"https:\/\/www.elsindical.com.ar\/notas\/wp-json\/wp\/v2\/posts"}],"about":[{"href":"https:\/\/www.elsindical.com.ar\/notas\/wp-json\/wp\/v2\/types\/post"}],"author":[{"embeddable":true,"href":"https:\/\/www.elsindical.com.ar\/notas\/wp-json\/wp\/v2\/users\/1"}],"replies":[{"embeddable":true,"href":"https:\/\/www.elsindical.com.ar\/notas\/wp-json\/wp\/v2\/comments?post=127455"}],"version-history":[{"count":1,"href":"https:\/\/www.elsindical.com.ar\/notas\/wp-json\/wp\/v2\/posts\/127455\/revisions"}],"predecessor-version":[{"id":127459,"href":"https:\/\/www.elsindical.com.ar\/notas\/wp-json\/wp\/v2\/posts\/127455\/revisions\/127459"}],"wp:featuredmedia":[{"embeddable":true,"href":"https:\/\/www.elsindical.com.ar\/notas\/wp-json\/wp\/v2\/media\/127456"}],"wp:attachment":[{"href":"https:\/\/www.elsindical.com.ar\/notas\/wp-json\/wp\/v2\/media?parent=127455"}],"wp:term":[{"taxonomy":"category","embeddable":true,"href":"https:\/\/www.elsindical.com.ar\/notas\/wp-json\/wp\/v2\/categories?post=127455"},{"taxonomy":"post_tag","embeddable":true,"href":"https:\/\/www.elsindical.com.ar\/notas\/wp-json\/wp\/v2\/tags?post=127455"}],"curies":[{"name":"wp","href":"https:\/\/api.w.org\/{rel}","templated":true}]}}