{"id":127408,"date":"2023-12-22T21:31:12","date_gmt":"2023-12-23T00:31:12","guid":{"rendered":"https:\/\/www.elsindical.com.ar\/notas\/?p=127408"},"modified":"2023-12-22T21:31:16","modified_gmt":"2023-12-23T00:31:16","slug":"las-farmacias-alertan-contra-el-dnu-de-javier-milei","status":"publish","type":"post","link":"https:\/\/www.elsindical.com.ar\/notas\/las-farmacias-alertan-contra-el-dnu-de-javier-milei\/","title":{"rendered":"Las farmacias alertan contra el DNU de Javier Milei"},"content":{"rendered":"<div class=\"wp-block-image\">\n<figure class=\"aligncenter size-full\"><a href=\"https:\/\/www.elsindical.com.ar\/notas\/var\/www\/html\/notas\/wp-content\/uploads\/2023\/12\/FACAF-logo.png\"><img loading=\"lazy\" decoding=\"async\" width=\"600\" height=\"268\" src=\"https:\/\/www.elsindical.com.ar\/notas\/var\/www\/html\/notas\/wp-content\/uploads\/2023\/12\/FACAF-logo.png\" alt=\"\" class=\"wp-image-127409\" srcset=\"https:\/\/www.elsindical.com.ar\/notas\/var\/www\/html\/notas\/wp-content\/uploads\/2023\/12\/FACAF-logo.png 600w, https:\/\/www.elsindical.com.ar\/notas\/var\/www\/html\/notas\/wp-content\/uploads\/2023\/12\/FACAF-logo-300x134.png 300w, https:\/\/www.elsindical.com.ar\/notas\/var\/www\/html\/notas\/wp-content\/uploads\/2023\/12\/FACAF-logo-500x223.png 500w\" sizes=\"auto, (max-width: 600px) 100vw, 600px\" \/><\/a><\/figure>\n<\/div>\n\n\n<p>Los representantes de las farmacias alertan que el DNU pone en riesgo la salud, el modelo de farmacia profesional y la integridad de la profesi\u00f3n farmac\u00e9utica.<\/p>\n\n\n\n<p>La Federaci\u00f3n Aregentina de C\u00e1maras de Farmacias (FACAF), <strong>sali\u00f3 hoy a cuestionar el Decreto de Necisidad y Urgencia (DNU) emitido por el presidente, Javier Milei ,<\/strong>con el objetivo de \u201cdesregular\u201d la econom\u00eda macional.<\/p>\n\n\n\n<p>Seg\u00fan la gremial de las farmacias, el DNU pone <strong>\u201cen riesgo la salud, el modelo de farmacia profesional vigente, la integridad de la profesi\u00f3n farmac\u00e9utica\u201d, <\/strong>al tiempo que no es compatible con \u201clos principios constitucionales de la divisi\u00f3n de poderes y el federalismo\u201d.<\/p>\n\n\n\n<p>\u201cLa esencia misma de la farmacia argentina, concebida como un centro de salud con dispersi\u00f3n territorial, se ve amenazada por las disposiciones de este decreto, que <strong>promueven un modelo probadamente desacertado al intentar desregular y desprofesionalizar <\/strong>la funci\u00f3n de la farmacia\u201d, subraya<\/p>\n\n\n\n<p>En un comunicado, la FACAF considera que el decreto deja <strong>\u201cabierta la comercializaci\u00f3n, como si el medicamento fuese una mercanc\u00eda com\u00fan\u201d<\/strong>. De ese modo, concluye que se asemeja m\u00e1s \u201ca un plan de negocios que al uso racional de una herramienta esencial para la salud\u201d y alerta que se abre \u201cel camino a las m\u00e1s penosas adicciones.\u201d<\/p>\n\n\n\n<p>\u201cLa Federaci\u00f3n Argentina de C\u00e1maras de Farmacias siempre ha sostenido la importancia del <strong>rol de la farmacia como garante esencial de la salud<\/strong>, en consecuencia, redoblaremos los esfuerzos para que la farmacia argentina no sea afectada como resultado directo de este decreto y con ello se vea disminuido el derecho a la salud de los argentinos y el acceso al medicamento por parte de la poblaci\u00f3nE recalca.<\/p>\n\n\n\n<p>Por otra parte, pone de relieve que la salud es un \u201cderecho de cada provincia no delegado en el gobierno nacional\u201d por lo que <strong>creen necesario gestionar con las autoridades de cada estado federal <\/strong>para \u201cexplicar los riesgos sanitarios que conllevan estas medidas comprometiendo el acceso equitativo a medicamentos de calidad\u201d, concluye.<\/p>\n","protected":false},"excerpt":{"rendered":"<p>Los representantes de las farmacias alertan que el DNU pone en riesgo la salud, el modelo de farmacia profesional y la integridad de la profesi\u00f3n farmac\u00e9utica. La Federaci\u00f3n Aregentina de C\u00e1maras de Farmacias (FACAF), sali\u00f3 hoy a cuestionar el Decreto de Necisidad y Urgencia (DNU) emitido por el presidente, Javier Milei ,con el objetivo de&hellip;<\/p>\n","protected":false},"author":1,"featured_media":127409,"comment_status":"open","ping_status":"open","sticky":false,"template":"","format":"standard","meta":{"footnotes":""},"categories":[9,28],"tags":[2450,2187,41831,9566,28812,22031],"class_list":["post-127408","post","type-post","status-publish","format-standard","has-post-thumbnail","hentry","category-economia","category-empresariales","tag-diario-el-sindical","tag-dnu","tag-facaf","tag-farmacias","tag-javier-milei","tag-salud"],"_links":{"self":[{"href":"https:\/\/www.elsindical.com.ar\/notas\/wp-json\/wp\/v2\/posts\/127408","targetHints":{"allow":["GET"]}}],"collection":[{"href":"https:\/\/www.elsindical.com.ar\/notas\/wp-json\/wp\/v2\/posts"}],"about":[{"href":"https:\/\/www.elsindical.com.ar\/notas\/wp-json\/wp\/v2\/types\/post"}],"author":[{"embeddable":true,"href":"https:\/\/www.elsindical.com.ar\/notas\/wp-json\/wp\/v2\/users\/1"}],"replies":[{"embeddable":true,"href":"https:\/\/www.elsindical.com.ar\/notas\/wp-json\/wp\/v2\/comments?post=127408"}],"version-history":[{"count":1,"href":"https:\/\/www.elsindical.com.ar\/notas\/wp-json\/wp\/v2\/posts\/127408\/revisions"}],"predecessor-version":[{"id":127410,"href":"https:\/\/www.elsindical.com.ar\/notas\/wp-json\/wp\/v2\/posts\/127408\/revisions\/127410"}],"wp:featuredmedia":[{"embeddable":true,"href":"https:\/\/www.elsindical.com.ar\/notas\/wp-json\/wp\/v2\/media\/127409"}],"wp:attachment":[{"href":"https:\/\/www.elsindical.com.ar\/notas\/wp-json\/wp\/v2\/media?parent=127408"}],"wp:term":[{"taxonomy":"category","embeddable":true,"href":"https:\/\/www.elsindical.com.ar\/notas\/wp-json\/wp\/v2\/categories?post=127408"},{"taxonomy":"post_tag","embeddable":true,"href":"https:\/\/www.elsindical.com.ar\/notas\/wp-json\/wp\/v2\/tags?post=127408"}],"curies":[{"name":"wp","href":"https:\/\/api.w.org\/{rel}","templated":true}]}}