{"id":127397,"date":"2023-12-21T21:15:46","date_gmt":"2023-12-22T00:15:46","guid":{"rendered":"https:\/\/www.elsindical.com.ar\/notas\/?p=127397"},"modified":"2023-12-21T21:15:53","modified_gmt":"2023-12-22T00:15:53","slug":"peones-de-taxis-los-derechos-y-la-dignidad-no-se-arrasan-por-decreto","status":"publish","type":"post","link":"https:\/\/www.elsindical.com.ar\/notas\/peones-de-taxis-los-derechos-y-la-dignidad-no-se-arrasan-por-decreto\/","title":{"rendered":"Peones de Taxis: \u201cLos derechos y la dignidad no se arrasan por decreto\u201d"},"content":{"rendered":"<div class=\"wp-block-image\">\n<figure class=\"aligncenter size-full\"><a href=\"https:\/\/www.elsindical.com.ar\/notas\/var\/www\/html\/notas\/wp-content\/uploads\/2023\/12\/peones-de-taxi-movilizacion.jpeg\"><img loading=\"lazy\" decoding=\"async\" width=\"829\" height=\"567\" src=\"https:\/\/www.elsindical.com.ar\/notas\/var\/www\/html\/notas\/wp-content\/uploads\/2023\/12\/peones-de-taxi-movilizacion.jpeg\" alt=\"\" class=\"wp-image-127398\" srcset=\"https:\/\/www.elsindical.com.ar\/notas\/var\/www\/html\/notas\/wp-content\/uploads\/2023\/12\/peones-de-taxi-movilizacion.jpeg 829w, https:\/\/www.elsindical.com.ar\/notas\/var\/www\/html\/notas\/wp-content\/uploads\/2023\/12\/peones-de-taxi-movilizacion-300x205.jpeg 300w, https:\/\/www.elsindical.com.ar\/notas\/var\/www\/html\/notas\/wp-content\/uploads\/2023\/12\/peones-de-taxi-movilizacion-768x525.jpeg 768w, https:\/\/www.elsindical.com.ar\/notas\/var\/www\/html\/notas\/wp-content\/uploads\/2023\/12\/peones-de-taxi-movilizacion-439x300.jpeg 439w\" sizes=\"auto, (max-width: 829px) 100vw, 829px\" \/><\/a><\/figure>\n<\/div>\n\n\n<p>El Consejo Directivo de la Federaci\u00f3n Nacional de Peones de Taxis (Fepetax), que encabeza Jorge Garc\u00eda, se declar\u00f3 en Estado de \u201cAlerta y Movilizaci\u00f3n\u201d y repudi\u00f3 en\u00e9rgicamente el Decreto presidencial ya que \u201ca cuarenta a\u00f1os de Democracia y luego de haber logrado con luchas y sangre de m\u00e1rtires obreros la concordia y democracia en nuestra Patria, pretenden ahora arrasar los derechos de los ciudadanos y enajenar la riqueza de la Naci\u00f3n peor que en \u00e9pocas de dictaduras\u201d, indicaron Garc\u00eda y Miguel Soto, Secretario de Finanzas de la Federaci\u00f3n.<\/p>\n\n\n\n<p>Adem\u00e1s, sostuvieron que \u201cno nos quedaremos de brazos cruzados, los derechos de los trabajadores y la dignidad del pueblo no se negocian a favor de unos pocos\u201d.<\/p>\n\n\n\n<p>Para finalizar, manifestaron: \u201cNuestro compromiso con el movimiento obrero no reconoce amenazas y, en consulta con el Congreso Nacional de Delegados, declaramos el ESTADO de ALERTA Y MOVILIZACI\u00d3N\u201d.<\/p>\n\n\n\n<p>El comunicado lleva la firma tambi\u00e9n de Horacio Yannotti, Secretario Gremial; Miguel Soto, Secretario de Finanzas y Donato Cirone como Secretario Adjunto.<\/p>\n","protected":false},"excerpt":{"rendered":"<p>El Consejo Directivo de la Federaci\u00f3n Nacional de Peones de Taxis (Fepetax), que encabeza Jorge Garc\u00eda, se declar\u00f3 en Estado de \u201cAlerta y Movilizaci\u00f3n\u201d y repudi\u00f3 en\u00e9rgicamente el Decreto presidencial ya que \u201ca cuarenta a\u00f1os de Democracia y luego de haber logrado con luchas y sangre de m\u00e1rtires obreros la concordia y democracia en nuestra&hellip;<\/p>\n","protected":false},"author":1,"featured_media":127398,"comment_status":"open","ping_status":"open","sticky":false,"template":"","format":"standard","meta":{"footnotes":""},"categories":[16],"tags":[2450,2187,34703,4928],"class_list":["post-127397","post","type-post","status-publish","format-standard","has-post-thumbnail","hentry","category-gremiales","tag-diario-el-sindical","tag-dnu","tag-jorge-garcia","tag-peones-de-taxis"],"_links":{"self":[{"href":"https:\/\/www.elsindical.com.ar\/notas\/wp-json\/wp\/v2\/posts\/127397","targetHints":{"allow":["GET"]}}],"collection":[{"href":"https:\/\/www.elsindical.com.ar\/notas\/wp-json\/wp\/v2\/posts"}],"about":[{"href":"https:\/\/www.elsindical.com.ar\/notas\/wp-json\/wp\/v2\/types\/post"}],"author":[{"embeddable":true,"href":"https:\/\/www.elsindical.com.ar\/notas\/wp-json\/wp\/v2\/users\/1"}],"replies":[{"embeddable":true,"href":"https:\/\/www.elsindical.com.ar\/notas\/wp-json\/wp\/v2\/comments?post=127397"}],"version-history":[{"count":1,"href":"https:\/\/www.elsindical.com.ar\/notas\/wp-json\/wp\/v2\/posts\/127397\/revisions"}],"predecessor-version":[{"id":127399,"href":"https:\/\/www.elsindical.com.ar\/notas\/wp-json\/wp\/v2\/posts\/127397\/revisions\/127399"}],"wp:featuredmedia":[{"embeddable":true,"href":"https:\/\/www.elsindical.com.ar\/notas\/wp-json\/wp\/v2\/media\/127398"}],"wp:attachment":[{"href":"https:\/\/www.elsindical.com.ar\/notas\/wp-json\/wp\/v2\/media?parent=127397"}],"wp:term":[{"taxonomy":"category","embeddable":true,"href":"https:\/\/www.elsindical.com.ar\/notas\/wp-json\/wp\/v2\/categories?post=127397"},{"taxonomy":"post_tag","embeddable":true,"href":"https:\/\/www.elsindical.com.ar\/notas\/wp-json\/wp\/v2\/tags?post=127397"}],"curies":[{"name":"wp","href":"https:\/\/api.w.org\/{rel}","templated":true}]}}