{"id":12739,"date":"2011-03-01T14:58:52","date_gmt":"2011-03-01T17:58:52","guid":{"rendered":"http:\/\/www.elsindical.com.ar\/notas\/?p=12739"},"modified":"2011-03-01T14:59:13","modified_gmt":"2011-03-01T17:59:13","slug":"retiraron-del-mercado-alimentos-de-la-marca-nestle","status":"publish","type":"post","link":"https:\/\/www.elsindical.com.ar\/notas\/retiraron-del-mercado-alimentos-de-la-marca-nestle\/","title":{"rendered":"Retiraron del mercado alimentos de la marca Nestl\u00e9"},"content":{"rendered":"<p style=\"text-align: justify;\"><em><a href=\"http:\/\/www.elsindical.com.ar\/notas\/var\/www\/html\/notas\/wp-content\/uploads\/2011\/03\/Nestum-5-cereales.jpg\"><img loading=\"lazy\" decoding=\"async\" class=\"alignleft size-medium wp-image-12740\" title=\"Nestum-5-cereales\" src=\"http:\/\/www.elsindical.com.ar\/notas\/var\/www\/html\/notas\/wp-content\/uploads\/2011\/03\/Nestum-5-cereales-300x221.jpg\" alt=\"\" width=\"300\" height=\"221\" srcset=\"https:\/\/www.elsindical.com.ar\/notas\/var\/www\/html\/notas\/wp-content\/uploads\/2011\/03\/Nestum-5-cereales-300x221.jpg 300w, https:\/\/www.elsindical.com.ar\/notas\/var\/www\/html\/notas\/wp-content\/uploads\/2011\/03\/Nestum-5-cereales.jpg 325w\" sizes=\"auto, (max-width: 300px) 100vw, 300px\" \/><\/a>Seg\u00fan inform\u00f3 en un comunicado oficial la Administraci\u00f3n Nacional de Medicamentos, Alimentos y Tecnolog\u00eda M\u00e9dica (ANMAT), la empresa Nestl\u00e9 retir\u00f3 del mercado dos lotes de alimentos para beb\u00e9s. Se trata de los productos Nestum Ma\u00edz y Nestum Cinco Cereales dado que advirtieron una falla en la mezcal de los componentes de los mismos, por lo cual los niveles de vitaminas y zinc resultaron superiores a los permitidos. Piden a los consumidores que, de haber comprado estos productos, controlen que los mismos no sean ni del lote n\u00famero 03280242 ni del n\u00famero 10270242.<\/em><\/p>\n<p style=\"text-align: justify;\">La empresa Nestl\u00e9 decidi\u00f3 retirar del mercado los productos de la l\u00ednea Nestum Ma\u00edz y Nestum Cinco Cereales, con lotes 03280242 y 10270242, respectivamente, dado que advirtieron una falla en la elaboraci\u00f3n, que como resultado dio un mayor nivel de vitaminas y de zinc mayores que los permitidos.<\/p>\n<p>Se trata de \u201cProducto en polvo a base de harina de ma\u00edz, vitaminas y minerales, para lactantes a partir del sexto mes de vida y ni\u00f1os en la primera infancia Nestl\u00e9 Nestum por 200 gramos, lote n\u00famero 03280242\u201d, con fecha de elaboraci\u00f3n 24 de noviembre del 2010 y de vencimiento al 24 de febrero del 2012.<\/p>\n<p>El otro es el \u201cProducto en polvo a base de harina de trigo, cebada, avena, ma\u00edz, arroz, vitaminas y minerales, para lactantes a partir del sexto mes de vida y ni\u00f1os en la primera infancia Nestl\u00e9 Nestum por 400 gramos, lote n\u00famero 10270242\u201d, con fecha de elaboraci\u00f3n 27 de noviembre del 2010 y de vencimiento al 27 de febrero del 2012.<\/p>\n<p>Seg\u00fan la empresa, la elaboraci\u00f3n final result\u00f3 con mayores niveles de vitaminas y zinc a los que habitualmente contienen estos productos.<\/p>\n<p>Por tal, advierten a quienes tengan en su poder estos alimentos que se abstengan de consumirlos, dado que pueden ser perjudiciales para la salud.<\/p>\n","protected":false},"excerpt":{"rendered":"<p>Seg\u00fan inform\u00f3 en un comunicado oficial la Administraci\u00f3n Nacional de Medicamentos, Alimentos y Tecnolog\u00eda M\u00e9dica (ANMAT), la empresa Nestl\u00e9 retir\u00f3 del mercado dos lotes de alimentos para beb\u00e9s. Se trata de los productos Nestum Ma\u00edz y Nestum Cinco Cereales dado que advirtieron una falla en la mezcal de los componentes de los mismos, por lo&hellip;<\/p>\n","protected":false},"author":1,"featured_media":0,"comment_status":"open","ping_status":"open","sticky":false,"template":"","format":"standard","meta":{"footnotes":""},"categories":[23],"tags":[1394,6110,3950,6111,6109,6114,22031,6112,6113],"class_list":["post-12739","post","type-post","status-publish","format-standard","hentry","category-salud","tag-anmat","tag-avena","tag-cereales","tag-maiz","tag-nestum","tag-productos","tag-salud","tag-vitaminas","tag-zinc"],"_links":{"self":[{"href":"https:\/\/www.elsindical.com.ar\/notas\/wp-json\/wp\/v2\/posts\/12739","targetHints":{"allow":["GET"]}}],"collection":[{"href":"https:\/\/www.elsindical.com.ar\/notas\/wp-json\/wp\/v2\/posts"}],"about":[{"href":"https:\/\/www.elsindical.com.ar\/notas\/wp-json\/wp\/v2\/types\/post"}],"author":[{"embeddable":true,"href":"https:\/\/www.elsindical.com.ar\/notas\/wp-json\/wp\/v2\/users\/1"}],"replies":[{"embeddable":true,"href":"https:\/\/www.elsindical.com.ar\/notas\/wp-json\/wp\/v2\/comments?post=12739"}],"version-history":[{"count":2,"href":"https:\/\/www.elsindical.com.ar\/notas\/wp-json\/wp\/v2\/posts\/12739\/revisions"}],"predecessor-version":[{"id":12742,"href":"https:\/\/www.elsindical.com.ar\/notas\/wp-json\/wp\/v2\/posts\/12739\/revisions\/12742"}],"wp:attachment":[{"href":"https:\/\/www.elsindical.com.ar\/notas\/wp-json\/wp\/v2\/media?parent=12739"}],"wp:term":[{"taxonomy":"category","embeddable":true,"href":"https:\/\/www.elsindical.com.ar\/notas\/wp-json\/wp\/v2\/categories?post=12739"},{"taxonomy":"post_tag","embeddable":true,"href":"https:\/\/www.elsindical.com.ar\/notas\/wp-json\/wp\/v2\/tags?post=12739"}],"curies":[{"name":"wp","href":"https:\/\/api.w.org\/{rel}","templated":true}]}}