{"id":12735,"date":"2011-03-01T01:38:16","date_gmt":"2011-03-01T04:38:16","guid":{"rendered":"http:\/\/www.elsindical.com.ar\/notas\/?p=12735"},"modified":"2011-03-01T01:38:16","modified_gmt":"2011-03-01T04:38:16","slug":"san-martinbalearon-al-chofer-del-intendente-ivoskus","status":"publish","type":"post","link":"https:\/\/www.elsindical.com.ar\/notas\/san-martinbalearon-al-chofer-del-intendente-ivoskus\/","title":{"rendered":"San Mart\u00edn:Balearon al chofer del intendente Ivoskus"},"content":{"rendered":"<div>\n<p style=\"text-align: justify;\"><em><a href=\"http:\/\/www.elsindical.com.ar\/notas\/var\/www\/html\/notas\/wp-content\/uploads\/2011\/03\/Ricardo-Ivoskus.jpg\"><img loading=\"lazy\" decoding=\"async\" class=\"alignleft size-medium wp-image-12736\" title=\"Ricardo-Ivoskus\" src=\"http:\/\/www.elsindical.com.ar\/notas\/var\/www\/html\/notas\/wp-content\/uploads\/2011\/03\/Ricardo-Ivoskus-300x168.jpg\" alt=\"\" width=\"300\" height=\"168\" srcset=\"https:\/\/www.elsindical.com.ar\/notas\/var\/www\/html\/notas\/wp-content\/uploads\/2011\/03\/Ricardo-Ivoskus-300x168.jpg 300w, https:\/\/www.elsindical.com.ar\/notas\/var\/www\/html\/notas\/wp-content\/uploads\/2011\/03\/Ricardo-Ivoskus.jpg 413w\" sizes=\"auto, (max-width: 300px) 100vw, 300px\" \/><\/a>Ocurri\u00f3 esta noche, mientras Ricardo Ivoskus, el mandatario comunal, <strong>se encontraba cenando <\/strong>y, en las afueras del restaurante, lo aguardaba su chofer. <strong>Recibi\u00f3 un balazo en el om\u00f3plato<\/strong>, pero estar\u00eda fuera de peligro.<\/em>\u00a0<\/p>\n<\/div>\n<p style=\"text-align: justify;\">Un grupo de delincuentes intent\u00f3 asaltar el veh\u00edculo con el que se traslada el intendente del partido bonaerense de San Mart\u00edn, Ricardo Ivoskus, y por el hecho, su chofer recibi\u00f3 un disparo, pero no revestir\u00eda gravedad.<\/p>\n<p style=\"text-align: justify;\">El conductor del autom\u00f3vil aguardaba al jefe comunal en la inmediaciones de un restaurante de la localidad de San Andr\u00e9s cuando fue sorprendido por los delincuentes, informaron fuentes policiales.<\/p>\n<p style=\"text-align: justify;\">El chofer intent\u00f3 evitar el robo pero recibi\u00f3 un balazo en el om\u00f3plato. Fue trasladado al hospital local, pero se encontrar\u00eda fuera de peligro.<\/p>\n","protected":false},"excerpt":{"rendered":"<p>Ocurri\u00f3 esta noche, mientras Ricardo Ivoskus, el mandatario comunal, se encontraba cenando y, en las afueras del restaurante, lo aguardaba su chofer. Recibi\u00f3 un balazo en el om\u00f3plato, pero estar\u00eda fuera de peligro.\u00a0 Un grupo de delincuentes intent\u00f3 asaltar el veh\u00edculo con el que se traslada el intendente del partido bonaerense de San Mart\u00edn, Ricardo&hellip;<\/p>\n","protected":false},"author":1,"featured_media":0,"comment_status":"open","ping_status":"open","sticky":false,"template":"","format":"standard","meta":{"footnotes":""},"categories":[22],"tags":[6108,1179,388,6107,30],"class_list":["post-12735","post","type-post","status-publish","format-standard","hentry","category-policiales","tag-cenando","tag-chofer","tag-disparo","tag-intendente-ricardo-ivoskus","tag-policia"],"_links":{"self":[{"href":"https:\/\/www.elsindical.com.ar\/notas\/wp-json\/wp\/v2\/posts\/12735","targetHints":{"allow":["GET"]}}],"collection":[{"href":"https:\/\/www.elsindical.com.ar\/notas\/wp-json\/wp\/v2\/posts"}],"about":[{"href":"https:\/\/www.elsindical.com.ar\/notas\/wp-json\/wp\/v2\/types\/post"}],"author":[{"embeddable":true,"href":"https:\/\/www.elsindical.com.ar\/notas\/wp-json\/wp\/v2\/users\/1"}],"replies":[{"embeddable":true,"href":"https:\/\/www.elsindical.com.ar\/notas\/wp-json\/wp\/v2\/comments?post=12735"}],"version-history":[{"count":1,"href":"https:\/\/www.elsindical.com.ar\/notas\/wp-json\/wp\/v2\/posts\/12735\/revisions"}],"predecessor-version":[{"id":12737,"href":"https:\/\/www.elsindical.com.ar\/notas\/wp-json\/wp\/v2\/posts\/12735\/revisions\/12737"}],"wp:attachment":[{"href":"https:\/\/www.elsindical.com.ar\/notas\/wp-json\/wp\/v2\/media?parent=12735"}],"wp:term":[{"taxonomy":"category","embeddable":true,"href":"https:\/\/www.elsindical.com.ar\/notas\/wp-json\/wp\/v2\/categories?post=12735"},{"taxonomy":"post_tag","embeddable":true,"href":"https:\/\/www.elsindical.com.ar\/notas\/wp-json\/wp\/v2\/tags?post=12735"}],"curies":[{"name":"wp","href":"https:\/\/api.w.org\/{rel}","templated":true}]}}