{"id":127263,"date":"2023-12-15T10:43:00","date_gmt":"2023-12-15T13:43:00","guid":{"rendered":"https:\/\/www.elsindical.com.ar\/notas\/?p=127263"},"modified":"2023-12-15T10:43:05","modified_gmt":"2023-12-15T13:43:05","slug":"osecac-dejo-a-miles-de-afiliados-sin-turnos","status":"publish","type":"post","link":"https:\/\/www.elsindical.com.ar\/notas\/osecac-dejo-a-miles-de-afiliados-sin-turnos\/","title":{"rendered":"OSECAC dej\u00f3 a miles de afiliados sin turnos"},"content":{"rendered":"\n<figure class=\"wp-block-image size-full\"><a href=\"https:\/\/www.elsindical.com.ar\/notas\/var\/www\/html\/notas\/wp-content\/uploads\/2023\/12\/OSECAC-solidaria.jpg\"><img loading=\"lazy\" decoding=\"async\" width=\"1024\" height=\"367\" src=\"https:\/\/www.elsindical.com.ar\/notas\/var\/www\/html\/notas\/wp-content\/uploads\/2023\/12\/OSECAC-solidaria.jpg\" alt=\"\" class=\"wp-image-127264\" srcset=\"https:\/\/www.elsindical.com.ar\/notas\/var\/www\/html\/notas\/wp-content\/uploads\/2023\/12\/OSECAC-solidaria.jpg 1024w, https:\/\/www.elsindical.com.ar\/notas\/var\/www\/html\/notas\/wp-content\/uploads\/2023\/12\/OSECAC-solidaria-300x108.jpg 300w, https:\/\/www.elsindical.com.ar\/notas\/var\/www\/html\/notas\/wp-content\/uploads\/2023\/12\/OSECAC-solidaria-768x275.jpg 768w, https:\/\/www.elsindical.com.ar\/notas\/var\/www\/html\/notas\/wp-content\/uploads\/2023\/12\/OSECAC-solidaria-500x179.jpg 500w\" sizes=\"auto, (max-width: 1024px) 100vw, 1024px\" \/><\/a><\/figure>\n\n\n\n<p>   La obra social OSECAC, se adelant\u00f3 a las medidas de desregulaci\u00f3n del gobierno nacional, cancelando miles de turnos m\u00e9dicos otorgados con antelaci\u00f3n sin motivo alguno y a las que se los comunic\u00f3 con un mensaje de texto de no responder el mensaje y de tener que llamar al 0810-999-0101<\/p>\n\n\n\n<p>Desde las autoridades que conducen la obra social de los empleados de comercio, no han dado respuesta a las consultas desde este medio sobre los motivos por los cuales, a las demoras de meses en otorgar un turno, a d\u00edas del mismo, sin explicaci\u00f3n alguna o bien reprogramar ellos el turno, terminan burl\u00e1ndose del afiliado,<\/p>\n","protected":false},"excerpt":{"rendered":"<p>La obra social OSECAC, se adelant\u00f3 a las medidas de desregulaci\u00f3n del gobierno nacional, cancelando miles de turnos m\u00e9dicos otorgados con antelaci\u00f3n sin motivo alguno y a las que se los comunic\u00f3 con un mensaje de texto de no responder el mensaje y de tener que llamar al 0810-999-0101 Desde las autoridades que conducen la&hellip;<\/p>\n","protected":false},"author":1,"featured_media":127264,"comment_status":"open","ping_status":"open","sticky":false,"template":"","format":"standard","meta":{"footnotes":""},"categories":[6],"tags":[3360,2450,41789,7023,1601],"class_list":["post-127263","post","type-post","status-publish","format-standard","has-post-thumbnail","hentry","category-denuncias","tag-afiliados","tag-diario-el-sindical","tag-obra-social-de-los-empleados-de-comercio","tag-osecac","tag-turnos"],"_links":{"self":[{"href":"https:\/\/www.elsindical.com.ar\/notas\/wp-json\/wp\/v2\/posts\/127263","targetHints":{"allow":["GET"]}}],"collection":[{"href":"https:\/\/www.elsindical.com.ar\/notas\/wp-json\/wp\/v2\/posts"}],"about":[{"href":"https:\/\/www.elsindical.com.ar\/notas\/wp-json\/wp\/v2\/types\/post"}],"author":[{"embeddable":true,"href":"https:\/\/www.elsindical.com.ar\/notas\/wp-json\/wp\/v2\/users\/1"}],"replies":[{"embeddable":true,"href":"https:\/\/www.elsindical.com.ar\/notas\/wp-json\/wp\/v2\/comments?post=127263"}],"version-history":[{"count":1,"href":"https:\/\/www.elsindical.com.ar\/notas\/wp-json\/wp\/v2\/posts\/127263\/revisions"}],"predecessor-version":[{"id":127265,"href":"https:\/\/www.elsindical.com.ar\/notas\/wp-json\/wp\/v2\/posts\/127263\/revisions\/127265"}],"wp:featuredmedia":[{"embeddable":true,"href":"https:\/\/www.elsindical.com.ar\/notas\/wp-json\/wp\/v2\/media\/127264"}],"wp:attachment":[{"href":"https:\/\/www.elsindical.com.ar\/notas\/wp-json\/wp\/v2\/media?parent=127263"}],"wp:term":[{"taxonomy":"category","embeddable":true,"href":"https:\/\/www.elsindical.com.ar\/notas\/wp-json\/wp\/v2\/categories?post=127263"},{"taxonomy":"post_tag","embeddable":true,"href":"https:\/\/www.elsindical.com.ar\/notas\/wp-json\/wp\/v2\/tags?post=127263"}],"curies":[{"name":"wp","href":"https:\/\/api.w.org\/{rel}","templated":true}]}}