{"id":127261,"date":"2023-12-15T10:06:15","date_gmt":"2023-12-15T13:06:15","guid":{"rendered":"https:\/\/www.elsindical.com.ar\/notas\/?p=127261"},"modified":"2023-12-15T10:06:19","modified_gmt":"2023-12-15T13:06:19","slug":"siguen-los-cambios-en-la-estructura-de-la-administracion-publica","status":"publish","type":"post","link":"https:\/\/www.elsindical.com.ar\/notas\/siguen-los-cambios-en-la-estructura-de-la-administracion-publica\/","title":{"rendered":"Siguen los cambios en la estructura de la administraci\u00f3n p\u00fablica"},"content":{"rendered":"<div class=\"wp-block-image\">\n<figure class=\"aligncenter size-full is-resized\"><a href=\"https:\/\/www.elsindical.com.ar\/notas\/var\/www\/html\/notas\/wp-content\/uploads\/2013\/05\/Casa-Rosada.jpg\"><img loading=\"lazy\" decoding=\"async\" width=\"502\" height=\"376\" src=\"https:\/\/www.elsindical.com.ar\/notas\/var\/www\/html\/notas\/wp-content\/uploads\/2013\/05\/Casa-Rosada.jpg\" alt=\"\" class=\"wp-image-34910\" style=\"width:632px;height:auto\" srcset=\"https:\/\/www.elsindical.com.ar\/notas\/var\/www\/html\/notas\/wp-content\/uploads\/2013\/05\/Casa-Rosada.jpg 502w, https:\/\/www.elsindical.com.ar\/notas\/var\/www\/html\/notas\/wp-content\/uploads\/2013\/05\/Casa-Rosada-300x224.jpg 300w, https:\/\/www.elsindical.com.ar\/notas\/var\/www\/html\/notas\/wp-content\/uploads\/2013\/05\/Casa-Rosada-400x300.jpg 400w\" sizes=\"auto, (max-width: 502px) 100vw, 502px\" \/><\/a><\/figure>\n<\/div>\n\n\n<p>Cambios en la administraci\u00f3n p\u00fablica. El Ejecutivo dispuso la transferencia de organismos de una cartera a otra.<\/p>\n\n\n\n<p><strong>El Gobierno dispuso una&nbsp;modificaci\u00f3n en la estructura organizativa de la administraci\u00f3n p\u00fablica nacional.<\/strong><\/p>\n\n\n\n<p>Se trata de la transferencia de organismos de una cartera a otra, en el marco de la reforma del Estado que impulsa.<\/p>\n\n\n\n<p>As\u00ed qued\u00f3 establecido por medio del&nbsp;<a href=\"https:\/\/www.boletinoficial.gob.ar\/detalleAviso\/primera\/300913\/20231215\">Decreto 45\/2023<\/a>&nbsp;publicado este viernes en el Bolet\u00edn Oficial con la firma del presidente Javier Milei y del jefe de Gabinete, Nicol\u00e1s Posse.<\/p>\n\n\n\n<h2 class=\"wp-block-heading\">Los cambios<\/h2>\n\n\n\n<p>Se detalla la <strong>transferencia de la&nbsp;Secretar\u00eda de Medios y Comunicaci\u00f3n P\u00fablica&nbsp;de la Jefatura de Gabinete a la Secretaria de Comunicaci\u00f3n y Prensa de la Presidencia de la Naci\u00f3n<\/strong>, con excepci\u00f3n de la&nbsp;Direcci\u00f3n Nacional de Prensa&nbsp;y la&nbsp;Direcci\u00f3n Nacional de Comunicaci\u00f3n Institucional&nbsp;y sus unidades dependientes.<\/p>\n\n\n\n<p><strong>Se transfiere la&nbsp;Secretar\u00eda de Pol\u00edticas Integrales sobre Drogas&nbsp;de la Jefatura de Gabinete al ministerio de Salud.<\/strong><\/p>\n\n\n\n<p>Por medio del mismo decreto, <strong>se crea en el \u00e1mbito del ministerio de&nbsp;Capital Humano, como organismo desconcentrado, el Instituto Nacional de Juventudes (Injuve)<\/strong>.<\/p>\n\n\n\n<p>Tendr\u00e1 el objetivo de dise\u00f1ar e implementar pol\u00edticas destinadas a j\u00f3venes y presidir el funcionamiento del Consejo Federal de la Juventud conforme la Ley N\u00b0 26.227.<\/p>\n\n\n\n<p>Asimismo, la norma dispone que <strong>la&nbsp;Oficina Anticorrupci\u00f3n&nbsp;(OA), creada por el art\u00edculo 13 de la Ley N\u00b0 25.233, tendr\u00e1 car\u00e1cter de organismo desconcentrado del Ministerio de Justicia<\/strong>.<\/p>\n\n\n\n<p>El titular de la OA \u201ctendr\u00e1 rango y jerarqu\u00eda de Secretario y depender\u00e1 funcionalmente del ministerio de Justicia\u201d y \u201cgozar\u00e1 de independencia t\u00e9cnica y cumplir\u00e1 las funciones que le competen sin recibir instrucciones del Ministro de Justicia ni de ninguna otra autoridad superior del Poder Ejecutivo Nacional\u201d.<\/p>\n\n\n\n<p>Asimismo, <strong>se transfiere la&nbsp;Agencia Nacional de Discapacidad, organismo descentralizado actuante en el \u00e1mbito de la Secretar\u00eda General de la Presidencia de la Naci\u00f3n, a la \u00f3rbita de la Jefatura de Gabinete.<\/strong><\/p>\n\n\n\n<p>Tambi\u00e9n s<strong>e transfiere el&nbsp;Instituto Nacional de Asociativismo y Econom\u00eda Social&nbsp;(Inaes), organismo descentralizado actuante en el \u00e1mbito de la Jefatura de Gabinete a la \u00f3rbita del ministerio de Capital Humano.<\/strong><\/p>\n\n\n\n<p>En tanto, <strong>el&nbsp;Instituto Nacional de la Agricultura Familiar, campesina e Ind\u00edgena, organismo descentralizado actuante en el \u00e1mbito de la Jefatura de Gabinete, a la \u00f3rbita tambi\u00e9n de Capital Humano<\/strong><\/p>\n","protected":false},"excerpt":{"rendered":"<p>Cambios en la administraci\u00f3n p\u00fablica. El Ejecutivo dispuso la transferencia de organismos de una cartera a otra. El Gobierno dispuso una&nbsp;modificaci\u00f3n en la estructura organizativa de la administraci\u00f3n p\u00fablica nacional. Se trata de la transferencia de organismos de una cartera a otra, en el marco de la reforma del Estado que impulsa. As\u00ed qued\u00f3 establecido&hellip;<\/p>\n","protected":false},"author":1,"featured_media":34910,"comment_status":"open","ping_status":"open","sticky":false,"template":"","format":"standard","meta":{"footnotes":""},"categories":[13],"tags":[7560,979,2450,25741,13708],"class_list":["post-127261","post","type-post","status-publish","format-standard","has-post-thumbnail","hentry","category-politica","tag-cambios","tag-casa-rosada","tag-diario-el-sindical","tag-estructura-del-estado","tag-transparencia"],"_links":{"self":[{"href":"https:\/\/www.elsindical.com.ar\/notas\/wp-json\/wp\/v2\/posts\/127261","targetHints":{"allow":["GET"]}}],"collection":[{"href":"https:\/\/www.elsindical.com.ar\/notas\/wp-json\/wp\/v2\/posts"}],"about":[{"href":"https:\/\/www.elsindical.com.ar\/notas\/wp-json\/wp\/v2\/types\/post"}],"author":[{"embeddable":true,"href":"https:\/\/www.elsindical.com.ar\/notas\/wp-json\/wp\/v2\/users\/1"}],"replies":[{"embeddable":true,"href":"https:\/\/www.elsindical.com.ar\/notas\/wp-json\/wp\/v2\/comments?post=127261"}],"version-history":[{"count":1,"href":"https:\/\/www.elsindical.com.ar\/notas\/wp-json\/wp\/v2\/posts\/127261\/revisions"}],"predecessor-version":[{"id":127262,"href":"https:\/\/www.elsindical.com.ar\/notas\/wp-json\/wp\/v2\/posts\/127261\/revisions\/127262"}],"wp:featuredmedia":[{"embeddable":true,"href":"https:\/\/www.elsindical.com.ar\/notas\/wp-json\/wp\/v2\/media\/34910"}],"wp:attachment":[{"href":"https:\/\/www.elsindical.com.ar\/notas\/wp-json\/wp\/v2\/media?parent=127261"}],"wp:term":[{"taxonomy":"category","embeddable":true,"href":"https:\/\/www.elsindical.com.ar\/notas\/wp-json\/wp\/v2\/categories?post=127261"},{"taxonomy":"post_tag","embeddable":true,"href":"https:\/\/www.elsindical.com.ar\/notas\/wp-json\/wp\/v2\/tags?post=127261"}],"curies":[{"name":"wp","href":"https:\/\/api.w.org\/{rel}","templated":true}]}}