{"id":127251,"date":"2023-12-15T00:59:16","date_gmt":"2023-12-15T03:59:16","guid":{"rendered":"https:\/\/www.elsindical.com.ar\/notas\/?p=127251"},"modified":"2023-12-15T00:59:21","modified_gmt":"2023-12-15T03:59:21","slug":"patricia-bullrich-dio-detalles-del-protocolo-anti-piquetes-intervencion-de-todas-las-fuerzas-federales-y-pedido-de-que-no-usen-a-ninos","status":"publish","type":"post","link":"https:\/\/www.elsindical.com.ar\/notas\/patricia-bullrich-dio-detalles-del-protocolo-anti-piquetes-intervencion-de-todas-las-fuerzas-federales-y-pedido-de-que-no-usen-a-ninos\/","title":{"rendered":"Patricia Bullrich dio detalles del protocolo anti piquetes: intervenci\u00f3n de todas las fuerzas federales y pedido de que no usen a ni\u00f1os"},"content":{"rendered":"\n<figure class=\"wp-block-image size-large\"><a href=\"https:\/\/www.elsindical.com.ar\/notas\/var\/www\/html\/notas\/wp-content\/uploads\/2023\/12\/Patricia-Bullrich-protocolo-2023.jpg\"><img loading=\"lazy\" decoding=\"async\" width=\"1024\" height=\"553\" src=\"https:\/\/www.elsindical.com.ar\/notas\/var\/www\/html\/notas\/wp-content\/uploads\/2023\/12\/Patricia-Bullrich-protocolo-2023-1024x553.jpg\" alt=\"\" class=\"wp-image-127252\" srcset=\"https:\/\/www.elsindical.com.ar\/notas\/var\/www\/html\/notas\/wp-content\/uploads\/2023\/12\/Patricia-Bullrich-protocolo-2023-1024x553.jpg 1024w, https:\/\/www.elsindical.com.ar\/notas\/var\/www\/html\/notas\/wp-content\/uploads\/2023\/12\/Patricia-Bullrich-protocolo-2023-300x162.jpg 300w, https:\/\/www.elsindical.com.ar\/notas\/var\/www\/html\/notas\/wp-content\/uploads\/2023\/12\/Patricia-Bullrich-protocolo-2023-768x415.jpg 768w, https:\/\/www.elsindical.com.ar\/notas\/var\/www\/html\/notas\/wp-content\/uploads\/2023\/12\/Patricia-Bullrich-protocolo-2023-500x270.jpg 500w, https:\/\/www.elsindical.com.ar\/notas\/var\/www\/html\/notas\/wp-content\/uploads\/2023\/12\/Patricia-Bullrich-protocolo-2023.jpg 1200w\" sizes=\"auto, (max-width: 1024px) 100vw, 1024px\" \/><\/a><\/figure>\n\n\n\n<p class=\"wp-block-paragraph\">La ministra de Seguridad present\u00f3 el reglamento contra los cortes de calles. \u00abSe emplear\u00e1 la fuerza suficiente y ser\u00e1 graduada en funci\u00f3n de la resistencia\u00bb, indic\u00f3.<\/p>\n\n\n\n<p class=\"wp-block-paragraph\">Patricia Bullrich\u00a0present\u00f3 el protocolo antipiquetes y asegur\u00f3 que el Gobierno har\u00e1 cumplir la ley: \u201c<strong>La ley no se cumple a medias; se cumple o no se cumple\u201d.<\/strong><\/p>\n\n\n\n<p class=\"wp-block-paragraph\">As\u00ed lo afirm\u00f3 la ministra de Seguridad durante una conferencia de prensa en la que realiz\u00f3 un punteo de los nuevos procedimientos de las fuerzas generales ante <strong>diversas situaciones de alteraci\u00f3n del orden p\u00fablico.<\/strong><\/p>\n\n\n\n<p class=\"wp-block-paragraph\"><strong>\u201cEl prop\u00f3sito de este protocolo es cumplir la ley y, como dice el presidente (Javier Milei), &#8216;el que las hace, las paga&#8217;\u201d,<\/strong> lanz\u00f3 la ex titular del PRO en el inicio de su locuci\u00f3n.<\/p>\n\n\n\n<p class=\"wp-block-paragraph\">En esa l\u00ednea, agreg\u00f3: \u00ab<strong>Por otro lado, cuidar a quienes nos cuidan y establecer un protocolo de\u00a0actuaci\u00f3n que proteja en su accionar a las fuerzas federales\u00bb.<\/strong><\/p>\n\n\n\n<h2 class=\"wp-block-heading\">Uno por uno todos los puntos:<\/h2>\n\n\n\n<ul class=\"wp-block-list\">\n<li>Las cuatro fuerzas federales y el servicio penitenciario federal van a intervenir frente a cortes, piquetes y bloqueos, sean parciales o totales. La ley no se cumple a medias, se cumple o no se cumple. Nosotros la vamos a cumplir.<\/li>\n\n\n\n<li>Las fuerzas podr\u00e1n intervenir de acuerdo a los c\u00f3digos procesales vigentes que es que, si hay un delito infraganti, van a poder intervenir. Los delitos se van a<\/li>\n\n\n\n<li>Es muy importante entender que las fuerzas federales van a actuar en las zonas federales. Eso llevar\u00e1 a que las fuerzas provinciales deben actuar en las zonas de sus competencias y tener un trabajo en com\u00fan.<\/li>\n\n\n\n<li>No vamos a tomar en cuenta la existencia de v\u00edas alternativas al tr\u00e1nsito y circulaci\u00f3n. Quiere decir que si se corta la v\u00eda principal, se libera la v\u00eda principal.<\/li>\n\n\n\n<li>Se va a actuar hasta dejar totalmente liberado todo el espacio de circulaci\u00f3n<\/li>\n\n\n\n<li>para llevar a cabo estas medidas, las fuerzas emplear\u00e1n la m\u00ednima fuerza necesaria y suficiente, que ser\u00e1 graduada en proporci\u00f3n a la resistencia.<\/li>\n\n\n\n<li>Ser\u00e1n identificados los autores, c\u00f3mplices e instigadores de este tipo de delitos. Tambi\u00e9n se van a identificar a los veh\u00edculos y a sus conductores registrados.<\/li>\n\n\n\n<li>Se van a registrar todas las infracciones administrativas existentes y se va a proceder a incautar a los veh\u00edculos que no est\u00e9n bajo las normas de tr\u00e1nsito o cuyo conductores no tengan la documentaci\u00f3n que tienen que tener. <\/li>\n\n\n\n<li>Se va a trabajar tambi\u00e9n en las estaciones de tren aquellas personas que vayan con tipo de material que debe ser incautado, sean palos o caras tapadas, intentando no ser reconocidos por las fuerzas. <\/li>\n\n\n\n<li>Los datos de los autores c\u00f3mplices o part\u00edcipes van a ser remitidos a las autoridades de aplicaci\u00f3n correspondiente, sea por un bloqueo\u2026. A la IGJ para ver las personer\u00edas jur\u00eddicas de quienes bloquearon, sea por personas que vienen con un plan social. Esto no me corresponde a m\u00ed anunciarlo a m\u00ed, pero ser\u00e1 tambi\u00e9n tenido. Sobre todo los instigadores, sindicatos o trabajadores que est\u00e9n bloqueando una empresa. <\/li>\n\n\n\n<li>Tambi\u00e9n se dar\u00e1 aviso al juez competente en caso de da\u00f1o ambiental. Algo que sucede de manera permanente es la quema en protestas, que genera una situaci\u00f3n da\u00f1ina al ambiente y a quienes est\u00e1n alrededor. <\/li>\n\n\n\n<li>En el caso de participaci\u00f3n de ni\u00f1os y adolescentes, se va a dar aviso a la autoridad competente de la protecci\u00f3n de los mismos y se proceder\u00e1 a tener sanciones a aquellos que lleven ni\u00f1os y que no est\u00e9n los ni\u00f1os -cuando tienen que estar en sus escuelas- en una manifestaci\u00f3n. <\/li>\n\n\n\n<li>Los costos de los operativos de seguridad se les enviar\u00e1 la factura a las organizaciones o individuos responsables. El Estado no va a pagar por el uso de la fuerza de seguridad, tendr\u00e1 que pagar las organizaciones que tengan personer\u00eda o los individuos deber\u00e1n hacerse cargo. <\/li>\n\n\n\n<li>En caso de tratarse de extranjeros, se mandar\u00e1 la informaci\u00f3n a Migraciones. <\/li>\n\n\n\n<li>Se va a crear un registro de las organizaciones que participan en estos hechos y que sistem\u00e1ticamente hacen de voceros hacen de este tipo de manifestaciones. <\/li>\n\n\n\n<li>Se deroga el protocolo garantista de Nilda Garr\u00e9<\/li>\n<\/ul>\n\n\n\n<p class=\"wp-block-paragraph\"><\/p>\n","protected":false},"excerpt":{"rendered":"<p>La ministra de Seguridad present\u00f3 el reglamento contra los cortes de calles. \u00abSe emplear\u00e1 la fuerza suficiente y ser\u00e1 graduada en funci\u00f3n de la resistencia\u00bb, indic\u00f3. Patricia Bullrich\u00a0present\u00f3 el protocolo antipiquetes y asegur\u00f3 que el Gobierno har\u00e1 cumplir la ley: \u201cLa ley no se cumple a medias; se cumple o no se cumple\u201d. As\u00ed lo&hellip;<\/p>\n","protected":false},"author":1,"featured_media":127252,"comment_status":"open","ping_status":"open","sticky":false,"template":"","format":"standard","meta":{"footnotes":""},"categories":[22,13],"tags":[294,2450,4084,11351,28812,1241,3347,41785],"class_list":["post-127251","post","type-post","status-publish","format-standard","has-post-thumbnail","hentry","category-policiales","category-politica","tag-cortes","tag-diario-el-sindical","tag-fuerzas-de-seguridad","tag-fuerzas-federales","tag-javier-milei","tag-patricia-bullrich","tag-protestas","tag-protocolo-anti-piquetes"],"_links":{"self":[{"href":"https:\/\/www.elsindical.com.ar\/notas\/wp-json\/wp\/v2\/posts\/127251","targetHints":{"allow":["GET"]}}],"collection":[{"href":"https:\/\/www.elsindical.com.ar\/notas\/wp-json\/wp\/v2\/posts"}],"about":[{"href":"https:\/\/www.elsindical.com.ar\/notas\/wp-json\/wp\/v2\/types\/post"}],"author":[{"embeddable":true,"href":"https:\/\/www.elsindical.com.ar\/notas\/wp-json\/wp\/v2\/users\/1"}],"replies":[{"embeddable":true,"href":"https:\/\/www.elsindical.com.ar\/notas\/wp-json\/wp\/v2\/comments?post=127251"}],"version-history":[{"count":1,"href":"https:\/\/www.elsindical.com.ar\/notas\/wp-json\/wp\/v2\/posts\/127251\/revisions"}],"predecessor-version":[{"id":127253,"href":"https:\/\/www.elsindical.com.ar\/notas\/wp-json\/wp\/v2\/posts\/127251\/revisions\/127253"}],"wp:featuredmedia":[{"embeddable":true,"href":"https:\/\/www.elsindical.com.ar\/notas\/wp-json\/wp\/v2\/media\/127252"}],"wp:attachment":[{"href":"https:\/\/www.elsindical.com.ar\/notas\/wp-json\/wp\/v2\/media?parent=127251"}],"wp:term":[{"taxonomy":"category","embeddable":true,"href":"https:\/\/www.elsindical.com.ar\/notas\/wp-json\/wp\/v2\/categories?post=127251"},{"taxonomy":"post_tag","embeddable":true,"href":"https:\/\/www.elsindical.com.ar\/notas\/wp-json\/wp\/v2\/tags?post=127251"}],"curies":[{"name":"wp","href":"https:\/\/api.w.org\/{rel}","templated":true}]}}