{"id":127248,"date":"2023-12-15T00:51:16","date_gmt":"2023-12-15T03:51:16","guid":{"rendered":"https:\/\/www.elsindical.com.ar\/notas\/?p=127248"},"modified":"2023-12-15T00:51:21","modified_gmt":"2023-12-15T03:51:21","slug":"lomas-de-zamora-nueva-capilla-en-una-carcel","status":"publish","type":"post","link":"https:\/\/www.elsindical.com.ar\/notas\/lomas-de-zamora-nueva-capilla-en-una-carcel\/","title":{"rendered":"Lomas de Zamora: nueva capilla en una c\u00e1rcel"},"content":{"rendered":"<div class=\"wp-block-image\">\n<figure class=\"aligncenter size-large\"><a href=\"https:\/\/www.elsindical.com.ar\/notas\/var\/www\/html\/notas\/wp-content\/uploads\/2023\/12\/Capilla-U-58.jpg\"><img loading=\"lazy\" decoding=\"async\" width=\"1024\" height=\"576\" src=\"https:\/\/www.elsindical.com.ar\/notas\/var\/www\/html\/notas\/wp-content\/uploads\/2023\/12\/Capilla-U-58-1024x576.jpg\" alt=\"\" class=\"wp-image-127249\" srcset=\"https:\/\/www.elsindical.com.ar\/notas\/var\/www\/html\/notas\/wp-content\/uploads\/2023\/12\/Capilla-U-58-1024x576.jpg 1024w, https:\/\/www.elsindical.com.ar\/notas\/var\/www\/html\/notas\/wp-content\/uploads\/2023\/12\/Capilla-U-58-300x169.jpg 300w, https:\/\/www.elsindical.com.ar\/notas\/var\/www\/html\/notas\/wp-content\/uploads\/2023\/12\/Capilla-U-58-768x432.jpg 768w, https:\/\/www.elsindical.com.ar\/notas\/var\/www\/html\/notas\/wp-content\/uploads\/2023\/12\/Capilla-U-58-500x281.jpg 500w, https:\/\/www.elsindical.com.ar\/notas\/var\/www\/html\/notas\/wp-content\/uploads\/2023\/12\/Capilla-U-58-460x260.jpg 460w, https:\/\/www.elsindical.com.ar\/notas\/var\/www\/html\/notas\/wp-content\/uploads\/2023\/12\/Capilla-U-58.jpg 1200w\" sizes=\"auto, (max-width: 1024px) 100vw, 1024px\" \/><\/a><\/figure>\n<\/div>\n\n\n<p>El obispo de la di\u00f3cesis de Lomas de Zamora bendijo la nueva capilla de la Unidad Carcelaria 58 de Lomas de Zamora.<\/p>\n\n\n\n<p>El obispo de la di\u00f3cesis de Lomas de Zamora, Jorge Lugones, bendijo la nueva capilla ubicada en la Unidad Carcelaria 58 de Lomas de Zamora, <strong>una iniciativa promovida por la Pastoral Carcelaria diocesana<\/strong>, y que cont\u00f3 con la presencia del capell\u00e1n general del Servicio Penitenciario Bonaerense (SPB), presb\u00edtero Carlos Pont Gasquet, y el director de la Unidad Carcelaria, Inspector Mayor Dar\u00edo Potes.<\/p>\n\n\n\n<p>El nuevo espacio religioso est\u00e1 bajo la <strong>advocaci\u00f3n de Nuestra Se\u00f1ora del Carmen <\/strong>y fue erigida y acondicionada por los mismos internos, quienes fueron guiados por un di\u00e1cono permanente de la di\u00f3cesis de Avellaneda-Lan\u00fas y miembro del SPB.<\/p>\n\n\n\n<p><strong>El altar, sagrario y amb\u00f3n, todos elementos de madera, por ejemplo, fueron hechos por personas privadas de su libertad.<\/strong><\/p>\n\n\n\n<p>La Unidad Carcelaria 58 se encuentra en la proximidad del <strong>Barrio 2 de Abril, en la zona posterior a la Universidad Nacional de Lomas de Zamora, entre las piletas de Villa Albertina y el Camino de Cintura<\/strong>, y linda con la Unidad Carcelaria 40 y la Alcaid\u00eda lomense.<\/p>\n\n\n\n<p>Fue inaugurada hace tres a\u00f1os y su poblaci\u00f3n se eleva hoy a poco m\u00e1s de <strong>400 internos<\/strong>.<\/p>\n\n\n\n<p>Tras esta bendici\u00f3n y una visita a los j\u00f3venes detenidos en la Alcaid\u00eda Departamental de Almirante Brown ubicada en Burzaco, el 19 de diciembre, el obispo <strong>Lugones encabezar\u00e1 un pesebre viviente que recorrer\u00e1 los pabellones de las unidades 40 y 58 <\/strong>mientras que el 21, har\u00e1 lo propio en la c\u00e1rcel de Ezeiza y el Centro de Recepci\u00f3n de Menores (CREU) de Banfield, junto a los Tribunales de Lomas.<\/p>\n\n\n\n<p>La Pastoral Carcelaria diocesana en las c\u00e1rceles, acompa\u00f1a la realidad de las unidades 58, 40 y la Alcaid\u00eda de Lomas de Zamora, el Complejo Penitenciario Federal de Ezeiza, la nueva Alcaid\u00eda Departamental de Almirante Brown y el CREU<\/p>\n","protected":false},"excerpt":{"rendered":"<p>El obispo de la di\u00f3cesis de Lomas de Zamora bendijo la nueva capilla de la Unidad Carcelaria 58 de Lomas de Zamora. El obispo de la di\u00f3cesis de Lomas de Zamora, Jorge Lugones, bendijo la nueva capilla ubicada en la Unidad Carcelaria 58 de Lomas de Zamora, una iniciativa promovida por la Pastoral Carcelaria diocesana,&hellip;<\/p>\n","protected":false},"author":1,"featured_media":127249,"comment_status":"open","ping_status":"open","sticky":false,"template":"","format":"standard","meta":{"footnotes":""},"categories":[19],"tags":[37565,31362,25287,41783,41782,41781,41784,1544,33997],"class_list":["post-127248","post","type-post","status-publish","format-standard","has-post-thumbnail","hentry","category-intramuros","tag-lomas-de-zamora-2","tag-capilla","tag-creu","tag-inspector-mayor-dario-potes","tag-nuestra-senora-del-carmen","tag-pastoral-cercelaria","tag-presbitero-carlos-pont-gasquet","tag-spb","tag-unidad-penal-58"],"_links":{"self":[{"href":"https:\/\/www.elsindical.com.ar\/notas\/wp-json\/wp\/v2\/posts\/127248","targetHints":{"allow":["GET"]}}],"collection":[{"href":"https:\/\/www.elsindical.com.ar\/notas\/wp-json\/wp\/v2\/posts"}],"about":[{"href":"https:\/\/www.elsindical.com.ar\/notas\/wp-json\/wp\/v2\/types\/post"}],"author":[{"embeddable":true,"href":"https:\/\/www.elsindical.com.ar\/notas\/wp-json\/wp\/v2\/users\/1"}],"replies":[{"embeddable":true,"href":"https:\/\/www.elsindical.com.ar\/notas\/wp-json\/wp\/v2\/comments?post=127248"}],"version-history":[{"count":1,"href":"https:\/\/www.elsindical.com.ar\/notas\/wp-json\/wp\/v2\/posts\/127248\/revisions"}],"predecessor-version":[{"id":127250,"href":"https:\/\/www.elsindical.com.ar\/notas\/wp-json\/wp\/v2\/posts\/127248\/revisions\/127250"}],"wp:featuredmedia":[{"embeddable":true,"href":"https:\/\/www.elsindical.com.ar\/notas\/wp-json\/wp\/v2\/media\/127249"}],"wp:attachment":[{"href":"https:\/\/www.elsindical.com.ar\/notas\/wp-json\/wp\/v2\/media?parent=127248"}],"wp:term":[{"taxonomy":"category","embeddable":true,"href":"https:\/\/www.elsindical.com.ar\/notas\/wp-json\/wp\/v2\/categories?post=127248"},{"taxonomy":"post_tag","embeddable":true,"href":"https:\/\/www.elsindical.com.ar\/notas\/wp-json\/wp\/v2\/tags?post=127248"}],"curies":[{"name":"wp","href":"https:\/\/api.w.org\/{rel}","templated":true}]}}