{"id":127161,"date":"2023-12-11T14:33:44","date_gmt":"2023-12-11T17:33:44","guid":{"rendered":"https:\/\/www.elsindical.com.ar\/notas\/?p=127161"},"modified":"2023-12-11T14:33:50","modified_gmt":"2023-12-11T17:33:50","slug":"comienza-el-jury-por-mal-desempeno-a-la-jueza-que-dio-la-tutela-de-lucio-dupuy-a-su-madre","status":"publish","type":"post","link":"https:\/\/www.elsindical.com.ar\/notas\/comienza-el-jury-por-mal-desempeno-a-la-jueza-que-dio-la-tutela-de-lucio-dupuy-a-su-madre\/","title":{"rendered":"Comienza el jury por \u00abmal desempe\u00f1o\u00bb a la jueza que dio la tutela de Lucio Dupuy a su madre"},"content":{"rendered":"<div class=\"wp-block-image\">\n<figure class=\"aligncenter size-full is-resized\"><a href=\"https:\/\/www.elsindical.com.ar\/notas\/var\/www\/html\/notas\/wp-content\/uploads\/2023\/12\/Jueza-Ana-Clara-Ballester.jpg\"><img loading=\"lazy\" decoding=\"async\" width=\"483\" height=\"449\" src=\"https:\/\/www.elsindical.com.ar\/notas\/var\/www\/html\/notas\/wp-content\/uploads\/2023\/12\/Jueza-Ana-Clara-Ballester.jpg\" alt=\"\" class=\"wp-image-127162\" style=\"width:581px;height:auto\" srcset=\"https:\/\/www.elsindical.com.ar\/notas\/var\/www\/html\/notas\/wp-content\/uploads\/2023\/12\/Jueza-Ana-Clara-Ballester.jpg 483w, https:\/\/www.elsindical.com.ar\/notas\/var\/www\/html\/notas\/wp-content\/uploads\/2023\/12\/Jueza-Ana-Clara-Ballester-300x279.jpg 300w, https:\/\/www.elsindical.com.ar\/notas\/var\/www\/html\/notas\/wp-content\/uploads\/2023\/12\/Jueza-Ana-Clara-Ballester-323x300.jpg 323w\" sizes=\"auto, (max-width: 483px) 100vw, 483px\" \/><\/a><\/figure>\n<\/div>\n\n\n<p>La magistrada de familia Ana Clara P\u00e9rez Ballester ser\u00e1 juzgada junto a la responsable de Asesor\u00eda de Ni\u00f1as, Ni\u00f1os y Adolescentes 2 de General Pico, Elisa Cat\u00e1n, quien tambi\u00e9n intervino en el expediente.<\/p>\n\n\n\n<p>La<strong> jueza de Familia, Ni\u00f1as, Ni\u00f1os y Adolescentes<\/strong> de General Pico, La Pampa,<strong> que le dio la tenencia de Lucio Dupuy (5) a su madre y a su pareja, quienes lo asesinaron<\/strong> a golpes en noviembre de 2021 en Santa Rosa, ser\u00e1 sometida desde hoy a un jury de enjuiciamiento, acusada de presunto<strong> \u00abmal desempe\u00f1o en sus funciones\u00bb,<\/strong> informaron fuentes judiciales.<\/p>\n\n\n\n<p>Se trata de la titular del Juzgado de Familia Ni\u00f1as, Ni\u00f1os y Adolescentes 1,<strong> Ana Clara P\u00e9rez Ballester<\/strong>, quien desde las 15 ser\u00e1 juzgada junto a la responsable de Asesor\u00eda de Ni\u00f1as, Ni\u00f1os y Adolescentes 2 de General Pico,<strong> Elisa Cat\u00e1n<\/strong>, quien tambi\u00e9n intervino en el expediente por la <strong>tenencia del ni\u00f1o de 5 a\u00f1os que fue asesinado un a\u00f1o despu\u00e9s.<\/strong><\/p>\n\n\n\n<p>El jury de enjuiciamiento resolver\u00e1 si ambas funcionarias<strong> deben ser removidas de sus cargos<\/strong>, de los que ya fueron suspendidas provisoriamente hasta tanto se sustancie el proceso.<\/p>\n\n\n\n<p>El debate se desarrollar\u00e1 en el recinto de sesiones de la C\u00e1mara de Diputados pampeana y durante la primera audiencia <strong>est\u00e1 previsto que se lea la acusaci\u00f3n fiscal contra ambas funcionarias y los planteos de las defensas.<\/strong><\/p>\n\n\n\n<p>Tambi\u00e9n, de estar de acuerdo, P\u00e9rez Ballester y Cat\u00e1n podr\u00edan declarar ante los integrantes del jurado, que en las audiencias sucesivas asistir\u00e1n a la reproducci\u00f3n de las pruebas testimoniales y documentales del caso.<\/p>\n\n\n\n<p>Tanto la suspendida magistrada como la asesora llegan a juicio acusadas de mal desempe\u00f1o en sus funciones -tal como prev\u00e9 la ley provincial 313 de Jurado de Enjuiciamiento- en la<strong> tramitaci\u00f3n de los expedientes por la tutela y el cuidado personal del Lucio.<\/strong><\/p>\n\n\n\n<p>El jurado de enjuiciamiento estar\u00e1 integrado por el presidente de ese cuerpo, Fabricio Luis Losi, las diputadas Mar\u00eda Silvia Larreta y Mar\u00eda Andrea Valderrama Calvo y las abogadas Silvina Mar\u00eda Garro y Mar\u00eda Natalia Gaccio.<\/p>\n\n\n\n<p>Los cinco<strong> integrantes del jury son los mismos que ya analizaron la admisibilidad de las pruebas ofrecidas por las partes y resolvieron aceptar los testigos<\/strong> y las pruebas documentales propuestos por el fiscal general Guillermo Sancho y los defensores de P\u00e9rez Ballester y Cat\u00e1n, el particular Pablo Rodr\u00edguez Salto y la defensora general Carina Ganuza, respectivamente.<\/p>\n\n\n\n<h2 class=\"wp-block-heading\">El cronograma indica que el proceso se extender\u00e1 toda la semana<\/h2>\n\n\n\n<p>En el caso de hoy y el mi\u00e9rcoles, las audiencias arrancar\u00e1n a las 15. En tanto, el resto de los d\u00edas de la semana el horario de inicio ser\u00e1n las 8.\u00a0De acuerdo con lo previsto,<strong> para el 19 de diciembre est\u00e1n previstos los alegatos de clausura <\/strong>y para el d\u00eda siguiente el inicio de las deliberaciones del jurado. <strong>La sentencia, en tanto, ser\u00e1 dictada el viernes 22 de diciembre<\/strong>, a\u00f1adieron las fuentes.<\/p>\n\n\n\n<p>De acuerdo con la acusaci\u00f3n de la Procuraci\u00f3n General, representada por el fiscal Sancho, ambas funcionarias deben ser removidas de sus funciones por su mal desempe\u00f1o, debido a que<strong> \u00abomitieron obligaciones esenciales en todo procedimiento en el que est\u00e9 en juego el inter\u00e9s superior del ni\u00f1o\u00bb.<\/strong><\/p>\n\n\n\n<p>Es que P\u00e9rez Ballester y Cat\u00e1n fueron quienes intervinieron en el expediente sobre el cuidado del ni\u00f1o y <strong>avalaron darle la tenencia a su madre, Magdalena Esp\u00f3sito Valenti, quien, junto a su pareja, Abigail P\u00e1ez, lo asesin\u00f3 a golpes <\/strong>el 26 de noviembre de 2021 en su casa de Santa Rosa, hecho por el que ambas fueron condenadas a prisi\u00f3n perpetua.<\/p>\n\n\n\n<p>Las dos funcionarias fueron denunciadas por el procurador general de La Pampa, Mario Oscar Bongianino a fines de septiembre pasado.&nbsp;El procurador<strong> las acus\u00f3 por no haber priorizado el cuidado del ni\u00f1o cuando en noviembre de 2020<\/strong> le otorgaron la tenencia de Lucio a Esposito Valenti, quien hac\u00eda dos a\u00f1os lo hab\u00eda dejado al cuidado de su familia paterna.<\/p>\n\n\n\n<p>Hasta ese momento<strong>, Lucio resid\u00eda con una t\u00eda paterna y, de acuerdo a la acusaci\u00f3n, las funcionarias le dieron la tutela a la madre sin realizar las correspondientes averiguaciones <\/strong>y tr\u00e1mites de rigor y sin consultar al padre del ni\u00f1o, Cristian Dupuy.\u00a0Tras la presentaci\u00f3n de Bongianino, el 10 de octubre pasado la jueza y la asesora <strong>fueron suspendidas de sus funciones.<\/strong><\/p>\n\n\n\n<h2 class=\"wp-block-heading\">El crimen de Lucio<\/h2>\n\n\n\n<p>Lucio (5) fue asesinado el 26 de noviembre de 2021 en la casa de la calle Allan Kardec al 2300 de Santa Rosa, donde viv\u00eda con su madre y P\u00e1ez.<\/p>\n\n\n\n<p>La Justicia pudo establecer que a las 17.32 se lo vio a Lucio vivo por \u00faltima vez y que entre esa hora y las 19.40, cuando ambas imputadas salieron solas del departamento, <strong>el ni\u00f1o fue golpeado brutalmente.<\/strong><\/p>\n\n\n\n<p>A las 21.30, el ni\u00f1o fue llevado al centro asistencial del barrio R\u00edo Atuel, anexo al departamento, pero estaba cerrado, por lo que<strong> fue asistido por vecinos y finalmente trasladado al Hospital Evita, donde a las 21.45 se constat\u00f3 que ya estaba muerto.<\/strong><\/p>\n\n\n\n<p>Seg\u00fan determin\u00f3 el tribunal de juicio al que fueron sometidas la madre y de Lucio y su pareja, ambas participaron de la golpiza mortal al nene, quien <strong>recibi\u00f3 pu\u00f1etazos, patadas y palazos, adem\u00e1s de un pisot\u00f3n en la espalda por parte de P\u00e1ez<\/strong> (que se pudo determinar por la marca que dej\u00f3 su zapatilla), el cual le provoc\u00f3 lesiones internas.<\/p>\n\n\n\n<p>De acuerdo con los peritos, la causa de la muerte fue un<strong> edema cerebral como consecuencia de politraumatismos.<\/strong><\/p>\n\n\n\n<p>El pasado 26 de septiembre, el Tribunal de Impugnaci\u00f3n Penal (TIP) de Santa Rosa confirm\u00f3 las condenas a prisi\u00f3n perpetua para Esp\u00f3sito Valenti y P\u00e1ez por el homicidio de Lucio y le agreg\u00f3 a la primera de ellas, madre de la v\u00edctima, el delito de<strong> abuso sexual.<\/strong><\/p>\n","protected":false},"excerpt":{"rendered":"<p>La magistrada de familia Ana Clara P\u00e9rez Ballester ser\u00e1 juzgada junto a la responsable de Asesor\u00eda de Ni\u00f1as, Ni\u00f1os y Adolescentes 2 de General Pico, Elisa Cat\u00e1n, quien tambi\u00e9n intervino en el expediente. La jueza de Familia, Ni\u00f1as, Ni\u00f1os y Adolescentes de General Pico, La Pampa, que le dio la tenencia de Lucio Dupuy (5)&hellip;<\/p>\n","protected":false},"author":1,"featured_media":127162,"comment_status":"open","ping_status":"open","sticky":false,"template":"","format":"standard","meta":{"footnotes":""},"categories":[20],"tags":[2450,10931,41759,2572,1912,36043],"class_list":["post-127161","post","type-post","status-publish","format-standard","has-post-thumbnail","hentry","category-judiciales","tag-diario-el-sindical","tag-general-pico","tag-jueza-ana-clara-perez-ballester","tag-jury","tag-la-pampa","tag-lucio-dupuy"],"_links":{"self":[{"href":"https:\/\/www.elsindical.com.ar\/notas\/wp-json\/wp\/v2\/posts\/127161","targetHints":{"allow":["GET"]}}],"collection":[{"href":"https:\/\/www.elsindical.com.ar\/notas\/wp-json\/wp\/v2\/posts"}],"about":[{"href":"https:\/\/www.elsindical.com.ar\/notas\/wp-json\/wp\/v2\/types\/post"}],"author":[{"embeddable":true,"href":"https:\/\/www.elsindical.com.ar\/notas\/wp-json\/wp\/v2\/users\/1"}],"replies":[{"embeddable":true,"href":"https:\/\/www.elsindical.com.ar\/notas\/wp-json\/wp\/v2\/comments?post=127161"}],"version-history":[{"count":1,"href":"https:\/\/www.elsindical.com.ar\/notas\/wp-json\/wp\/v2\/posts\/127161\/revisions"}],"predecessor-version":[{"id":127163,"href":"https:\/\/www.elsindical.com.ar\/notas\/wp-json\/wp\/v2\/posts\/127161\/revisions\/127163"}],"wp:featuredmedia":[{"embeddable":true,"href":"https:\/\/www.elsindical.com.ar\/notas\/wp-json\/wp\/v2\/media\/127162"}],"wp:attachment":[{"href":"https:\/\/www.elsindical.com.ar\/notas\/wp-json\/wp\/v2\/media?parent=127161"}],"wp:term":[{"taxonomy":"category","embeddable":true,"href":"https:\/\/www.elsindical.com.ar\/notas\/wp-json\/wp\/v2\/categories?post=127161"},{"taxonomy":"post_tag","embeddable":true,"href":"https:\/\/www.elsindical.com.ar\/notas\/wp-json\/wp\/v2\/tags?post=127161"}],"curies":[{"name":"wp","href":"https:\/\/api.w.org\/{rel}","templated":true}]}}