{"id":127132,"date":"2023-12-09T21:51:58","date_gmt":"2023-12-10T00:51:58","guid":{"rendered":"https:\/\/www.elsindical.com.ar\/notas\/?p=127132"},"modified":"2023-12-09T21:52:03","modified_gmt":"2023-12-10T00:52:03","slug":"romina-del-pla-la-presidencia-de-martin-menem-expresa-la-casta-antiobrera-del-plan-motosierra-que-agravara-la-argentina-de-la-pobreza-que-nos-deja-el-peronismo","status":"publish","type":"post","link":"https:\/\/www.elsindical.com.ar\/notas\/romina-del-pla-la-presidencia-de-martin-menem-expresa-la-casta-antiobrera-del-plan-motosierra-que-agravara-la-argentina-de-la-pobreza-que-nos-deja-el-peronismo\/","title":{"rendered":"Romina Del Pl\u00e1: \u00abLa presidencia de Mart\u00edn Menem expresa la casta antiobrera del plan motosierra que agravar\u00e1 la Argentina de la pobreza que nos deja el peronismo\u00bb"},"content":{"rendered":"\n<figure class=\"wp-block-image size-full\"><a href=\"https:\/\/www.elsindical.com.ar\/notas\/var\/www\/html\/notas\/wp-content\/uploads\/2023\/12\/Romina-del-Pla-2023.jpeg\"><img loading=\"lazy\" decoding=\"async\" width=\"1024\" height=\"682\" src=\"https:\/\/www.elsindical.com.ar\/notas\/var\/www\/html\/notas\/wp-content\/uploads\/2023\/12\/Romina-del-Pla-2023.jpeg\" alt=\"\" class=\"wp-image-127133\" srcset=\"https:\/\/www.elsindical.com.ar\/notas\/var\/www\/html\/notas\/wp-content\/uploads\/2023\/12\/Romina-del-Pla-2023.jpeg 1024w, https:\/\/www.elsindical.com.ar\/notas\/var\/www\/html\/notas\/wp-content\/uploads\/2023\/12\/Romina-del-Pla-2023-300x200.jpeg 300w, https:\/\/www.elsindical.com.ar\/notas\/var\/www\/html\/notas\/wp-content\/uploads\/2023\/12\/Romina-del-Pla-2023-768x512.jpeg 768w, https:\/\/www.elsindical.com.ar\/notas\/var\/www\/html\/notas\/wp-content\/uploads\/2023\/12\/Romina-del-Pla-2023-450x300.jpeg 450w\" sizes=\"auto, (max-width: 1024px) 100vw, 1024px\" \/><\/a><\/figure>\n\n\n\n<p class=\"wp-block-paragraph\">La diputada nacional Romina Del Pl\u00e1 se refiri\u00f3 a la nueva elecci\u00f3n de autoridades de la C\u00e1mara de Diputados.<\/p>\n\n\n\n<p class=\"wp-block-paragraph\">La diputada nacional del Partido Obrero refiri\u00f3 que: \u00abNo vamos a avalar esta elecci\u00f3n de autoridades. Nunca lo hicimos, menos ahora. Estamos en las v\u00edsperas de un ataque violento contra la clase obrera, reclamado por toda la clase capitalista para descargar la crisis sobre los trabajadores, cuando la responsabilidad es de las coaliciones que nos vienen gobernando. Las mismas que ahora le prometen gobernabilidad al ajuste fondomonetarista redoblado. Nosotros, ley por ley, nos pondremos en el campo de los trabajadores, mientras gobernadores y parlamentarios se preparan para transar como siempre\u00bb.<\/p>\n\n\n\n<p class=\"wp-block-paragraph\">Asimismo, se\u00f1al\u00f3 que: \u00abDesde La Izquierda nos negamos a colaborar con nuestro voto a elegir a los responsables de llevar adelante la rosca de las autoridades. No seremos c\u00f3mplices de este acuerdo. A un gobierno que va a mandar al Congreso un \u00abplan motosierra\u00bb contra el pueblo no se le puede votar las autoridades parlamentarias porque equivale a facilitar el ajuste\u00bb.<\/p>\n\n\n\n<p class=\"wp-block-paragraph\">Por \u00faltimo, refiri\u00f3 que: \u00abEl paquete de leyes que pretende imponer Milei busca terminar con las indemnizaciones, abaratar todav\u00eda m\u00e1s las jubilaciones de miseria y hacer pasar un nuevo endeudamiento para que los buitres de siempre sigan saqueando la Argentina a costa de las condiciones de vida de la clase obrera. Mientras ejecutan un Rodrigazo que ya est\u00e1 en marcha. Al Partido Obrero en el Frente de Izquierda lo encontrar\u00e1n, desde el primer d\u00eda, organizando a las y los trabajadores para enfrentar el ajuste que se viene\u00bb.<\/p>\n","protected":false},"excerpt":{"rendered":"<p>La diputada nacional Romina Del Pl\u00e1 se refiri\u00f3 a la nueva elecci\u00f3n de autoridades de la C\u00e1mara de Diputados. La diputada nacional del Partido Obrero refiri\u00f3 que: \u00abNo vamos a avalar esta elecci\u00f3n de autoridades. Nunca lo hicimos, menos ahora. Estamos en las v\u00edsperas de un ataque violento contra la clase obrera, reclamado por toda&hellip;<\/p>\n","protected":false},"author":1,"featured_media":127133,"comment_status":"open","ping_status":"open","sticky":false,"template":"","format":"standard","meta":{"footnotes":""},"categories":[13],"tags":[4553,86,2450,28812,40129,6176,2766,37187],"class_list":["post-127132","post","type-post","status-publish","format-standard","has-post-thumbnail","hentry","category-politica","tag-camara-de-diputados","tag-congreso","tag-diario-el-sindical","tag-javier-milei","tag-martin-menem","tag-partido-obrero","tag-peronismo","tag-romina-del-pla"],"_links":{"self":[{"href":"https:\/\/www.elsindical.com.ar\/notas\/wp-json\/wp\/v2\/posts\/127132","targetHints":{"allow":["GET"]}}],"collection":[{"href":"https:\/\/www.elsindical.com.ar\/notas\/wp-json\/wp\/v2\/posts"}],"about":[{"href":"https:\/\/www.elsindical.com.ar\/notas\/wp-json\/wp\/v2\/types\/post"}],"author":[{"embeddable":true,"href":"https:\/\/www.elsindical.com.ar\/notas\/wp-json\/wp\/v2\/users\/1"}],"replies":[{"embeddable":true,"href":"https:\/\/www.elsindical.com.ar\/notas\/wp-json\/wp\/v2\/comments?post=127132"}],"version-history":[{"count":1,"href":"https:\/\/www.elsindical.com.ar\/notas\/wp-json\/wp\/v2\/posts\/127132\/revisions"}],"predecessor-version":[{"id":127134,"href":"https:\/\/www.elsindical.com.ar\/notas\/wp-json\/wp\/v2\/posts\/127132\/revisions\/127134"}],"wp:featuredmedia":[{"embeddable":true,"href":"https:\/\/www.elsindical.com.ar\/notas\/wp-json\/wp\/v2\/media\/127133"}],"wp:attachment":[{"href":"https:\/\/www.elsindical.com.ar\/notas\/wp-json\/wp\/v2\/media?parent=127132"}],"wp:term":[{"taxonomy":"category","embeddable":true,"href":"https:\/\/www.elsindical.com.ar\/notas\/wp-json\/wp\/v2\/categories?post=127132"},{"taxonomy":"post_tag","embeddable":true,"href":"https:\/\/www.elsindical.com.ar\/notas\/wp-json\/wp\/v2\/tags?post=127132"}],"curies":[{"name":"wp","href":"https:\/\/api.w.org\/{rel}","templated":true}]}}