{"id":127114,"date":"2023-12-08T21:18:30","date_gmt":"2023-12-09T00:18:30","guid":{"rendered":"https:\/\/www.elsindical.com.ar\/notas\/?p=127114"},"modified":"2023-12-08T21:18:33","modified_gmt":"2023-12-09T00:18:33","slug":"el-cantante-de-no-te-va-gustar-se-canso-de-mauricio-macri-y-lo-insulto-en-las-redes","status":"publish","type":"post","link":"https:\/\/www.elsindical.com.ar\/notas\/el-cantante-de-no-te-va-gustar-se-canso-de-mauricio-macri-y-lo-insulto-en-las-redes\/","title":{"rendered":"El cantante de No Te Va Gustar se canso de Mauricio Macri y lo insult\u00f3 en las redes"},"content":{"rendered":"\n<figure class=\"wp-block-image size-large\"><a href=\"https:\/\/www.elsindical.com.ar\/notas\/var\/www\/html\/notas\/wp-content\/uploads\/2023\/12\/Emiliano-contra-Macri.jpg\"><img loading=\"lazy\" decoding=\"async\" width=\"830\" height=\"1024\" src=\"https:\/\/www.elsindical.com.ar\/notas\/var\/www\/html\/notas\/wp-content\/uploads\/2023\/12\/Emiliano-contra-Macri-830x1024.jpg\" alt=\"\" class=\"wp-image-127115\" srcset=\"https:\/\/www.elsindical.com.ar\/notas\/var\/www\/html\/notas\/wp-content\/uploads\/2023\/12\/Emiliano-contra-Macri-830x1024.jpg 830w, https:\/\/www.elsindical.com.ar\/notas\/var\/www\/html\/notas\/wp-content\/uploads\/2023\/12\/Emiliano-contra-Macri-243x300.jpg 243w, https:\/\/www.elsindical.com.ar\/notas\/var\/www\/html\/notas\/wp-content\/uploads\/2023\/12\/Emiliano-contra-Macri-768x947.jpg 768w, https:\/\/www.elsindical.com.ar\/notas\/var\/www\/html\/notas\/wp-content\/uploads\/2023\/12\/Emiliano-contra-Macri.jpg 1170w\" sizes=\"auto, (max-width: 830px) 100vw, 830px\" \/><\/a><\/figure>\n\n\n\n<p>Emiliano Brancciari m\u00fasico e hincha de Boca, no disimul\u00f3 el malestar que le produjeron los movimientos judiciales que perge\u00f1\u00f3 el l\u00edder del PRO para frenar las elecciones.<\/p>\n\n\n\n<p>\u201c<strong>MMLPQTP\u201d public\u00f3 Emiliano Brancciari en su cuenta de Twitter<\/strong> acompa\u00f1ado por corazones azules y amarillos. El mensaje no puede ser m\u00e1s claro.<\/p>\n\n\n\n<p><strong>Reconocido hincha de Boca, el cantante argentino, nacionalizado uruguayo de No te Va a Gustar<\/strong> mostr\u00f3 su malestar con la suspensi\u00f3n de las elecciones del club, programadas para este domingo.<\/p>\n\n\n\n<p><strong>Juan Rom\u00e1n Riquelme buscaba la reelecci\u00f3n, cuando el poderoso l\u00edder del PRO decidi\u00f3 volver a la carga <\/strong>para apoderarse nuevamente del xeneize.&nbsp;<\/p>\n\n\n\n<p>Es por ello que <strong>logr\u00f3 un fallo judicial para suspender los comicios<\/strong>, cuando todo indicaba que el oficialismo lograr\u00eda la reelecci\u00f3n.<\/p>\n\n\n<div class=\"wp-block-image\">\n<figure class=\"aligncenter size-full is-resized\"><a href=\"https:\/\/www.elsindical.com.ar\/notas\/var\/www\/html\/notas\/wp-content\/uploads\/2023\/12\/EMI-insulto-a-Macri.jpg\"><img loading=\"lazy\" decoding=\"async\" width=\"532\" height=\"237\" src=\"https:\/\/www.elsindical.com.ar\/notas\/var\/www\/html\/notas\/wp-content\/uploads\/2023\/12\/EMI-insulto-a-Macri.jpg\" alt=\"\" class=\"wp-image-127116\" style=\"width:660px;height:auto\" srcset=\"https:\/\/www.elsindical.com.ar\/notas\/var\/www\/html\/notas\/wp-content\/uploads\/2023\/12\/EMI-insulto-a-Macri.jpg 532w, https:\/\/www.elsindical.com.ar\/notas\/var\/www\/html\/notas\/wp-content\/uploads\/2023\/12\/EMI-insulto-a-Macri-300x134.jpg 300w, https:\/\/www.elsindical.com.ar\/notas\/var\/www\/html\/notas\/wp-content\/uploads\/2023\/12\/EMI-insulto-a-Macri-500x223.jpg 500w\" sizes=\"auto, (max-width: 532px) 100vw, 532px\" \/><\/a><\/figure>\n<\/div>","protected":false},"excerpt":{"rendered":"<p>Emiliano Brancciari m\u00fasico e hincha de Boca, no disimul\u00f3 el malestar que le produjeron los movimientos judiciales que perge\u00f1\u00f3 el l\u00edder del PRO para frenar las elecciones. \u201cMMLPQTP\u201d public\u00f3 Emiliano Brancciari en su cuenta de Twitter acompa\u00f1ado por corazones azules y amarillos. El mensaje no puede ser m\u00e1s claro. Reconocido hincha de Boca, el cantante&hellip;<\/p>\n","protected":false},"author":1,"featured_media":127115,"comment_status":"open","ping_status":"open","sticky":false,"template":"","format":"standard","meta":{"footnotes":""},"categories":[25],"tags":[2358,481,2450,244,41746,76,1986,12006,16893],"class_list":["post-127114","post","type-post","status-publish","format-standard","has-post-thumbnail","hentry","category-sociedad","tag-boca-juniors","tag-cantante","tag-diario-el-sindical","tag-elecciones","tag-emiliano-brancciari","tag-mauricio-macri","tag-musico","tag-no-te-va-gustar","tag-uruguayo"],"_links":{"self":[{"href":"https:\/\/www.elsindical.com.ar\/notas\/wp-json\/wp\/v2\/posts\/127114","targetHints":{"allow":["GET"]}}],"collection":[{"href":"https:\/\/www.elsindical.com.ar\/notas\/wp-json\/wp\/v2\/posts"}],"about":[{"href":"https:\/\/www.elsindical.com.ar\/notas\/wp-json\/wp\/v2\/types\/post"}],"author":[{"embeddable":true,"href":"https:\/\/www.elsindical.com.ar\/notas\/wp-json\/wp\/v2\/users\/1"}],"replies":[{"embeddable":true,"href":"https:\/\/www.elsindical.com.ar\/notas\/wp-json\/wp\/v2\/comments?post=127114"}],"version-history":[{"count":1,"href":"https:\/\/www.elsindical.com.ar\/notas\/wp-json\/wp\/v2\/posts\/127114\/revisions"}],"predecessor-version":[{"id":127117,"href":"https:\/\/www.elsindical.com.ar\/notas\/wp-json\/wp\/v2\/posts\/127114\/revisions\/127117"}],"wp:featuredmedia":[{"embeddable":true,"href":"https:\/\/www.elsindical.com.ar\/notas\/wp-json\/wp\/v2\/media\/127115"}],"wp:attachment":[{"href":"https:\/\/www.elsindical.com.ar\/notas\/wp-json\/wp\/v2\/media?parent=127114"}],"wp:term":[{"taxonomy":"category","embeddable":true,"href":"https:\/\/www.elsindical.com.ar\/notas\/wp-json\/wp\/v2\/categories?post=127114"},{"taxonomy":"post_tag","embeddable":true,"href":"https:\/\/www.elsindical.com.ar\/notas\/wp-json\/wp\/v2\/tags?post=127114"}],"curies":[{"name":"wp","href":"https:\/\/api.w.org\/{rel}","templated":true}]}}