{"id":127091,"date":"2023-12-08T01:28:01","date_gmt":"2023-12-08T04:28:01","guid":{"rendered":"https:\/\/www.elsindical.com.ar\/notas\/?p=127091"},"modified":"2023-12-08T01:39:36","modified_gmt":"2023-12-08T04:39:36","slug":"mi-argentina-cuales-son-las-funciones-que-se-incorporaron-a-la-aplicacion","status":"publish","type":"post","link":"https:\/\/www.elsindical.com.ar\/notas\/mi-argentina-cuales-son-las-funciones-que-se-incorporaron-a-la-aplicacion\/","title":{"rendered":"Mi Argentina: cu\u00e1les son las funciones que se incorporaron a la aplicaci\u00f3n"},"content":{"rendered":"\n<figure class=\"wp-block-image size-large\"><a href=\"https:\/\/www.elsindical.com.ar\/notas\/var\/www\/html\/notas\/wp-content\/uploads\/2023\/12\/App-Mi-Argentina.jpg\"><img loading=\"lazy\" decoding=\"async\" width=\"1024\" height=\"553\" src=\"https:\/\/www.elsindical.com.ar\/notas\/var\/www\/html\/notas\/wp-content\/uploads\/2023\/12\/App-Mi-Argentina-1024x553.jpg\" alt=\"\" class=\"wp-image-127092\" srcset=\"https:\/\/www.elsindical.com.ar\/notas\/var\/www\/html\/notas\/wp-content\/uploads\/2023\/12\/App-Mi-Argentina-1024x553.jpg 1024w, https:\/\/www.elsindical.com.ar\/notas\/var\/www\/html\/notas\/wp-content\/uploads\/2023\/12\/App-Mi-Argentina-300x162.jpg 300w, https:\/\/www.elsindical.com.ar\/notas\/var\/www\/html\/notas\/wp-content\/uploads\/2023\/12\/App-Mi-Argentina-768x415.jpg 768w, https:\/\/www.elsindical.com.ar\/notas\/var\/www\/html\/notas\/wp-content\/uploads\/2023\/12\/App-Mi-Argentina-500x270.jpg 500w, https:\/\/www.elsindical.com.ar\/notas\/var\/www\/html\/notas\/wp-content\/uploads\/2023\/12\/App-Mi-Argentina.jpg 1200w\" sizes=\"auto, (max-width: 1024px) 100vw, 1024px\" \/><\/a><\/figure>\n\n\n\n<p>La nueva versi\u00f3n, que permite el acceso a el DNI electr\u00f3nico, tiene algunas opciones de gran utilidad para el ciudadano.<\/p>\n\n\n\n<p>La llegada del nuevo<strong> <a href=\"https:\/\/www.canal26.com\/general\/nuevo-dni-electronico-con-chip-y-codigo-qr-que-pasara-con-los-documentos-actuales--358289\" target=\"_blank\" rel=\"noreferrer noopener\">D<\/a>ocumento Nacional de Identidad (DNI)<\/strong> electr\u00f3nico trajo consigo una renovaci\u00f3n en <strong>Mi Argentina,<\/strong>&nbsp;la aplicaci\u00f3n nacional para gestionar tr\u00e1mites, sacar turnos, acceder a credenciales y recibir informaci\u00f3n personalizada de manera digital.<\/p>\n\n\n\n<p>La plataforma realiz\u00f3 mejoras en muchas de sus funciones: corrigi\u00f3 algunos <strong>errores en el software<\/strong> para fortalecer los controles de seguridad de los datos e introdujo mejoras en el servicio para<strong> optimizar la experiencia del usuario.<\/strong><\/p>\n\n\n\n<h2 class=\"wp-block-heading\">Los detalles<\/h2>\n\n\n\n<p>La <strong>Secretar\u00eda de Innovaci\u00f3n P\u00fablica<\/strong> lanz\u00f3 recientemente una versi\u00f3n actualizada de Mi Argentina que le permite a los usuarios<strong> personalizar la interfaz y elegir qu\u00e9 documentaci\u00f3n desean visualizar.<\/strong><\/p>\n\n\n\n<p>\u00abOtra de las principales actualizaciones es el <strong>acceso al DNI digital propio y al de las\/os hijas\/os asociadas\/os al perfil<\/strong> mediante un clic, es decir, ya no es necesario solicitar el c\u00f3digo al Registro Nacional de las Personas\u00bb, se\u00f1al\u00f3 Innovaci\u00f3n P\u00fablica.<\/p>\n\n\n\n<p>El <strong>Certificado \u00danico de Discapacidad (CUD) y el S\u00edmbolo Internacional de Acceso<\/strong> se podr\u00e1n obtener de manera digital. Adem\u00e1s, se lanz\u00f3 la solicitud de exenci\u00f3n del pago de peajes para personas con discapacidad, con m\u00e1s de <strong>100.000 gestiones registradas.<\/strong><\/p>\n\n\n\n<figure class=\"wp-block-embed is-type-video is-provider-youtube wp-block-embed-youtube wp-embed-aspect-16-9 wp-has-aspect-ratio\"><div class=\"wp-block-embed__wrapper\">\n<iframe loading=\"lazy\" title=\"Mi Argentina novedades en la app\" width=\"700\" height=\"394\" src=\"https:\/\/www.youtube.com\/embed\/lyNhtbuHukY?feature=oembed\" frameborder=\"0\" allow=\"accelerometer; autoplay; clipboard-write; encrypted-media; gyroscope; picture-in-picture; web-share\" allowfullscreen><\/iframe>\n<\/div><\/figure>\n","protected":false},"excerpt":{"rendered":"<p>La nueva versi\u00f3n, que permite el acceso a el DNI electr\u00f3nico, tiene algunas opciones de gran utilidad para el ciudadano. La llegada del nuevo Documento Nacional de Identidad (DNI) electr\u00f3nico trajo consigo una renovaci\u00f3n en Mi Argentina,&nbsp;la aplicaci\u00f3n nacional para gestionar tr\u00e1mites, sacar turnos, acceder a credenciales y recibir informaci\u00f3n personalizada de manera digital. La&hellip;<\/p>\n","protected":false},"author":1,"featured_media":127092,"comment_status":"open","ping_status":"open","sticky":false,"template":"","format":"standard","meta":{"footnotes":""},"categories":[29],"tags":[18460,17711,18415,2450,4799,30390],"class_list":["post-127091","post","type-post","status-publish","format-standard","has-post-thumbnail","hentry","category-informatica","tag-aplicacion","tag-app","tag-cud","tag-diario-el-sindical","tag-dni","tag-mi-argentina"],"_links":{"self":[{"href":"https:\/\/www.elsindical.com.ar\/notas\/wp-json\/wp\/v2\/posts\/127091","targetHints":{"allow":["GET"]}}],"collection":[{"href":"https:\/\/www.elsindical.com.ar\/notas\/wp-json\/wp\/v2\/posts"}],"about":[{"href":"https:\/\/www.elsindical.com.ar\/notas\/wp-json\/wp\/v2\/types\/post"}],"author":[{"embeddable":true,"href":"https:\/\/www.elsindical.com.ar\/notas\/wp-json\/wp\/v2\/users\/1"}],"replies":[{"embeddable":true,"href":"https:\/\/www.elsindical.com.ar\/notas\/wp-json\/wp\/v2\/comments?post=127091"}],"version-history":[{"count":2,"href":"https:\/\/www.elsindical.com.ar\/notas\/wp-json\/wp\/v2\/posts\/127091\/revisions"}],"predecessor-version":[{"id":127094,"href":"https:\/\/www.elsindical.com.ar\/notas\/wp-json\/wp\/v2\/posts\/127091\/revisions\/127094"}],"wp:featuredmedia":[{"embeddable":true,"href":"https:\/\/www.elsindical.com.ar\/notas\/wp-json\/wp\/v2\/media\/127092"}],"wp:attachment":[{"href":"https:\/\/www.elsindical.com.ar\/notas\/wp-json\/wp\/v2\/media?parent=127091"}],"wp:term":[{"taxonomy":"category","embeddable":true,"href":"https:\/\/www.elsindical.com.ar\/notas\/wp-json\/wp\/v2\/categories?post=127091"},{"taxonomy":"post_tag","embeddable":true,"href":"https:\/\/www.elsindical.com.ar\/notas\/wp-json\/wp\/v2\/tags?post=127091"}],"curies":[{"name":"wp","href":"https:\/\/api.w.org\/{rel}","templated":true}]}}