{"id":127088,"date":"2023-12-08T01:22:01","date_gmt":"2023-12-08T04:22:01","guid":{"rendered":"https:\/\/www.elsindical.com.ar\/notas\/?p=127088"},"modified":"2023-12-08T01:22:06","modified_gmt":"2023-12-08T04:22:06","slug":"lomas-de-zamora-aumentara-las-tasas-un-120-en-2024","status":"publish","type":"post","link":"https:\/\/www.elsindical.com.ar\/notas\/lomas-de-zamora-aumentara-las-tasas-un-120-en-2024\/","title":{"rendered":"Lomas de Zamora aumentar\u00e1 las tasas un 120% en 2024"},"content":{"rendered":"<div class=\"wp-block-image\">\n<figure class=\"aligncenter size-large\"><a href=\"https:\/\/www.elsindical.com.ar\/notas\/var\/www\/html\/notas\/wp-content\/uploads\/2023\/12\/HCD-Lomas-de-Zamora.jpg\"><img loading=\"lazy\" decoding=\"async\" width=\"1024\" height=\"768\" src=\"https:\/\/www.elsindical.com.ar\/notas\/var\/www\/html\/notas\/wp-content\/uploads\/2023\/12\/HCD-Lomas-de-Zamora-1024x768.jpg\" alt=\"\" class=\"wp-image-127089\" srcset=\"https:\/\/www.elsindical.com.ar\/notas\/var\/www\/html\/notas\/wp-content\/uploads\/2023\/12\/HCD-Lomas-de-Zamora-1024x768.jpg 1024w, https:\/\/www.elsindical.com.ar\/notas\/var\/www\/html\/notas\/wp-content\/uploads\/2023\/12\/HCD-Lomas-de-Zamora-300x225.jpg 300w, https:\/\/www.elsindical.com.ar\/notas\/var\/www\/html\/notas\/wp-content\/uploads\/2023\/12\/HCD-Lomas-de-Zamora-768x576.jpg 768w, https:\/\/www.elsindical.com.ar\/notas\/var\/www\/html\/notas\/wp-content\/uploads\/2023\/12\/HCD-Lomas-de-Zamora-400x300.jpg 400w, https:\/\/www.elsindical.com.ar\/notas\/var\/www\/html\/notas\/wp-content\/uploads\/2023\/12\/HCD-Lomas-de-Zamora-1536x1152.jpg 1536w, https:\/\/www.elsindical.com.ar\/notas\/var\/www\/html\/notas\/wp-content\/uploads\/2023\/12\/HCD-Lomas-de-Zamora.jpg 1600w\" sizes=\"auto, (max-width: 1024px) 100vw, 1024px\" \/><\/a><\/figure>\n<\/div>\n\n\n<p>La Asamblea de Mayores Contribuyentes aprob\u00f3 tambi\u00e9n un incremente de 144% en la tasa de Seguridad e Higiene.<\/p>\n\n\n\n<p><strong>La Asamblea de Concejales y Mayores Contribuyentes de Lomas de Zamora aprob\u00f3 este mi\u00e9rcoles aumentos de 120% en la tasa de Servicios Generales y 144% en la de Seguridad e Higiene para 2024<\/strong>, a pesar de que el bloque de la oposici\u00f3n rechaz\u00f3 el proyecto.<\/p>\n\n\n\n<p>Esta Asamblea, compuesta por <strong>24 concejales y de 24 contribuyentes de Lomas de Zamora, es la que tiene la responsabilidad de ratificar las ordenanzas preparatorias que dispongan aumentos en las tasas municipales o endeudamiento p\u00fablico.<\/strong><\/p>\n\n\n\n<p><strong>El bloque de Juntos por el Cambio rechaz\u00f3 el proyecto y manifest\u00f3 que el pa\u00eds est\u00e1 al borde de la hiperinflaci\u00f3n<\/strong> con la mitad de la poblaci\u00f3n bajo la l\u00ednea de pobreza y propuso un dictamen de minor\u00eda con tasas acordes a la realidad socioecon\u00f3mica de los contribuyentes.<\/p>\n\n\n\n<p>La concejala oficialista Mariela G\u00f3mez defendi\u00f3 las pol\u00edticas p\u00fablicas implementadas y la necesidad de seguir brindando servicios a los vecinos.<\/p>\n\n\n\n<p>El concejal oficialista Gast\u00f3n Lassalle admiti\u00f3 que <strong>son tiempos dif\u00edciles pero no permitir\u00e1n recortes en los servicios p\u00fablicos esenciales y obras.<\/strong> Por otra parte, Lassalle<strong> tambi\u00e9n mencion\u00f3 la incertidumbre sobre recursos provenientes de Naci\u00f3n y la necesidad de lograr una administraci\u00f3n municipal que se autofinancie.<\/strong><\/p>\n\n\n\n<p>Adem\u00e1s, desde el oficialismo destacaron que los aumentos propuestos en algunos casos son menores a la inflaci\u00f3n proyectada para poder seguir financiando obras y servicios.<\/p>\n","protected":false},"excerpt":{"rendered":"<p>La Asamblea de Mayores Contribuyentes aprob\u00f3 tambi\u00e9n un incremente de 144% en la tasa de Seguridad e Higiene. La Asamblea de Concejales y Mayores Contribuyentes de Lomas de Zamora aprob\u00f3 este mi\u00e9rcoles aumentos de 120% en la tasa de Servicios Generales y 144% en la de Seguridad e Higiene para 2024, a pesar de que&hellip;<\/p>\n","protected":false},"author":1,"featured_media":127089,"comment_status":"open","ping_status":"open","sticky":false,"template":"","format":"standard","meta":{"footnotes":""},"categories":[13],"tags":[27167,2450,22023,41737,17592],"class_list":["post-127088","post","type-post","status-publish","format-standard","has-post-thumbnail","hentry","category-politica","tag-aumento-de-tarifa","tag-diario-el-sindical","tag-economia","tag-hcd-lomas-de-zamora","tag-tsg"],"_links":{"self":[{"href":"https:\/\/www.elsindical.com.ar\/notas\/wp-json\/wp\/v2\/posts\/127088","targetHints":{"allow":["GET"]}}],"collection":[{"href":"https:\/\/www.elsindical.com.ar\/notas\/wp-json\/wp\/v2\/posts"}],"about":[{"href":"https:\/\/www.elsindical.com.ar\/notas\/wp-json\/wp\/v2\/types\/post"}],"author":[{"embeddable":true,"href":"https:\/\/www.elsindical.com.ar\/notas\/wp-json\/wp\/v2\/users\/1"}],"replies":[{"embeddable":true,"href":"https:\/\/www.elsindical.com.ar\/notas\/wp-json\/wp\/v2\/comments?post=127088"}],"version-history":[{"count":1,"href":"https:\/\/www.elsindical.com.ar\/notas\/wp-json\/wp\/v2\/posts\/127088\/revisions"}],"predecessor-version":[{"id":127090,"href":"https:\/\/www.elsindical.com.ar\/notas\/wp-json\/wp\/v2\/posts\/127088\/revisions\/127090"}],"wp:featuredmedia":[{"embeddable":true,"href":"https:\/\/www.elsindical.com.ar\/notas\/wp-json\/wp\/v2\/media\/127089"}],"wp:attachment":[{"href":"https:\/\/www.elsindical.com.ar\/notas\/wp-json\/wp\/v2\/media?parent=127088"}],"wp:term":[{"taxonomy":"category","embeddable":true,"href":"https:\/\/www.elsindical.com.ar\/notas\/wp-json\/wp\/v2\/categories?post=127088"},{"taxonomy":"post_tag","embeddable":true,"href":"https:\/\/www.elsindical.com.ar\/notas\/wp-json\/wp\/v2\/tags?post=127088"}],"curies":[{"name":"wp","href":"https:\/\/api.w.org\/{rel}","templated":true}]}}