{"id":127008,"date":"2023-12-04T16:38:24","date_gmt":"2023-12-04T19:38:24","guid":{"rendered":"https:\/\/www.elsindical.com.ar\/notas\/?p=127008"},"modified":"2023-12-04T16:38:35","modified_gmt":"2023-12-04T19:38:35","slug":"presupuesto-porteno-2024-ajustes-en-educacion-salud-vivienda-y-cultura","status":"publish","type":"post","link":"https:\/\/www.elsindical.com.ar\/notas\/presupuesto-porteno-2024-ajustes-en-educacion-salud-vivienda-y-cultura\/","title":{"rendered":"Presupuesto porte\u00f1o 2024: ajustes en educaci\u00f3n, salud, vivienda y cultura"},"content":{"rendered":"<div class=\"wp-block-image\">\n<figure class=\"aligncenter size-medium is-resized\"><a href=\"https:\/\/www.elsindical.com.ar\/notas\/var\/www\/html\/notas\/wp-content\/uploads\/2022\/09\/ACIJ-logo.png\"><img loading=\"lazy\" decoding=\"async\" width=\"300\" height=\"300\" src=\"https:\/\/www.elsindical.com.ar\/notas\/var\/www\/html\/notas\/wp-content\/uploads\/2022\/09\/ACIJ-logo-300x300.png\" alt=\"\" class=\"wp-image-116824\" style=\"width:514px;height:auto\" srcset=\"https:\/\/www.elsindical.com.ar\/notas\/var\/www\/html\/notas\/wp-content\/uploads\/2022\/09\/ACIJ-logo-300x300.png 300w, https:\/\/www.elsindical.com.ar\/notas\/var\/www\/html\/notas\/wp-content\/uploads\/2022\/09\/ACIJ-logo-150x150.png 150w, https:\/\/www.elsindical.com.ar\/notas\/var\/www\/html\/notas\/wp-content\/uploads\/2022\/09\/ACIJ-logo-768x768.png 768w, https:\/\/www.elsindical.com.ar\/notas\/var\/www\/html\/notas\/wp-content\/uploads\/2022\/09\/ACIJ-logo-50x50.png 50w, https:\/\/www.elsindical.com.ar\/notas\/var\/www\/html\/notas\/wp-content\/uploads\/2022\/09\/ACIJ-logo.png 864w\" sizes=\"auto, (max-width: 300px) 100vw, 300px\" \/><\/a><\/figure>\n<\/div>\n\n\n<p>La Legislatura de la Ciudad Aut\u00f3noma de Buenos Aires est\u00e1 discutiendo el proyecto de presupuesto para 2024. <strong>La propuesta contempla una reducci\u00f3n del gasto del 6,15% en t\u00e9rminos reales <\/strong>en relaci\u00f3n con el presupuesto vigente al tercer trimestre de 2023. Si consideramos la \u00faltima ampliaci\u00f3n presupuestaria, realizada el 9 de noviembre, la ca\u00edda asciende al 15,22%.<\/p>\n\n\n\n<figure class=\"wp-block-table\"><table><tbody><tr><td><strong>En ACIJ analizamos el proyecto e identificamos algunos datos alarmantes:<\/strong> A excepci\u00f3n de \u00abServicios de Seguridad\u00bb, caen todas las funciones del gasto.<br><br>Dentro de \u00abServicios Sociales\u00bb disminuye un 22,2% el gasto proyectado en Cultura, un 11,7% el de Vivienda, un 5,9% el de Salud y un 2,3% el de Educaci\u00f3n.<br>Se reduce el presupuesto de los Ministerios de Cultura (-18,7%), Desarrollo Humano y H\u00e1bitat (-10,3%), Educaci\u00f3n (-11,9%) y Salud (-6,25%). La baja en el Ministerio de Desarrollo Humano y H\u00e1bitat profundiza la tendencia a la baja que se sostiene desde 2022.<br><br>Cae el presupuesto de al menos 12 programas educativos. Es particularmente preocupante la ca\u00edda en 3 \u00e1reas claves de la pol\u00edtica educativa: Educaci\u00f3n de gesti\u00f3n estatal (-18,5%), Servicio a las Escuelas (-4%) y Pol\u00edticas Socioeducativas (-17,1%).<br><br>El presupuesto proyectado para los programas destinados a la atenci\u00f3n a la salud mental cae un 9%, y el modo en el que se distribuyen los recursos incumple las obligaciones estatales, en tanto el 76,5% del presupuesto para salud mental lo absorber\u00e1n los 4 hospitales psiqui\u00e1tricos p\u00fablicos, que seg\u00fan la legislaci\u00f3n vigente ya no deber\u00edan existir, en lugar de destinarse a dispositivos comunitarios.<br><br>Dos partidas vinculadas a la asistencia a personas en situaci\u00f3n de calle sufren fuertes ajustes: el Programa 43, que financia los subsidios habitacionales (Decreto 690), cae un 7,84%, y el Programa 44 de asistencia integral en hogares y paradores disminuye un 21,32%.<br><br>Si bien el nuevo presupuesto para el Instituto de Vivienda de la Ciudad (IVC) presenta un aumento real del 8,76%, esta cifra se explica en parte por la decisi\u00f3n de avanzar en la construcci\u00f3n de cuatro conjuntos habitacionales para relocalizaci\u00f3n de familias afectadas por la &#8216;Causa Mendoza&#8217; (Riachuelo). El resto de los programas destinados a garantizar el derecho a la ciudad sufre un fuerte ajuste. Se destaca con particular preocupaci\u00f3n la ca\u00edda del 34% del Programa 104, que engloba las acciones en todos los barrios populares de intervenci\u00f3n del IVC.<br><br>El compromiso de etiquetar los gastos destinados a reducir desigualdades entre los g\u00e9neros sigue incumplido. Por eso, s\u00f3lo pueden hacerse an\u00e1lisis agregados, que indican que el presupuesto destinado a los organismos que tienen entre sus objetivos la reducci\u00f3n de desigualdades de g\u00e9nero representa el 1,43% del presupuesto total, con una tendencia a la baja si se compara con el proyecto de presupuesto 2023. <strong>El Gobierno de la Ciudad mantiene grandes d\u00e9ficits en materia de transparencia presupuestaria<\/strong>. A pesar de que el art\u00edculo 49 de la Ley N\u00b0 70 de la CABA establece que el proyecto de Ley debe contener, como m\u00ednimo, los presupuestos de gastos de cada una de las jurisdicciones, organismos descentralizados y entes aut\u00e1rquicos identificando programas, objetivos y producci\u00f3n, <strong>el Estado local no public\u00f3 proactivamente la informaci\u00f3n relativa a los programas presupuestarios y fue necesario solicitarla para hacer el an\u00e1lisis<\/strong>. La publicaci\u00f3n de estos datos es esencial para conocer la planificaci\u00f3n del GCBA en las pol\u00edticas p\u00fablicas espec\u00edficas, por lo que deben estar a disposici\u00f3n de toda la ciudadan\u00eda, y no solo de quienes los requieran. &nbsp; Por otro lado, <strong>no es posible acceder a informaci\u00f3n actualizada y reutilizable (en datos abiertos) sobre la ejecuci\u00f3n presupuestaria. De hecho, la \u00faltima informaci\u00f3n disponible en este formato corresponde al segundo trimestre<\/strong>. Para hacer el an\u00e1lisis del tercer trimestre es necesario acudir a documentos en formato \u00abPDF\u00bb, que resultan muy complejos de procesar. Adem\u00e1s, a la fecha no existe informaci\u00f3n desagregada sobre la \u00faltima ampliaci\u00f3n presupuestaria, correspondiente al mes de noviembre. &nbsp;<strong>Desde ACIJ, consideramos fundamental que el GCBA priorice la inversi\u00f3n en derechos humanos y avance en el cumplimiento de sus compromisos con la transparencia presupuestaria.<\/strong><\/td><\/tr><\/tbody><\/table><\/figure>\n\n\n\n<figure class=\"wp-block-table aligncenter\"><table><tbody><tr><td><a href=\"https:\/\/acij.musvc3.net\/e\/tr?q=5%3dKWFZOW%26x%3dS%268%3dbDT%269%3dXDaTW%267%3d0DN2K_Buer_Me_4smt_Dh_Buer_Ljm53D.1J1.54_Jkwb_TZQ2-59H678N_4smt_DhEJxGu85_Jkwb_TZVLTM_Lcuj_VRSK_Lcuj_VRrBIA7wN1-6y-J47CO2MyM6G-LdDV-WeNc-_-UHmD3MuK-x9-xGC-Lq5EL5GC-JmJu-9pMw5oA9H-536Op-EyH636-PuN39z6u-S-s7894G.08r_Jkwb_UZO6E_CI7Jw9_4smt_Ef75uDEJ_4smt_DXENy_Ey8uM7_Lcuj_WP775uD_Buer_3u5mLZ7L7_7mE05u98_Lcuj_WP9yHqJuF%26p%3dEEM85M.HqL%263M%3dEZKa%266K%3dLdDUKVLVKcLYMZ%26t%3dXxXDbMVrUwZGXRVmTx0C8uYqaOUpWvbK5MVr7RWJVv0GbxbESR9K3w9KTTZH7w5J&amp;mupckp=mupAtu4m8OiX0wt\" target=\"_blank\" rel=\"noreferrer noopener\"><strong>Acced\u00e9 al informe<\/strong><\/a><\/td><\/tr><\/tbody><\/table><\/figure>\n","protected":false},"excerpt":{"rendered":"<p>La Legislatura de la Ciudad Aut\u00f3noma de Buenos Aires est\u00e1 discutiendo el proyecto de presupuesto para 2024. La propuesta contempla una reducci\u00f3n del gasto del 6,15% en t\u00e9rminos reales en relaci\u00f3n con el presupuesto vigente al tercer trimestre de 2023. Si consideramos la \u00faltima ampliaci\u00f3n presupuestaria, realizada el 9 de noviembre, la ca\u00edda asciende al&hellip;<\/p>\n","protected":false},"author":1,"featured_media":116824,"comment_status":"open","ping_status":"open","sticky":false,"template":"","format":"standard","meta":{"footnotes":""},"categories":[9,13],"tags":[17751,10864,2450,5561,41724,22031,4416],"class_list":["post-127008","post","type-post","status-publish","format-standard","has-post-thumbnail","hentry","category-economia","category-politica","tag-acij","tag-cultura-2","tag-diario-el-sindical","tag-educacion","tag-presupuesto-porteno-2024","tag-salud","tag-vivienda"],"_links":{"self":[{"href":"https:\/\/www.elsindical.com.ar\/notas\/wp-json\/wp\/v2\/posts\/127008","targetHints":{"allow":["GET"]}}],"collection":[{"href":"https:\/\/www.elsindical.com.ar\/notas\/wp-json\/wp\/v2\/posts"}],"about":[{"href":"https:\/\/www.elsindical.com.ar\/notas\/wp-json\/wp\/v2\/types\/post"}],"author":[{"embeddable":true,"href":"https:\/\/www.elsindical.com.ar\/notas\/wp-json\/wp\/v2\/users\/1"}],"replies":[{"embeddable":true,"href":"https:\/\/www.elsindical.com.ar\/notas\/wp-json\/wp\/v2\/comments?post=127008"}],"version-history":[{"count":1,"href":"https:\/\/www.elsindical.com.ar\/notas\/wp-json\/wp\/v2\/posts\/127008\/revisions"}],"predecessor-version":[{"id":127009,"href":"https:\/\/www.elsindical.com.ar\/notas\/wp-json\/wp\/v2\/posts\/127008\/revisions\/127009"}],"wp:featuredmedia":[{"embeddable":true,"href":"https:\/\/www.elsindical.com.ar\/notas\/wp-json\/wp\/v2\/media\/116824"}],"wp:attachment":[{"href":"https:\/\/www.elsindical.com.ar\/notas\/wp-json\/wp\/v2\/media?parent=127008"}],"wp:term":[{"taxonomy":"category","embeddable":true,"href":"https:\/\/www.elsindical.com.ar\/notas\/wp-json\/wp\/v2\/categories?post=127008"},{"taxonomy":"post_tag","embeddable":true,"href":"https:\/\/www.elsindical.com.ar\/notas\/wp-json\/wp\/v2\/tags?post=127008"}],"curies":[{"name":"wp","href":"https:\/\/api.w.org\/{rel}","templated":true}]}}