{"id":1270,"date":"2009-10-25T14:49:41","date_gmt":"2009-10-25T17:49:41","guid":{"rendered":"http:\/\/www.elsindical.com.ar\/notas\/?p=1270"},"modified":"2009-10-25T14:49:41","modified_gmt":"2009-10-25T17:49:41","slug":"denuncian-que-aumento-200-la-oferta-de-marihuana","status":"publish","type":"post","link":"https:\/\/www.elsindical.com.ar\/notas\/denuncian-que-aumento-200-la-oferta-de-marihuana\/","title":{"rendered":"Denuncian que aument\u00f3 200% la oferta de marihuana"},"content":{"rendered":"<p style=\"text-align: justify;\"><span><em><img loading=\"lazy\" decoding=\"async\" class=\"alignleft size-full wp-image-1271\" title=\"marihuana-oferta\" src=\"http:\/\/www.elsindical.com.ar\/notas\/var\/www\/html\/notas\/wp-content\/uploads\/2009\/10\/marihuana-oferta.jpg\" alt=\"marihuana-oferta\" width=\"255\" height=\"170\" \/>Desde que la Corte Suprema despenaliz\u00f3 la tenencia de marihuana para consumo personal, a fines de agosto pasado, la oferta de esa droga en las calles de la Capital Federal aument\u00f3 un 200 por ciento.<\/em><\/span><\/p>\n<p style=\"text-align: justify;\"><span>As\u00ed lo denunci\u00f3 un informe de la Asociaci\u00f3n Antidrogas de la Rep\u00fablica Argentina, que consign\u00f3 que la nueva estrategia de los narcos es reclutar personal que traslade cantidades m\u00ednimas que no puedan ser penalizadas ante una eventual requisa de la Polic\u00eda.<br \/>\nEn di\u00e1logo con este medio, Claudio Izaguirre, presidente de la entidad, advirti\u00f3 que \u201ceste fen\u00f3meno se percibe desde el fallo de la Corte. Ha proliferado la oferta en peque\u00f1as cantidades un 200 por ciento s\u00f3lo en la Capital. Y los dealers se mueven a toda hora y en caso de que la Polic\u00eda detecte una actitud sospechosa, le dicen que es para consumo personal. Muchas veces contratan a adictos a los que les ofrecen cannabis en parte de pago\u201d.<br \/>\nUna fuente de la SEDRONAR, un organismo que se opuso a la iniciativa del entonces ministro de Justicia An\u00edbal Fern\u00e1ndez de despenalizar la tenencia de droga para consumo personal, desliz\u00f3: \u201cNo sabemos si aument\u00f3 la oferta en las calles pero lo que ahora se percibe es una mayor tolerancia social para el consumo como consecuencia del fallo de la Corte\u201d.<br \/>\nEn tanto, Claudio Mate, titular del Centro de Estudios en Drogadependencias y Sociopat\u00edas (CEDROS) de la Universidad Isalud, sostuvo que \u201cno se puede establecer con rigurosidad si subi\u00f3 la venta de droga en estos \u00faltimos meses. El fallo crea un clima de aceptaci\u00f3n institucional, una elocuencia que puede desencadenar en que un sector de la sociedad tenga un mayor acercamiento\u201d.<br \/>\nMate, ex titular de la Secretar\u00eda de atenci\u00f3n de las adicciones de la Provincia, agreg\u00f3 que \u201cesta mayor aceptaci\u00f3n social podr\u00eda explicarse por una mayor facilidad para el consumo. Pero es un tema complejo porque son muchas las interpretaciones que pueden salir de la sociedad. Lo que s\u00ed es cierto es que esta percepci\u00f3n pudo haber hecho que ahora sea m\u00e1s visible lo que antes era subrepticio\u201d.<br \/>\nPor otra parte, el ex ministro de Salud bonaerense descart\u00f3 que el consumo de marihuana resulte inocuo. Record\u00f3 que en los pa\u00edses donde se relajaron las leyes que criminalizan el uso de estupefacientes \u201csurgieron problemas con el dominio del espacio p\u00fablico. Ese es un debate que nos tendremos que dar y hoy puede surgir estos problemas, porque quien consume una sustancia psicoactiva tiene una conducta imprevisible\u201d.<br \/>\nEn las escuelas secundarias algunos estudiantes perciben una mayor facilidad para conseguir marihuana. Incluso vinculan la resoluci\u00f3n del m\u00e1ximo tribunal que despenaliz\u00f3 la tenencia de drogas para uso personal como uno de los factores que favorecen el consumo de estupefacientes a m\u00e1s temprana edad.<br \/>\nAl respecto, una alumna de un colegio de Caballito expres\u00f3 que \u201cahora es muy f\u00e1cil conseguir droga. Fumar, pr\u00e1cticamente es libre y m\u00e1s desde que la Corte Suprema se pronunci\u00f3 a favor de la despenalizaci\u00f3n\u201d.<br \/>\nEn setiembre pasado, una escuela de La Pampa se vio convulsionada cuando un chico de 13 a\u00f1os fue soprendido vendiendo porros en uno de los ba\u00f1os. El episodio ocurri\u00f3 en la Unidad Educativa N\u00ba 5 de Santa Rosa e involucr\u00f3 a un alumno del 8\u00ba a\u00f1o, a quien los preceptores hallaron en uno de los sanitarios con 7 cigarrillos de cannabis escondidos en un desodorante. Al parecer, los mismos compa\u00f1eros delataron al precoz dealer, que fue castigado con una suspensi\u00f3n de 5 d\u00edas y obligado a seguir un tratamiento.<br \/>\nEl caso gener\u00f3 un gran revuelo en la provincia e incluso el ministro de Educaci\u00f3n, N\u00e9stor Torres, lo vincul\u00f3 con el fallo despenalizador. \u201cEl fallo de la Corte Suprema no nos ayuda dentro de las instituciones educativas. Estamos buscando alternativas para ver de qu\u00e9 manera podemos fortalecer las acciones realizadas con la prevenci\u00f3n de adicciones, m\u00e1s a\u00fan teniendo en cuenta este fallo que despenaliza el libre consumo\u201d, declar\u00f3 el funcionario a la prensa.<\/span><\/p>\n","protected":false},"excerpt":{"rendered":"<p>Desde que la Corte Suprema despenaliz\u00f3 la tenencia de marihuana para consumo personal, a fines de agosto pasado, la oferta de esa droga en las calles de la Capital Federal aument\u00f3 un 200 por ciento. As\u00ed lo denunci\u00f3 un informe de la Asociaci\u00f3n Antidrogas de la Rep\u00fablica Argentina, que consign\u00f3 que la nueva estrategia de&hellip;<\/p>\n","protected":false},"author":1,"featured_media":0,"comment_status":"open","ping_status":"open","sticky":false,"template":"","format":"standard","meta":{"footnotes":""},"categories":[25],"tags":[734,733,664,598],"class_list":["post-1270","post","type-post","status-publish","format-standard","hentry","category-sociedad","tag-adictos","tag-corte-suprema","tag-marihuana","tag-oferta"],"_links":{"self":[{"href":"https:\/\/www.elsindical.com.ar\/notas\/wp-json\/wp\/v2\/posts\/1270","targetHints":{"allow":["GET"]}}],"collection":[{"href":"https:\/\/www.elsindical.com.ar\/notas\/wp-json\/wp\/v2\/posts"}],"about":[{"href":"https:\/\/www.elsindical.com.ar\/notas\/wp-json\/wp\/v2\/types\/post"}],"author":[{"embeddable":true,"href":"https:\/\/www.elsindical.com.ar\/notas\/wp-json\/wp\/v2\/users\/1"}],"replies":[{"embeddable":true,"href":"https:\/\/www.elsindical.com.ar\/notas\/wp-json\/wp\/v2\/comments?post=1270"}],"version-history":[{"count":2,"href":"https:\/\/www.elsindical.com.ar\/notas\/wp-json\/wp\/v2\/posts\/1270\/revisions"}],"predecessor-version":[{"id":1273,"href":"https:\/\/www.elsindical.com.ar\/notas\/wp-json\/wp\/v2\/posts\/1270\/revisions\/1273"}],"wp:attachment":[{"href":"https:\/\/www.elsindical.com.ar\/notas\/wp-json\/wp\/v2\/media?parent=1270"}],"wp:term":[{"taxonomy":"category","embeddable":true,"href":"https:\/\/www.elsindical.com.ar\/notas\/wp-json\/wp\/v2\/categories?post=1270"},{"taxonomy":"post_tag","embeddable":true,"href":"https:\/\/www.elsindical.com.ar\/notas\/wp-json\/wp\/v2\/tags?post=1270"}],"curies":[{"name":"wp","href":"https:\/\/api.w.org\/{rel}","templated":true}]}}