{"id":126970,"date":"2023-12-01T12:36:46","date_gmt":"2023-12-01T15:36:46","guid":{"rendered":"https:\/\/www.elsindical.com.ar\/notas\/?p=126970"},"modified":"2023-12-01T12:36:57","modified_gmt":"2023-12-01T15:36:57","slug":"con-criticas-a-lacalle-pou-spotify-le-confirmo-a-sus-usuarios-que-se-va-de-uruguay-en-febrero","status":"publish","type":"post","link":"https:\/\/www.elsindical.com.ar\/notas\/con-criticas-a-lacalle-pou-spotify-le-confirmo-a-sus-usuarios-que-se-va-de-uruguay-en-febrero\/","title":{"rendered":"Con cr\u00edticas a Lacalle Pou, Spotify le confirm\u00f3 a sus usuarios que se va de Uruguay en febrero"},"content":{"rendered":"\n<figure class=\"wp-block-image size-large\"><a href=\"https:\/\/www.elsindical.com.ar\/notas\/var\/www\/html\/notas\/wp-content\/uploads\/2023\/12\/Spotify.jpg\"><img loading=\"lazy\" decoding=\"async\" width=\"1024\" height=\"553\" src=\"https:\/\/www.elsindical.com.ar\/notas\/var\/www\/html\/notas\/wp-content\/uploads\/2023\/12\/Spotify-1024x553.jpg\" alt=\"\" class=\"wp-image-126971\" srcset=\"https:\/\/www.elsindical.com.ar\/notas\/var\/www\/html\/notas\/wp-content\/uploads\/2023\/12\/Spotify-1024x553.jpg 1024w, https:\/\/www.elsindical.com.ar\/notas\/var\/www\/html\/notas\/wp-content\/uploads\/2023\/12\/Spotify-300x162.jpg 300w, https:\/\/www.elsindical.com.ar\/notas\/var\/www\/html\/notas\/wp-content\/uploads\/2023\/12\/Spotify-768x415.jpg 768w, https:\/\/www.elsindical.com.ar\/notas\/var\/www\/html\/notas\/wp-content\/uploads\/2023\/12\/Spotify-500x270.jpg 500w, https:\/\/www.elsindical.com.ar\/notas\/var\/www\/html\/notas\/wp-content\/uploads\/2023\/12\/Spotify.jpg 1161w\" sizes=\"auto, (max-width: 1024px) 100vw, 1024px\" \/><\/a><\/figure>\n\n\n\n<p>La plataforma de m\u00fasica explic\u00f3 en un mail que se retira del pa\u00eds por la aprobaci\u00f3n de una ley que afecta a sus ganancias. \u00abLos cambios con esta nueva ley podr\u00edan obligar a Spotify a pagar dos veces por las mismas canciones\u00bb, sostiene el texto.<\/p>\n\n\n\n<p>Spotify anunci\u00f3 a trav\u00e9s de un correo electr\u00f3nico a sus clientes que comenzar\u00e1 a retirar gradualmente su servicio de Uruguay desde el pr\u00f3ximo 1 de enero y <strong>que cesar\u00e1 completamente sus servicios en febrero.<\/strong><\/p>\n\n\n\n<p>En el mensaje, se\u00f1al\u00f3 que el Gobierno aprob\u00f3 en la ley de Rendici\u00f3n de Cuentas <strong>\u00abcambios dr\u00e1sticos en la forma en que funciona la m\u00fasica en el pa\u00eds\u00bb.<\/strong><\/p>\n\n\n\n<p>\u00abSpotify ya paga cerca del 70 % de cada d\u00f3lar que genera de la m\u00fasica a las discogr\u00e1ficas y editoras quienes representan y pagan a los artistas y compositores, y ha contribuido con m\u00e1s de $ 40 mil millones de d\u00f3lares hasta la fecha. <strong>Los cambios con esta nueva ley podr\u00edan obligar a Spotify a pagar dos veces por las mismas canciones\u00bb<\/strong>, sostiene el texto.<\/p>\n\n\n\n<p>A\u00f1ade que, \u00aba menos que el gobierno aclare que las discogr\u00e1ficas y editoras, a quienes pagamos ese ~70%, <strong>deben asumir la responsabilidad de estos costos<\/strong>, nuestro negocio de conectar artistas y fans ser\u00e1 insostenible\u00bb.<\/p>\n\n\n\n<p>La plataforma explica que quieren \u00abseguir brindando a los artistas la oportunidad de conectar con los oyentes, y a los fans la oportunidad de disfrutar e inspirarse con su m\u00fasica\u00bb. Pero, sin embargo, <strong>\u00aben este momento, Spotify no tiene m\u00e1s opci\u00f3n que dejar de estar disponible en Uruguay\u00bb.<\/strong><\/p>\n\n\n\n<p>Spotify anunci\u00f3 que<strong> en diciembre enviar\u00e1 las \u00faltimas facturas<\/strong> a quienes tienen el servicio Premium y<strong> que en enero los usuarios pasar\u00e1n a tener cuenta gratuita hasta la suspensi\u00f3n del servicio, que ser\u00e1 el 1 de febrero.<\/strong><\/p>\n\n\n\n<p>Asimismo,<strong> remarc\u00f3 que luego del 28 de diciembre no ser\u00e1 posible iniciar una nueva suscripci\u00f3n.<\/strong><\/p>\n\n\n\n<p>\u00abEntendemos que esta noticia puede ser decepcionante y agradecemos sinceramente tu comprensi\u00f3n en este momento complicado. Gracias por ser parte de la comunidad de Spotify. <strong>Esperamos poder servirte nuevamente en el futuro\u00bb<\/strong>, concluye el comunicado enviado.<\/p>\n","protected":false},"excerpt":{"rendered":"<p>La plataforma de m\u00fasica explic\u00f3 en un mail que se retira del pa\u00eds por la aprobaci\u00f3n de una ley que afecta a sus ganancias. \u00abLos cambios con esta nueva ley podr\u00edan obligar a Spotify a pagar dos veces por las mismas canciones\u00bb, sostiene el texto. Spotify anunci\u00f3 a trav\u00e9s de un correo electr\u00f3nico a sus&hellip;<\/p>\n","protected":false},"author":1,"featured_media":126971,"comment_status":"open","ping_status":"open","sticky":false,"template":"","format":"standard","meta":{"footnotes":""},"categories":[18],"tags":[2450,40666,6430,8490,28725,226,376],"class_list":["post-126970","post","type-post","status-publish","format-standard","has-post-thumbnail","hentry","category-internacionales","tag-diario-el-sindical","tag-luis-lacalle-pou","tag-musicos","tag-servicios","tag-spotify","tag-uruguay","tag-usuarios"],"_links":{"self":[{"href":"https:\/\/www.elsindical.com.ar\/notas\/wp-json\/wp\/v2\/posts\/126970","targetHints":{"allow":["GET"]}}],"collection":[{"href":"https:\/\/www.elsindical.com.ar\/notas\/wp-json\/wp\/v2\/posts"}],"about":[{"href":"https:\/\/www.elsindical.com.ar\/notas\/wp-json\/wp\/v2\/types\/post"}],"author":[{"embeddable":true,"href":"https:\/\/www.elsindical.com.ar\/notas\/wp-json\/wp\/v2\/users\/1"}],"replies":[{"embeddable":true,"href":"https:\/\/www.elsindical.com.ar\/notas\/wp-json\/wp\/v2\/comments?post=126970"}],"version-history":[{"count":1,"href":"https:\/\/www.elsindical.com.ar\/notas\/wp-json\/wp\/v2\/posts\/126970\/revisions"}],"predecessor-version":[{"id":126972,"href":"https:\/\/www.elsindical.com.ar\/notas\/wp-json\/wp\/v2\/posts\/126970\/revisions\/126972"}],"wp:featuredmedia":[{"embeddable":true,"href":"https:\/\/www.elsindical.com.ar\/notas\/wp-json\/wp\/v2\/media\/126971"}],"wp:attachment":[{"href":"https:\/\/www.elsindical.com.ar\/notas\/wp-json\/wp\/v2\/media?parent=126970"}],"wp:term":[{"taxonomy":"category","embeddable":true,"href":"https:\/\/www.elsindical.com.ar\/notas\/wp-json\/wp\/v2\/categories?post=126970"},{"taxonomy":"post_tag","embeddable":true,"href":"https:\/\/www.elsindical.com.ar\/notas\/wp-json\/wp\/v2\/tags?post=126970"}],"curies":[{"name":"wp","href":"https:\/\/api.w.org\/{rel}","templated":true}]}}