{"id":126909,"date":"2023-11-28T13:34:00","date_gmt":"2023-11-28T16:34:00","guid":{"rendered":"https:\/\/www.elsindical.com.ar\/notas\/?p=126909"},"modified":"2023-11-28T13:34:06","modified_gmt":"2023-11-28T16:34:06","slug":"milei-designara-a-eduardo-rodriguez-chirillo-en-energia","status":"publish","type":"post","link":"https:\/\/www.elsindical.com.ar\/notas\/milei-designara-a-eduardo-rodriguez-chirillo-en-energia\/","title":{"rendered":"Milei designar\u00e1 a Eduardo Rodr\u00edguez Chirillo en Energ\u00eda"},"content":{"rendered":"<div class=\"wp-block-image\">\n<figure class=\"aligncenter size-full is-resized\"><a href=\"https:\/\/www.elsindical.com.ar\/notas\/var\/www\/html\/notas\/wp-content\/uploads\/2023\/11\/Chirillo-y-Milei.jpg\"><img loading=\"lazy\" decoding=\"async\" width=\"550\" height=\"362\" src=\"https:\/\/www.elsindical.com.ar\/notas\/var\/www\/html\/notas\/wp-content\/uploads\/2023\/11\/Chirillo-y-Milei.jpg\" alt=\"\" class=\"wp-image-126910\" style=\"width:700px;height:auto\" srcset=\"https:\/\/www.elsindical.com.ar\/notas\/var\/www\/html\/notas\/wp-content\/uploads\/2023\/11\/Chirillo-y-Milei.jpg 550w, https:\/\/www.elsindical.com.ar\/notas\/var\/www\/html\/notas\/wp-content\/uploads\/2023\/11\/Chirillo-y-Milei-300x197.jpg 300w, https:\/\/www.elsindical.com.ar\/notas\/var\/www\/html\/notas\/wp-content\/uploads\/2023\/11\/Chirillo-y-Milei-456x300.jpg 456w\" sizes=\"auto, (max-width: 550px) 100vw, 550px\" \/><\/a><\/figure>\n<\/div>\n\n\n<p class=\"wp-block-paragraph\">El presidente electo, Javier Milei, inform\u00f3 qui\u00e9n ocupar\u00e1 la cartera de Energ\u00eda. Su Gabinete tendr\u00e1 ocho ministerios.<\/p>\n\n\n\n<p class=\"wp-block-paragraph\">Mientras el presidente electo, Javier Milei, sigue con su viaje por los Estados Unidos, <strong>confirmaron al pr\u00f3ximo ministro de Energ\u00eda<\/strong>. Se trata de Eduardo Rodr\u00edguez Chirillo.<\/p>\n\n\n\n<p class=\"wp-block-paragraph\"><strong>Es el tercer ministro designado de forma oficial<\/strong>, aunque hay algunos nombres que ya se dan por sentado, pese a no haber sido anunciados a trav\u00e9s de la cuenta de X (ex Twitter) de \u201cLa Oficina del Presidente Javier Milei\u201d.<\/p>\n\n\n\n<p class=\"wp-block-paragraph\"><strong>Eduardo Rodr\u00edguez Chirillo estar\u00e1 al frente de la cartera, que tendr\u00e1 a su cargo las definiciones en torno a los subsidios, entre otras cuestiones.<\/strong><\/p>\n\n\n\n<p class=\"wp-block-paragraph\">A trav\u00e9s de este medio ya hab\u00edan sido confirmados los titulares de YPF y la Administraci\u00f3n Nacional de Seguridad social (Anses). \u201cEl economista <strong>Osvaldo Giordano<\/strong> ser\u00e1 el titular de la Anses y el ingeniero <strong>Horacio Marin<\/strong> estar\u00e1 al frente de YPF a partir del 10 de diciembre\u201d, reza el comunicado publicado d\u00edas atr\u00e1s.<\/p>\n\n\n\n<p class=\"wp-block-paragraph\">Aunque no fue confirmado, <strong>Luis Caputo ser\u00eda el ministro de Econom\u00eda<\/strong> y de hecho acompa\u00f1a a Milei en su <a href=\"https:\/\/www.inforegion.com.ar\/2023\/11\/27\/javier-milei-visito-la-tumba-del-rebe-de-lubavitch-en-nueva-york\/\">viaje <\/a>a los Estados Unidos. <strong>Diana Mondino<\/strong> estar\u00eda al frente de la Canciller\u00eda y <strong>Patricia Bullrich<\/strong> ser\u00eda la ministra de Seguridad.<\/p>\n\n\n\n<p class=\"wp-block-paragraph\">De acuerdo a la informaci\u00f3n brindada por el propio presidente electo, su Gabinete estar\u00e1 conformado por ocho ministerios.<\/p>\n","protected":false},"excerpt":{"rendered":"<p>El presidente electo, Javier Milei, inform\u00f3 qui\u00e9n ocupar\u00e1 la cartera de Energ\u00eda. Su Gabinete tendr\u00e1 ocho ministerios. Mientras el presidente electo, Javier Milei, sigue con su viaje por los Estados Unidos, confirmaron al pr\u00f3ximo ministro de Energ\u00eda. Se trata de Eduardo Rodr\u00edguez Chirillo. Es el tercer ministro designado de forma oficial, aunque hay algunos nombres&hellip;<\/p>\n","protected":false},"author":1,"featured_media":126910,"comment_status":"open","ping_status":"open","sticky":false,"template":"","format":"standard","meta":{"footnotes":""},"categories":[13],"tags":[2450,41693,1940,28812,40628,22025],"class_list":["post-126909","post","type-post","status-publish","format-standard","has-post-thumbnail","hentry","category-politica","tag-diario-el-sindical","tag-eduardo-rodriguez-chirillo","tag-energia","tag-javier-milei","tag-lla","tag-politica"],"_links":{"self":[{"href":"https:\/\/www.elsindical.com.ar\/notas\/wp-json\/wp\/v2\/posts\/126909","targetHints":{"allow":["GET"]}}],"collection":[{"href":"https:\/\/www.elsindical.com.ar\/notas\/wp-json\/wp\/v2\/posts"}],"about":[{"href":"https:\/\/www.elsindical.com.ar\/notas\/wp-json\/wp\/v2\/types\/post"}],"author":[{"embeddable":true,"href":"https:\/\/www.elsindical.com.ar\/notas\/wp-json\/wp\/v2\/users\/1"}],"replies":[{"embeddable":true,"href":"https:\/\/www.elsindical.com.ar\/notas\/wp-json\/wp\/v2\/comments?post=126909"}],"version-history":[{"count":1,"href":"https:\/\/www.elsindical.com.ar\/notas\/wp-json\/wp\/v2\/posts\/126909\/revisions"}],"predecessor-version":[{"id":126911,"href":"https:\/\/www.elsindical.com.ar\/notas\/wp-json\/wp\/v2\/posts\/126909\/revisions\/126911"}],"wp:featuredmedia":[{"embeddable":true,"href":"https:\/\/www.elsindical.com.ar\/notas\/wp-json\/wp\/v2\/media\/126910"}],"wp:attachment":[{"href":"https:\/\/www.elsindical.com.ar\/notas\/wp-json\/wp\/v2\/media?parent=126909"}],"wp:term":[{"taxonomy":"category","embeddable":true,"href":"https:\/\/www.elsindical.com.ar\/notas\/wp-json\/wp\/v2\/categories?post=126909"},{"taxonomy":"post_tag","embeddable":true,"href":"https:\/\/www.elsindical.com.ar\/notas\/wp-json\/wp\/v2\/tags?post=126909"}],"curies":[{"name":"wp","href":"https:\/\/api.w.org\/{rel}","templated":true}]}}