{"id":126873,"date":"2023-11-26T17:53:00","date_gmt":"2023-11-26T20:53:00","guid":{"rendered":"https:\/\/www.elsindical.com.ar\/notas\/?p=126873"},"modified":"2023-11-26T18:05:17","modified_gmt":"2023-11-26T21:05:17","slug":"el-particular-comentario-de-robbie-williams-sobre-javier-milei-en-pleno-show","status":"publish","type":"post","link":"https:\/\/www.elsindical.com.ar\/notas\/el-particular-comentario-de-robbie-williams-sobre-javier-milei-en-pleno-show\/","title":{"rendered":"El particular comentario de Robbie Williams sobre Javier Milei en pleno show"},"content":{"rendered":"<div class=\"wp-block-image\">\n<figure class=\"aligncenter size-full\"><a href=\"https:\/\/www.elsindical.com.ar\/notas\/var\/www\/html\/notas\/wp-content\/uploads\/2023\/11\/Robbie-Williams-sobre-Javier-Milei-en-pleno-show.jpg\"><img loading=\"lazy\" decoding=\"async\" width=\"489\" height=\"667\" src=\"https:\/\/www.elsindical.com.ar\/notas\/var\/www\/html\/notas\/wp-content\/uploads\/2023\/11\/Robbie-Williams-sobre-Javier-Milei-en-pleno-show.jpg\" alt=\"\" class=\"wp-image-126874\" srcset=\"https:\/\/www.elsindical.com.ar\/notas\/var\/www\/html\/notas\/wp-content\/uploads\/2023\/11\/Robbie-Williams-sobre-Javier-Milei-en-pleno-show.jpg 489w, https:\/\/www.elsindical.com.ar\/notas\/var\/www\/html\/notas\/wp-content\/uploads\/2023\/11\/Robbie-Williams-sobre-Javier-Milei-en-pleno-show-220x300.jpg 220w\" sizes=\"auto, (max-width: 489px) 100vw, 489px\" \/><\/a><\/figure>\n<\/div>\n\n\n<p>Desde Australia, el cantante le mand\u00f3 un mensaje a los argentinos. Para los medios que ahora se alinean con el nuevo gobierno fue un elogio, pero cualquiera con dos dedos de frente si escucha el comentario se entiende perfectamente la iron\u00eda en sus dichos-<\/p>\n\n\n\n<p>El triunfo de <strong>Javier Milei<\/strong> en el Balotaje por la Presidencia de Argentina contin\u00faa siendo tema de conversaci\u00f3n en diversas partes del mundo. En esta ocasi\u00f3n, el nombre del presidente electo lleg\u00f3 a Australia y fue citado ni m\u00e1s ni menos que por <strong>Robbie Williams<\/strong> en uno de sus shows.<\/p>\n\n\n\n<p>Si bien las expresiones del cantante no fueron claras y dejaron dudas en sus seguidores si se trat\u00f3 de un halago o una burla, lo que s\u00ed fue notorio es el enorme cari\u00f1o que el brit\u00e1nico siente por Argentina y por sus habitantes. \u00bfQu\u00e9 dijo Robbie Williams sobre Javier Milei?<\/p>\n\n\n\n<p>El video, que se convirti\u00f3 en tendencia en las redes, capt\u00f3 el momento en el que el int\u00e9rprete de Rock DJ se refiere al libertario en uno de los altos de su concierto, realizado en el marco de su gira por el pa\u00eds oce\u00e1nico en la cual tambi\u00e9n promociona el documental de Netflix sobre su vida.<\/p>\n\n\n\n<p>En el mismo, el artista descubri\u00f3 que entre el p\u00fablico hab\u00eda una fan con la bandera argentina y se dirigi\u00f3 a ella. \u00abOh baby, perd\u00f3n que no vaya, voy a volver all\u00e1 tan pronto como pueda. Amo a su nuevo presidente\u00bb, exclam\u00f3 generando confusi\u00f3n con su comentario.<\/p>\n\n\n\n<p>Acto seguido, Williams se mostr\u00f3 reflexivo y les pregunt\u00f3 a los presentes: \u00ab\u00a1Dios santo! \u00bfVieron el nuevo presidente de Argentina?\u00bb y se escucha al p\u00fablico responder S\u00cd EST\u00c1 LOCO, en ingl\u00e9s. Entonces agreg\u00f3 una descripci\u00f3n personal sobre el libertario: \u00abParece un auto que se invent\u00f3 en Inglaterra en los a\u00f1os 70 con pelo. Que Dios lo bendiga, buena suerte y te amo Argentina\u00bb.<\/p>\n\n\n\n<p><\/p>\n\n\n\n<figure class=\"wp-block-embed is-type-video is-provider-youtube wp-block-embed-youtube wp-embed-aspect-16-9 wp-has-aspect-ratio\"><div class=\"wp-block-embed__wrapper\">\n<iframe loading=\"lazy\" title=\"Robbie Williams ir\u00f3nico con Javier Milei\" width=\"700\" height=\"394\" src=\"https:\/\/www.youtube.com\/embed\/kuBavL60_WQ?feature=oembed\" frameborder=\"0\" allow=\"accelerometer; autoplay; clipboard-write; encrypted-media; gyroscope; picture-in-picture; web-share\" allowfullscreen><\/iframe>\n<\/div><\/figure>\n","protected":false},"excerpt":{"rendered":"<p>Desde Australia, el cantante le mand\u00f3 un mensaje a los argentinos. Para los medios que ahora se alinean con el nuevo gobierno fue un elogio, pero cualquiera con dos dedos de frente si escucha el comentario se entiende perfectamente la iron\u00eda en sus dichos- El triunfo de Javier Milei en el Balotaje por la Presidencia&hellip;<\/p>\n","protected":false},"author":1,"featured_media":126874,"comment_status":"open","ping_status":"open","sticky":false,"template":"","format":"standard","meta":{"footnotes":""},"categories":[15],"tags":[127,2129,481,41674,2450,1482,28812,41675,547,41673],"class_list":["post-126873","post","type-post","status-publish","format-standard","has-post-thumbnail","hentry","category-espectaculos","tag-argentina","tag-australia","tag-cantante","tag-crazy","tag-diario-el-sindical","tag-fans","tag-javier-milei","tag-loco","tag-presidente","tag-robbie-williams"],"_links":{"self":[{"href":"https:\/\/www.elsindical.com.ar\/notas\/wp-json\/wp\/v2\/posts\/126873","targetHints":{"allow":["GET"]}}],"collection":[{"href":"https:\/\/www.elsindical.com.ar\/notas\/wp-json\/wp\/v2\/posts"}],"about":[{"href":"https:\/\/www.elsindical.com.ar\/notas\/wp-json\/wp\/v2\/types\/post"}],"author":[{"embeddable":true,"href":"https:\/\/www.elsindical.com.ar\/notas\/wp-json\/wp\/v2\/users\/1"}],"replies":[{"embeddable":true,"href":"https:\/\/www.elsindical.com.ar\/notas\/wp-json\/wp\/v2\/comments?post=126873"}],"version-history":[{"count":2,"href":"https:\/\/www.elsindical.com.ar\/notas\/wp-json\/wp\/v2\/posts\/126873\/revisions"}],"predecessor-version":[{"id":126876,"href":"https:\/\/www.elsindical.com.ar\/notas\/wp-json\/wp\/v2\/posts\/126873\/revisions\/126876"}],"wp:featuredmedia":[{"embeddable":true,"href":"https:\/\/www.elsindical.com.ar\/notas\/wp-json\/wp\/v2\/media\/126874"}],"wp:attachment":[{"href":"https:\/\/www.elsindical.com.ar\/notas\/wp-json\/wp\/v2\/media?parent=126873"}],"wp:term":[{"taxonomy":"category","embeddable":true,"href":"https:\/\/www.elsindical.com.ar\/notas\/wp-json\/wp\/v2\/categories?post=126873"},{"taxonomy":"post_tag","embeddable":true,"href":"https:\/\/www.elsindical.com.ar\/notas\/wp-json\/wp\/v2\/tags?post=126873"}],"curies":[{"name":"wp","href":"https:\/\/api.w.org\/{rel}","templated":true}]}}