{"id":126829,"date":"2023-11-24T02:21:45","date_gmt":"2023-11-24T05:21:45","guid":{"rendered":"https:\/\/www.elsindical.com.ar\/notas\/?p=126829"},"modified":"2023-11-24T02:21:50","modified_gmt":"2023-11-24T05:21:50","slug":"paro-de-24-horas-del-sutna-contra-los-nuevos-despidos-de-bridgestone","status":"publish","type":"post","link":"https:\/\/www.elsindical.com.ar\/notas\/paro-de-24-horas-del-sutna-contra-los-nuevos-despidos-de-bridgestone\/","title":{"rendered":"Paro de 24 horas del SUTNA contra los nuevos despidos de Bridgestone"},"content":{"rendered":"\n<figure class=\"wp-block-image size-full\"><a href=\"https:\/\/www.elsindical.com.ar\/notas\/var\/www\/html\/notas\/wp-content\/uploads\/2023\/11\/paro-del-SUTNA-en-Llavallol.jpg\"><img loading=\"lazy\" decoding=\"async\" width=\"1024\" height=\"580\" src=\"https:\/\/www.elsindical.com.ar\/notas\/var\/www\/html\/notas\/wp-content\/uploads\/2023\/11\/paro-del-SUTNA-en-Llavallol.jpg\" alt=\"\" class=\"wp-image-126830\" srcset=\"https:\/\/www.elsindical.com.ar\/notas\/var\/www\/html\/notas\/wp-content\/uploads\/2023\/11\/paro-del-SUTNA-en-Llavallol.jpg 1024w, https:\/\/www.elsindical.com.ar\/notas\/var\/www\/html\/notas\/wp-content\/uploads\/2023\/11\/paro-del-SUTNA-en-Llavallol-300x170.jpg 300w, https:\/\/www.elsindical.com.ar\/notas\/var\/www\/html\/notas\/wp-content\/uploads\/2023\/11\/paro-del-SUTNA-en-Llavallol-768x435.jpg 768w, https:\/\/www.elsindical.com.ar\/notas\/var\/www\/html\/notas\/wp-content\/uploads\/2023\/11\/paro-del-SUTNA-en-Llavallol-500x283.jpg 500w, https:\/\/www.elsindical.com.ar\/notas\/var\/www\/html\/notas\/wp-content\/uploads\/2023\/11\/paro-del-SUTNA-en-Llavallol-220x126.jpg 220w, https:\/\/www.elsindical.com.ar\/notas\/var\/www\/html\/notas\/wp-content\/uploads\/2023\/11\/paro-del-SUTNA-en-Llavallol-460x260.jpg 460w\" sizes=\"auto, (max-width: 1024px) 100vw, 1024px\" \/><\/a><\/figure>\n\n\n\n<p>El Sindicato del Neum\u00e1tico convoc\u00f3 a un paro de 24 horas \u00abante los despidos llevados adelante por la patronal de Bridgestone\u00bb.<\/p>\n\n\n\n<p>Tras los 14 nuevos despidos anunciados por Bridgestone, desde el Sindicato \u00danico de Trabajadores del Neum\u00e1tico de Argentina (SUTNA) anunciaron un <strong>paro total de 24 horas en la planta de Llavallol, <\/strong>partido de Lomas de Zamora, que <strong>comenzar\u00e1 a las 22 de hoy y se extender\u00e1 hasta las 22 del viernes<\/strong>.<\/p>\n\n\n\n<p>En <strong>septiembre de 2022 la multinacional vivi\u00f3 un conflicto por mejoras salariales con una extensa huelga<\/strong>, donde el sindicato conquist\u00f3 una paritaria que super\u00f3 el 38% que propon\u00edan Fate, Pirelli y Bridgestone, con un aumento del 66% de paritaria 2021\/2022, adem\u00e1s de otros beneficios como <strong>una cl\u00e1usula autom\u00e1tica que garantiz\u00f3 10 puntos porcentuales por arriba de la inflaci\u00f3n <\/strong>para 2023\/2024.<\/p>\n\n\n\n<p>Luego, en diciembre del ese a\u00f1os los trabajadores de la planta de Llavallol de Bridgestone comenzaron un nuevo <strong>paro total de actividades ante el despido de tres operarios<\/strong>.<\/p>\n","protected":false},"excerpt":{"rendered":"<p>El Sindicato del Neum\u00e1tico convoc\u00f3 a un paro de 24 horas \u00abante los despidos llevados adelante por la patronal de Bridgestone\u00bb. Tras los 14 nuevos despidos anunciados por Bridgestone, desde el Sindicato \u00danico de Trabajadores del Neum\u00e1tico de Argentina (SUTNA) anunciaron un paro total de 24 horas en la planta de Llavallol, partido de Lomas&hellip;<\/p>\n","protected":false},"author":1,"featured_media":126830,"comment_status":"open","ping_status":"open","sticky":false,"template":"","format":"standard","meta":{"footnotes":""},"categories":[16],"tags":[9795,53,2450,21017,67,3787],"class_list":["post-126829","post","type-post","status-publish","format-standard","has-post-thumbnail","hentry","category-gremiales","tag-bridgestone","tag-despidos","tag-diario-el-sindical","tag-llavallol","tag-paro","tag-sutna"],"_links":{"self":[{"href":"https:\/\/www.elsindical.com.ar\/notas\/wp-json\/wp\/v2\/posts\/126829","targetHints":{"allow":["GET"]}}],"collection":[{"href":"https:\/\/www.elsindical.com.ar\/notas\/wp-json\/wp\/v2\/posts"}],"about":[{"href":"https:\/\/www.elsindical.com.ar\/notas\/wp-json\/wp\/v2\/types\/post"}],"author":[{"embeddable":true,"href":"https:\/\/www.elsindical.com.ar\/notas\/wp-json\/wp\/v2\/users\/1"}],"replies":[{"embeddable":true,"href":"https:\/\/www.elsindical.com.ar\/notas\/wp-json\/wp\/v2\/comments?post=126829"}],"version-history":[{"count":1,"href":"https:\/\/www.elsindical.com.ar\/notas\/wp-json\/wp\/v2\/posts\/126829\/revisions"}],"predecessor-version":[{"id":126831,"href":"https:\/\/www.elsindical.com.ar\/notas\/wp-json\/wp\/v2\/posts\/126829\/revisions\/126831"}],"wp:featuredmedia":[{"embeddable":true,"href":"https:\/\/www.elsindical.com.ar\/notas\/wp-json\/wp\/v2\/media\/126830"}],"wp:attachment":[{"href":"https:\/\/www.elsindical.com.ar\/notas\/wp-json\/wp\/v2\/media?parent=126829"}],"wp:term":[{"taxonomy":"category","embeddable":true,"href":"https:\/\/www.elsindical.com.ar\/notas\/wp-json\/wp\/v2\/categories?post=126829"},{"taxonomy":"post_tag","embeddable":true,"href":"https:\/\/www.elsindical.com.ar\/notas\/wp-json\/wp\/v2\/tags?post=126829"}],"curies":[{"name":"wp","href":"https:\/\/api.w.org\/{rel}","templated":true}]}}