{"id":126809,"date":"2023-11-23T00:50:25","date_gmt":"2023-11-23T03:50:25","guid":{"rendered":"https:\/\/www.elsindical.com.ar\/notas\/?p=126809"},"modified":"2023-11-23T00:50:29","modified_gmt":"2023-11-23T03:50:29","slug":"quilmes-senalizacion-en-la-comisaria-2da","status":"publish","type":"post","link":"https:\/\/www.elsindical.com.ar\/notas\/quilmes-senalizacion-en-la-comisaria-2da\/","title":{"rendered":"Quilmes: Se\u00f1alizaci\u00f3n en la comisar\u00eda 2da"},"content":{"rendered":"<div class=\"wp-block-image\">\n<figure class=\"aligncenter size-full is-resized\"><a href=\"https:\/\/www.elsindical.com.ar\/notas\/var\/www\/html\/notas\/wp-content\/uploads\/2023\/11\/senalizacion-comisaria-2da-Quilmes-2.jpg\"><img loading=\"lazy\" decoding=\"async\" width=\"750\" height=\"499\" src=\"https:\/\/www.elsindical.com.ar\/notas\/var\/www\/html\/notas\/wp-content\/uploads\/2023\/11\/senalizacion-comisaria-2da-Quilmes-2.jpg\" alt=\"\" class=\"wp-image-126810\" style=\"width:786px;height:auto\" srcset=\"https:\/\/www.elsindical.com.ar\/notas\/var\/www\/html\/notas\/wp-content\/uploads\/2023\/11\/senalizacion-comisaria-2da-Quilmes-2.jpg 750w, https:\/\/www.elsindical.com.ar\/notas\/var\/www\/html\/notas\/wp-content\/uploads\/2023\/11\/senalizacion-comisaria-2da-Quilmes-2-300x200.jpg 300w, https:\/\/www.elsindical.com.ar\/notas\/var\/www\/html\/notas\/wp-content\/uploads\/2023\/11\/senalizacion-comisaria-2da-Quilmes-2-451x300.jpg 451w\" sizes=\"auto, (max-width: 750px) 100vw, 750px\" \/><\/a><\/figure>\n<\/div>\n\n\n<p><strong>La Secretar\u00eda de Derechos Humanos descubri\u00f3 un cartel en memoria y homenaje de V\u00edctor El\u00edas Balza, asesinado por un agente de la polic\u00eda de la provincia de Buenos Aires en noviembre de 2003.<\/strong><\/p>\n\n\n\n<p>El acto se realiz\u00f3 esta ma\u00f1ana frente a la Comisar\u00eda 2da de Bernal, y estuvo encabezado por el secretario de Derechos Humanos Horacio Pietragalla Corti que acompa\u00f1\u00f3 a los familiares, amigos y amigas de la v\u00edctima. &nbsp;<\/p>\n\n\n\n<p>\u00abEste acto tiene que ver con una pol\u00edtica de reparaci\u00f3n que lleva adelante el Estado, reconociendo lo que ocurri\u00f3, y esto es algo nuevo en Argentina en materia de violencia institucional\u00bb, se\u00f1al\u00f3 Pietragalla Corti en la apertura de la ceremonia.<\/p>\n\n\n\n<p>\u00abTenemos que poder acompa\u00f1ar a las v\u00edctimas no s\u00f3lo con un cartel sino tambi\u00e9n con asesor\u00eda legal, con nuestra presencia como querellantes en causas de violencia institucional para no dejar solas a las familias\u00bb afirm\u00f3 el Secretario, a la vez que reconoci\u00f3 que \u00abestamos muy preocupados y tristes por lo que sucedi\u00f3 este fin de semana, porque sabemos que nada bueno puede pasar con proyectos pol\u00edticos que vienen a arremeter, que vienen llevarse por delante los derechos de los ciudadanos y ciudadanas\u00bb.<\/p>\n\n\n\n<p>El funcionario concluy\u00f3 sosteniendo que \u00abhay momentos adversos, pero tambi\u00e9n sabemos por nuestras Madres y Abuelas que, si uno no abandona la lucha, la lucha siempre llega a buen puerto. M\u00e1s all\u00e1 de estas pausas vamos a continuar impulsando la lucha para construir el consenso de derechos humanos en nuestro pa\u00eds\u00bb.<\/p>\n\n\n\n<p>En la ceremonia se descubri\u00f3 el cartel de se\u00f1alizaci\u00f3n y se rindi\u00f3 homenaje a V\u00edctor El\u00edas Balza, el joven de 18 a\u00f1os que hab\u00eda ido con un grupo de amigos a bailar por primera vez y encontr\u00f3 la muerte en manos de la polic\u00eda.<\/p>\n\n\n\n<p>Aquella madrugada del 8 de noviembre, dos m\u00f3viles policiales del Subcomando de Don Bosco se enfrentaron a un grupo de personas tras una persecuci\u00f3n y V\u00edctor, al ver la situaci\u00f3n, se asust\u00f3 e intent\u00f3 huir y fue detenido junto con otro joven. Durante la detenci\u00f3n, recibi\u00f3 un disparo por la espalda, a 40 cent\u00edmetros de distancia, realizado por el polic\u00eda Javier Dar\u00edo Gonz\u00e1lez con su arma reglamentaria.<\/p>\n\n\n\n<p>V\u00edctor fue trasladado a la salita de Don Bosco y fue revisado por el cuerpo m\u00e9dico de la polic\u00eda, pero nadie detect\u00f3 que ten\u00eda un impacto de bala de plomo por lo que lo medicaron y lo volvieron a alojar en la Comisar\u00eda 2da de Bernal, incomunicado, donde falleci\u00f3 el 9 de noviembre luego de haber permanecido con una herida mortal sin recibir atenci\u00f3n m\u00e9dica durante un d\u00eda y medio. A la familia le comunicaron que hab\u00eda muerto por golpes tras haberse ca\u00eddo de un techo.<\/p>\n\n\n\n<p>Luego de dos juicios anulados, el 29 de junio de 2015 el TOC N\u00b0 5 conden\u00f3 a Javier Dar\u00edo Gonz\u00e1lez a la pena de doce a\u00f1os de prisi\u00f3n por homicidio agravado por el uso de arma de fuego. Finalmente, reci\u00e9n en el a\u00f1o 2021 Gonz\u00e1lez comenz\u00f3 a cumplir su condena.<\/p>\n\n\n\n<p>El acto forma parte de la campa\u00f1a que lleva adelante la Secretar\u00eda en repudio a los graves hechos de violencia institucional sucedidos en nuestro pa\u00eds y en memoria de las v\u00edctimas, para dar una clara se\u00f1al desde el Estado para que hechos como estos no ocurran nunca m\u00e1s.<\/p>\n\n\n\n<p>Participaron el subsecretario de DDHH de la provincia de Buenos Aires, Mat\u00edas Moreno y el secretario de Derechos Humanos del Municipio de Quilmes, Hugo Colaone; junto con los padres de V\u00edctor, Nora y Luis, y sus hermanos.<\/p>\n\n\n\n<p>Tambi\u00e9n estuvieron presentes el director de Gesti\u00f3n de Casos de Violencia Institucional de la Secretar\u00eda, Emiliano Quinteros; el director provincial de Protecci\u00f3n de Derechos y la directora de acompa\u00f1amiento de la subsecretar\u00eda de DDHH, Pablo Giurleo y Eliana Morrone; y el secretario de Derechos Humanos del Municipio de Quilmes, Walter Ormaz\u00e1bal.<\/p>\n\n\n<div class=\"wp-block-image\">\n<figure class=\"aligncenter size-full is-resized\"><a href=\"https:\/\/www.elsindical.com.ar\/notas\/var\/www\/html\/notas\/wp-content\/uploads\/2023\/11\/senalizacion-comisaria-2da-Quilmes-1.jpg\"><img loading=\"lazy\" decoding=\"async\" width=\"750\" height=\"500\" src=\"https:\/\/www.elsindical.com.ar\/notas\/var\/www\/html\/notas\/wp-content\/uploads\/2023\/11\/senalizacion-comisaria-2da-Quilmes-1.jpg\" alt=\"\" class=\"wp-image-126811\" style=\"width:802px;height:auto\" srcset=\"https:\/\/www.elsindical.com.ar\/notas\/var\/www\/html\/notas\/wp-content\/uploads\/2023\/11\/senalizacion-comisaria-2da-Quilmes-1.jpg 750w, https:\/\/www.elsindical.com.ar\/notas\/var\/www\/html\/notas\/wp-content\/uploads\/2023\/11\/senalizacion-comisaria-2da-Quilmes-1-300x200.jpg 300w, https:\/\/www.elsindical.com.ar\/notas\/var\/www\/html\/notas\/wp-content\/uploads\/2023\/11\/senalizacion-comisaria-2da-Quilmes-1-450x300.jpg 450w\" sizes=\"auto, (max-width: 750px) 100vw, 750px\" \/><\/a><\/figure>\n<\/div>","protected":false},"excerpt":{"rendered":"<p>La Secretar\u00eda de Derechos Humanos descubri\u00f3 un cartel en memoria y homenaje de V\u00edctor El\u00edas Balza, asesinado por un agente de la polic\u00eda de la provincia de Buenos Aires en noviembre de 2003. El acto se realiz\u00f3 esta ma\u00f1ana frente a la Comisar\u00eda 2da de Bernal, y estuvo encabezado por el secretario de Derechos Humanos&hellip;<\/p>\n","protected":false},"author":1,"featured_media":126810,"comment_status":"open","ping_status":"open","sticky":false,"template":"","format":"standard","meta":{"footnotes":""},"categories":[8],"tags":[41662,1765,2450,32488,684,41663],"class_list":["post-126809","post","type-post","status-publish","format-standard","has-post-thumbnail","hentry","category-derechos-humanos","tag-comisaria-2da-bernal","tag-ddhh","tag-diario-el-sindical","tag-horacio-pietragalla-corti","tag-quilmes","tag-victor-elias-balza"],"_links":{"self":[{"href":"https:\/\/www.elsindical.com.ar\/notas\/wp-json\/wp\/v2\/posts\/126809","targetHints":{"allow":["GET"]}}],"collection":[{"href":"https:\/\/www.elsindical.com.ar\/notas\/wp-json\/wp\/v2\/posts"}],"about":[{"href":"https:\/\/www.elsindical.com.ar\/notas\/wp-json\/wp\/v2\/types\/post"}],"author":[{"embeddable":true,"href":"https:\/\/www.elsindical.com.ar\/notas\/wp-json\/wp\/v2\/users\/1"}],"replies":[{"embeddable":true,"href":"https:\/\/www.elsindical.com.ar\/notas\/wp-json\/wp\/v2\/comments?post=126809"}],"version-history":[{"count":1,"href":"https:\/\/www.elsindical.com.ar\/notas\/wp-json\/wp\/v2\/posts\/126809\/revisions"}],"predecessor-version":[{"id":126812,"href":"https:\/\/www.elsindical.com.ar\/notas\/wp-json\/wp\/v2\/posts\/126809\/revisions\/126812"}],"wp:featuredmedia":[{"embeddable":true,"href":"https:\/\/www.elsindical.com.ar\/notas\/wp-json\/wp\/v2\/media\/126810"}],"wp:attachment":[{"href":"https:\/\/www.elsindical.com.ar\/notas\/wp-json\/wp\/v2\/media?parent=126809"}],"wp:term":[{"taxonomy":"category","embeddable":true,"href":"https:\/\/www.elsindical.com.ar\/notas\/wp-json\/wp\/v2\/categories?post=126809"},{"taxonomy":"post_tag","embeddable":true,"href":"https:\/\/www.elsindical.com.ar\/notas\/wp-json\/wp\/v2\/tags?post=126809"}],"curies":[{"name":"wp","href":"https:\/\/api.w.org\/{rel}","templated":true}]}}