{"id":126804,"date":"2023-11-22T23:20:35","date_gmt":"2023-11-23T02:20:35","guid":{"rendered":"https:\/\/www.elsindical.com.ar\/notas\/?p=126804"},"modified":"2023-11-22T23:20:39","modified_gmt":"2023-11-23T02:20:39","slug":"fuertes-declaraciones-de-fernando-signorini-sobre-mauricio-macri","status":"publish","type":"post","link":"https:\/\/www.elsindical.com.ar\/notas\/fuertes-declaraciones-de-fernando-signorini-sobre-mauricio-macri\/","title":{"rendered":"Fuertes declaraciones de Fernando Signorini sobre Mauricio Macri"},"content":{"rendered":"<div class=\"wp-block-image\">\n<figure class=\"aligncenter size-full\"><a href=\"https:\/\/www.elsindical.com.ar\/notas\/var\/www\/html\/notas\/wp-content\/uploads\/2023\/11\/Mauricio-Macri.png\"><img loading=\"lazy\" decoding=\"async\" width=\"960\" height=\"720\" src=\"https:\/\/www.elsindical.com.ar\/notas\/var\/www\/html\/notas\/wp-content\/uploads\/2023\/11\/Mauricio-Macri.png\" alt=\"\" class=\"wp-image-126805\" srcset=\"https:\/\/www.elsindical.com.ar\/notas\/var\/www\/html\/notas\/wp-content\/uploads\/2023\/11\/Mauricio-Macri.png 960w, https:\/\/www.elsindical.com.ar\/notas\/var\/www\/html\/notas\/wp-content\/uploads\/2023\/11\/Mauricio-Macri-300x225.png 300w, https:\/\/www.elsindical.com.ar\/notas\/var\/www\/html\/notas\/wp-content\/uploads\/2023\/11\/Mauricio-Macri-768x576.png 768w, https:\/\/www.elsindical.com.ar\/notas\/var\/www\/html\/notas\/wp-content\/uploads\/2023\/11\/Mauricio-Macri-400x300.png 400w\" sizes=\"auto, (max-width: 960px) 100vw, 960px\" \/><\/a><\/figure>\n<\/div>\n\n\n<p>Fuertes declaraciones de Fernando Signorini ex preparador f\u00edsico y amigo de Diego Maradona: \u201cSi el padre no hubiera sido lo poderoso que fue, que hubiera sido este muchacho? No tiene una sola luz. Es una lamparita quemada. El padre mismo advirti\u00f3 que era un in\u00fatil.<\/p>\n\n\n\n<p>Diego va a trascender los siglos y muy probablemente los milenios. Habiendo pasado 3000 a\u00f1os a\u00fan hablamos de Plat\u00f3n, S\u00f3crates, Arist\u00f3teles\u2026 Imag\u00ednate con toda la evoluci\u00f3n tecnol\u00f3gica hasta donde va a llegar Diego.<\/p>\n\n\n\n<p>A <a><\/a>este tipo lo van a olvidar en el camino al velatorio el d\u00eda que muera\u201d.<\/p>\n","protected":false},"excerpt":{"rendered":"<p>Fuertes declaraciones de Fernando Signorini ex preparador f\u00edsico y amigo de Diego Maradona: \u201cSi el padre no hubiera sido lo poderoso que fue, que hubiera sido este muchacho? No tiene una sola luz. Es una lamparita quemada. El padre mismo advirti\u00f3 que era un in\u00fatil. Diego va a trascender los siglos y muy probablemente los&hellip;<\/p>\n","protected":false},"author":1,"featured_media":126805,"comment_status":"open","ping_status":"open","sticky":false,"template":"","format":"standard","meta":{"footnotes":""},"categories":[25],"tags":[2450,3814,41660,924,41661,76],"class_list":["post-126804","post","type-post","status-publish","format-standard","has-post-thumbnail","hentry","category-sociedad","tag-diario-el-sindical","tag-diego-maradona","tag-fernando-signorini","tag-franco-macri","tag-inutil","tag-mauricio-macri"],"_links":{"self":[{"href":"https:\/\/www.elsindical.com.ar\/notas\/wp-json\/wp\/v2\/posts\/126804","targetHints":{"allow":["GET"]}}],"collection":[{"href":"https:\/\/www.elsindical.com.ar\/notas\/wp-json\/wp\/v2\/posts"}],"about":[{"href":"https:\/\/www.elsindical.com.ar\/notas\/wp-json\/wp\/v2\/types\/post"}],"author":[{"embeddable":true,"href":"https:\/\/www.elsindical.com.ar\/notas\/wp-json\/wp\/v2\/users\/1"}],"replies":[{"embeddable":true,"href":"https:\/\/www.elsindical.com.ar\/notas\/wp-json\/wp\/v2\/comments?post=126804"}],"version-history":[{"count":1,"href":"https:\/\/www.elsindical.com.ar\/notas\/wp-json\/wp\/v2\/posts\/126804\/revisions"}],"predecessor-version":[{"id":126806,"href":"https:\/\/www.elsindical.com.ar\/notas\/wp-json\/wp\/v2\/posts\/126804\/revisions\/126806"}],"wp:featuredmedia":[{"embeddable":true,"href":"https:\/\/www.elsindical.com.ar\/notas\/wp-json\/wp\/v2\/media\/126805"}],"wp:attachment":[{"href":"https:\/\/www.elsindical.com.ar\/notas\/wp-json\/wp\/v2\/media?parent=126804"}],"wp:term":[{"taxonomy":"category","embeddable":true,"href":"https:\/\/www.elsindical.com.ar\/notas\/wp-json\/wp\/v2\/categories?post=126804"},{"taxonomy":"post_tag","embeddable":true,"href":"https:\/\/www.elsindical.com.ar\/notas\/wp-json\/wp\/v2\/tags?post=126804"}],"curies":[{"name":"wp","href":"https:\/\/api.w.org\/{rel}","templated":true}]}}