{"id":12679,"date":"2011-02-25T01:27:05","date_gmt":"2011-02-25T04:27:05","guid":{"rendered":"http:\/\/www.elsindical.com.ar\/notas\/?p=12679"},"modified":"2011-02-25T01:27:05","modified_gmt":"2011-02-25T04:27:05","slug":"fiscal-pidio-a-casacion-que-callejeros-sea-condenado","status":"publish","type":"post","link":"https:\/\/www.elsindical.com.ar\/notas\/fiscal-pidio-a-casacion-que-callejeros-sea-condenado\/","title":{"rendered":"Fiscal pidi\u00f3 a Casaci\u00f3n que Callejeros sea condenado"},"content":{"rendered":"<div id=\"cope\" style=\"text-align: justify;\"><em><a href=\"http:\/\/www.elsindical.com.ar\/notas\/var\/www\/html\/notas\/wp-content\/uploads\/2011\/02\/Casaci\u00f3n-audiencia-juicio-C.jpg\"><img loading=\"lazy\" decoding=\"async\" class=\"alignleft size-medium wp-image-12680\" title=\"Casaci\u00f3n-audiencia-juicio-C\" src=\"http:\/\/www.elsindical.com.ar\/notas\/var\/www\/html\/notas\/wp-content\/uploads\/2011\/02\/Casaci\u00f3n-audiencia-juicio-C-300x225.jpg\" alt=\"\" width=\"300\" height=\"225\" srcset=\"https:\/\/www.elsindical.com.ar\/notas\/var\/www\/html\/notas\/wp-content\/uploads\/2011\/02\/Casaci\u00f3n-audiencia-juicio-C-300x225.jpg 300w, https:\/\/www.elsindical.com.ar\/notas\/var\/www\/html\/notas\/wp-content\/uploads\/2011\/02\/Casaci\u00f3n-audiencia-juicio-C.jpg 413w\" sizes=\"auto, (max-width: 300px) 100vw, 300px\" \/><\/a>El Fiscal Ra\u00fal Pl\u00e9e solicit\u00f3 ayer a la C\u00e1mara Nacional de Casaci\u00f3n Penal que se \u201crevoquen las absoluciones\u201d de los integrantes de Callejeros y que se \u201ccorrijan los errores\u201d de la sentencia del tribunal que tuvo a su cargo el juicio por el incendio en el boliche Croma\u00f1\u00f3n. \u201cVenimos a pedir justicia y no venganza\u201d, se\u00f1al\u00f3 el representante del Ministerio P\u00fablico.<\/em><\/div>\n<div>\n<p style=\"text-align: justify;\">El fiscal ante la C\u00e1mara Nacional de Casaci\u00f3n Penal, Ra\u00fal Pl\u00e9e, pidi\u00f3 ayer que se \u201ccorrijan los errores\u201d de la sentencia del tribunal que tuvo a su cargo el juicio por el incendio en el boliche Croma\u00f1\u00f3n y solicit\u00f3 que se \u201crevoquen las absoluciones\u201d de los integrantes de Callejeros.<\/p>\n<p>Al comenzar su exposici\u00f3n ante la sala III, Pl\u00e9e critic\u00f3 al Tribunal Oral en lo Criminal (TOC) 24, al sostener que \u201chuy\u00f3 de una decisi\u00f3n cuando absolvi\u00f3 por duda\u201d a la banda y dijo que aquella sentencia \u201cafecta los principios de la l\u00f3gica\u201d.<\/p>\n<p>\u201cVenimos a pedir justicia y no venganza\u201d, comenz\u00f3 diciendo el representante del Ministerio P\u00fablico y anticip\u00f3 que avalaba el recurso presentado oportunamente por el fiscal Jorge L\u00f3pez Lecube cuando apel\u00f3 la sentencia.<\/p>\n<p>Pl\u00e9e se\u00f1al\u00f3 a los magistrados Liliana Catucci, Eduardo Riggi y Angela Ledesma que el gerenciador de Croma\u00f1\u00f3n, Omar Chab\u00e1n, \u201cten\u00eda el dominio de los hechos y no hizo nada para evitar\u201d la tragedia, registrada el 30 de diciembre de 2004 y en la que murieron 193 personas.<\/p>\n<p>El fiscal calific\u00f3 a ese local como una \u201ctrampa mortal sin salida\u201d y afirm\u00f3 que all\u00ed los organizadores hab\u00edan permitido el acceso de 3.000 personas, superando con exceso los l\u00edmites m\u00e1ximos permitidos \u201ccon el \u00fanico objetivo de ganar dinero\u201d.<\/p>\n<p>Tras la exposici\u00f3n de Pl\u00e9e, fue el turno del querellante Jos\u00e9 Iglesias, quien tambi\u00e9n critic\u00f3 a los integrantes del TOC 24 y reclam\u00f3 a la sala III de la C\u00e1mara de Casaci\u00f3n \u201cuna sentencia justa que explique todo lo que pas\u00f3\u201d aquella noche.<\/p>\n<p>El letrado tambi\u00e9n intent\u00f3 desmoronar los argumentos de la defensa de Chab\u00e1n, que afirm\u00f3 que el gerenciador tuvo miedo por la eventual reacci\u00f3n del p\u00fablico si suspend\u00eda el recital ante el uso de pirotecnia y descrey\u00f3 de \u201cesa supuesta alteraci\u00f3n o perturbaci\u00f3n ps\u00edquica\u201d.<\/p>\n<p>\u201cChab\u00e1n es inteligente, perceptivo y diferencia lo banal de lo serio\u201d, dijo el querellante. El letrado enfatiz\u00f3 que \u201cracionalmente no podr\u00eda haber ocurrido otra cosa\u201d en Croma\u00f1\u00f3n, seg\u00fan surge del an\u00e1lisis de las anomal\u00edas que presentaba el local y que fueron ignoradas por los organizadores, ya que \u201cla decisi\u00f3n era facturar\u201d.<\/p>\n<p>Previo a los alegatos, los familiares de las v\u00edctimas levantaron las fotos de sus parientes, insistieron, a viva voz, en su reclamo de \u201cjusticia para los pibes de Croma\u00f1\u00f3n\u201d y leyeron los nombres de cada una de las v\u00edctimas.<\/p>\n<p>La audiencia se da en el marco de revisi\u00f3n de la sentencia dictada en agosto de 2009, cuando el TOC 24, en fallo un\u00e1nime, conden\u00f3 a Chab\u00e1n, gerenciador del boliche, a 20 a\u00f1os de prisi\u00f3n, mientras que los m\u00fasicos del grupo Callejeros \u2013que actuaban cuando se produjo el incendio- fueron absueltos por aplicaci\u00f3n del beneficio de la duda.<\/p>\n<p>Aquel fallo favoreci\u00f3 a los m\u00fasicos Patricio \u201cPato\u201d Santos Fontanet, Juan Carbone, Cristian Torrej\u00f3n, Elio Delgado, Daniel Cardell, Maximiliano Djerfy y Eduardo V\u00e1zquez, este \u00faltimo actualmente detenido y procesado por el homicidio agravado por el v\u00ednculo de su ex esposa Wanda Taddei.<\/p>\n<p>Para el ex manager de la banda, Diego Argara\u00f1az, y el ex subcomisario Carlos D\u00edaz, quien se desempe\u00f1aba en la seccional 7ma. al momento del incendio, se dict\u00f3 una condena de 18 a\u00f1os de prisi\u00f3n, pero en todos los casos el TOC 24 dispuso que nadie fuera a prisi\u00f3n hasta que las penas fueran confirmadas por Casaci\u00f3n.<\/p>\n<p>Ra\u00fal Villarreal, por entonces colaborador de Chab\u00e1n, fue sentenciado a un a\u00f1o de prisi\u00f3n en suspenso. La ex secretaria de Control Comunal del Gobierno porte\u00f1o, Fabiana Fiszbin, y la ex directora del \u00e1rea, Ana Mar\u00eda Fern\u00e1ndez (ambas por incumplimiento de los deberes de funcionario p\u00fablico) a dos a\u00f1os de prisi\u00f3n en suspenso.<\/p>\n<\/div>\n","protected":false},"excerpt":{"rendered":"<p>El Fiscal Ra\u00fal Pl\u00e9e solicit\u00f3 ayer a la C\u00e1mara Nacional de Casaci\u00f3n Penal que se \u201crevoquen las absoluciones\u201d de los integrantes de Callejeros y que se \u201ccorrijan los errores\u201d de la sentencia del tribunal que tuvo a su cargo el juicio por el incendio en el boliche Croma\u00f1\u00f3n. \u201cVenimos a pedir justicia y no venganza\u201d,&hellip;<\/p>\n","protected":false},"author":1,"featured_media":0,"comment_status":"open","ping_status":"open","sticky":false,"template":"","format":"standard","meta":{"footnotes":""},"categories":[20],"tags":[6078,2351,1814,3492,224,1426,649,4038],"class_list":["post-12679","post","type-post","status-publish","format-standard","hentry","category-judiciales","tag-audiencia","tag-banca","tag-callejeros","tag-camara-de-casacion-penal","tag-condena","tag-cromanon","tag-muertos","tag-omar-chaban"],"_links":{"self":[{"href":"https:\/\/www.elsindical.com.ar\/notas\/wp-json\/wp\/v2\/posts\/12679","targetHints":{"allow":["GET"]}}],"collection":[{"href":"https:\/\/www.elsindical.com.ar\/notas\/wp-json\/wp\/v2\/posts"}],"about":[{"href":"https:\/\/www.elsindical.com.ar\/notas\/wp-json\/wp\/v2\/types\/post"}],"author":[{"embeddable":true,"href":"https:\/\/www.elsindical.com.ar\/notas\/wp-json\/wp\/v2\/users\/1"}],"replies":[{"embeddable":true,"href":"https:\/\/www.elsindical.com.ar\/notas\/wp-json\/wp\/v2\/comments?post=12679"}],"version-history":[{"count":1,"href":"https:\/\/www.elsindical.com.ar\/notas\/wp-json\/wp\/v2\/posts\/12679\/revisions"}],"predecessor-version":[{"id":12681,"href":"https:\/\/www.elsindical.com.ar\/notas\/wp-json\/wp\/v2\/posts\/12679\/revisions\/12681"}],"wp:attachment":[{"href":"https:\/\/www.elsindical.com.ar\/notas\/wp-json\/wp\/v2\/media?parent=12679"}],"wp:term":[{"taxonomy":"category","embeddable":true,"href":"https:\/\/www.elsindical.com.ar\/notas\/wp-json\/wp\/v2\/categories?post=12679"},{"taxonomy":"post_tag","embeddable":true,"href":"https:\/\/www.elsindical.com.ar\/notas\/wp-json\/wp\/v2\/tags?post=12679"}],"curies":[{"name":"wp","href":"https:\/\/api.w.org\/{rel}","templated":true}]}}