{"id":126677,"date":"2023-11-17T00:34:07","date_gmt":"2023-11-17T03:34:07","guid":{"rendered":"https:\/\/www.elsindical.com.ar\/notas\/?p=126677"},"modified":"2023-11-17T00:34:12","modified_gmt":"2023-11-17T03:34:12","slug":"cordoba-estamos-eligiendo-entre-el-populismo-peronista-y-las-ideas-de-la-libertad-javier-milei","status":"publish","type":"post","link":"https:\/\/www.elsindical.com.ar\/notas\/cordoba-estamos-eligiendo-entre-el-populismo-peronista-y-las-ideas-de-la-libertad-javier-milei\/","title":{"rendered":"C\u00f3rdoba: \u201cEstamos eligiendo entre el populismo peronista y las ideas de la libertad\u201d, Javier Milei"},"content":{"rendered":"\n<figure class=\"wp-block-image size-large\"><a href=\"https:\/\/www.elsindical.com.ar\/notas\/var\/www\/html\/notas\/wp-content\/uploads\/2023\/11\/Milei-y-Bullrich-eb-Cordoba.jpg\"><img loading=\"lazy\" decoding=\"async\" width=\"1024\" height=\"576\" src=\"https:\/\/www.elsindical.com.ar\/notas\/var\/www\/html\/notas\/wp-content\/uploads\/2023\/11\/Milei-y-Bullrich-eb-Cordoba-1024x576.jpg\" alt=\"\" class=\"wp-image-126678\" srcset=\"https:\/\/www.elsindical.com.ar\/notas\/var\/www\/html\/notas\/wp-content\/uploads\/2023\/11\/Milei-y-Bullrich-eb-Cordoba-1024x576.jpg 1024w, https:\/\/www.elsindical.com.ar\/notas\/var\/www\/html\/notas\/wp-content\/uploads\/2023\/11\/Milei-y-Bullrich-eb-Cordoba-300x169.jpg 300w, https:\/\/www.elsindical.com.ar\/notas\/var\/www\/html\/notas\/wp-content\/uploads\/2023\/11\/Milei-y-Bullrich-eb-Cordoba-768x432.jpg 768w, https:\/\/www.elsindical.com.ar\/notas\/var\/www\/html\/notas\/wp-content\/uploads\/2023\/11\/Milei-y-Bullrich-eb-Cordoba-500x281.jpg 500w, https:\/\/www.elsindical.com.ar\/notas\/var\/www\/html\/notas\/wp-content\/uploads\/2023\/11\/Milei-y-Bullrich-eb-Cordoba-460x260.jpg 460w, https:\/\/www.elsindical.com.ar\/notas\/var\/www\/html\/notas\/wp-content\/uploads\/2023\/11\/Milei-y-Bullrich-eb-Cordoba.jpg 1200w\" sizes=\"auto, (max-width: 1024px) 100vw, 1024px\" \/><\/a><\/figure>\n\n\n\n<p>El candidato de La Libertad Avanza estuvo acompa\u00f1ado por Patricia Bullrich, que habl\u00f3 antes de su discurso.<\/p>\n\n\n\n<p>El candidato presidencial de La Libertad Avanza, Javier Milei, asegur\u00f3 que le pr\u00f3ximo domingo los <strong>argentinos elegir\u00e1n entre las ideas del \u201cpopulismo peronista\u201d y las de \u201cla libertad\u201d. <\/strong>Lo dijo durante su cierre de campa\u00f1a en la ciudad de C\u00f3rdoba.<\/p>\n\n\n\n<p>\u201cLo que estamos eligiendo es si queremos la tiran\u00eda de las mayor\u00edas, el populismo peronista, o <strong>queremos volver a abrazar las ideas de la libertad de (Juan Bautista) Alberdi<\/strong>\u201c, lanz\u00f3 el aspirante a la Presidencia de la Naci\u00f3n en un marco colmado de militantes libertarios.<\/p>\n\n\n\n<p>En esa l\u00ednea discursiva, Milei volvi\u00f3 a repetir fragmentos de los dos cierres de campa\u00f1a anteriores evocando a la historia: <strong>\u201cEs importante que tengamos conciencia de que nos enfrentamos a la elecci\u00f3n m\u00e1s importante de los \u00faltimos 40 a\u00f1os y, muy especialmente, a la m\u00e1s importante de los \u00faltimos 100 a\u00f1os\u201d.<\/strong><\/p>\n\n\n\n<p>\u201cDe haber entrado en el siglo XX siendo el pa\u00eds m\u00e1s rico del mundo hoy somos 130 y en decadencia. Tenemos <strong>45% de pobres; 10% de indigentes; la inflaci\u00f3n viajando en 300%. \u00bfDe qu\u00e9 miedo me hablan? <\/strong>\u00bfDe qu\u00e9 salto es vac\u00edo? Si no estamos yendo al mism\u00edsimo infierno\u201d, enfatiz\u00f3 Milei ante un p\u00fablico en\u00e9rgico.<\/p>\n\n\n\n<p>Milei le pidi\u00f3 a sus seguidores que el domingo den \u201cvuelta la historia\u201d para iniciar \u201cel camino de la reconstrucci\u00f3n Argentina\u201d: <strong>\u201cNo tengan dudas que se puede. Es la primera vez en la historia que el 54% de los argentinos eligieron una opci\u00f3n de cambio liberal\u201d.<\/strong><\/p>\n\n\n\n<p>Al respecto, alent\u00f3 a los cordobeses que lo acompa\u00f1aron desde temprano en las calles c\u00e9ntricas de la capital: \u201c\u00a1Tengo seguridad que ustedes los cordobeses nos van a acompa\u00f1ar para ir por el 60%!\u201d.<\/p>\n\n\n\n<p>\u201cEl cambio siempre entra\u00f1a riesgo. Quiero pedirles <strong>que este domingo el miedo no le gane a la esperanza<\/strong>, que sea la esperanza la triunfadora\u201d, continu\u00f3 el economista y diputado nacional, que estuvo acompa\u00f1ado por su compa\u00f1era de f\u00f3rmula, Victoria Villarruel.<\/p>\n\n\n\n<p>El ultraderechista inst\u00f3 a su electorado y tendi\u00f3 puentes con los indecisos: \u201cNo se dejen ganar por el miedo porque <strong>el miedo paraliza; y si se paraliza, gana la maldita casta pol\u00edtica<\/strong>. No dejemos que nos roben la vida, \u00a1vamos y demos vuelta las urnas!\u201d.<\/p>\n\n\n\n<p>Para finalizar, Milei le tir\u00f3 flores a Patricia Bullrich, que lo acompa\u00f1\u00f3 en el acto y pronunci\u00f3 un breve discurso, y al ex presidente Mauricio Macri: \u201cEs importante el trabajo que hagan <strong>los fiscales que responden a Bullrich y Macri porque son los que van a cuidar los votos <\/strong>porque los votos se dan y les vamos a ganar este domingo\u201d.<\/p>\n\n\n\n<p>Adem\u00e1s de Bullrich y Villarruel, estuvieron presentes en el escenario su hermana, Karina Milei; el legislador porte\u00f1o y ex candidato a jefe de Gobierno, Ramiro Marra; el diputado electo riojano, Mart\u00edn Menem; entre otros diputados.<\/p>\n\n\n\n<h2 class=\"wp-block-heading\">El discurso de Patricia Bullrich en C\u00f3rdoba<\/h2>\n\n\n\n<p>La ex ministra de Seguridad <strong>Patricia Bullrich apareci\u00f3 de sorpresa en el acto de cierre de Milei <\/strong>y llam\u00f3 a sus votantes a acompa\u00f1ar al libertario en el balotaje.<\/p>\n\n\n\n<p>En un breve mensaje, Bullrich le habl\u00f3 a los \u201cseis millones de ciudadanos\u201d que la acompa\u00f1aron a que \u201ccon el coraz\u00f3n, el alma y el cerebro piensen un minuto en seguir viviendo <strong>en esta Argentina de las mafias, de los pobres, donde los funcionarios tienen todo y el pueblo no tiene nada<\/strong>\u201c.<\/p>\n\n\n\n<p>\u201cQuiero agradecer a Javier por esta posibilidad. <strong>Quiero hablarle a los 6.400.000 ciudadanos que, junto a ustedes, votaron por el cambio en Argentina<\/strong>\u201c, dijo la ex candidata de Juntos por el Cambio.<\/p>\n\n\n\n<p>\u201cPor eso le quiero pedir a todos los ciudadanos que me acompa\u00f1aron, que eligieron una opci\u00f3n de cambio, que esa continuidad se tiene que terminar el 19, el domingo, <strong>tenemos que apoyar el cambio, el cambio que implique que los ciudadanos son m\u00e1s importantes que las estructuras burocr\u00e1ticas del Estado. <\/strong>Que no van a estar m\u00e1s debajo de los Massa que los aplaste\u201d, resalt\u00f3 la ex funcionaria.<\/p>\n\n\n\n<p>Y expres\u00f3: \u201cHe decidido, junto a muchos, muchos y muchos ciudadanos, decirle a Javier:<strong> te toc\u00f3 el turno, fuiste el que ganaste la opci\u00f3n de cambio, y con patriotismo te acompa\u00f1amos <\/strong>para que seas el pr\u00f3ximo presidente\u201d.<\/p>\n\n\n\n<p>Bullrich, que est\u00e1 trabajando activamente en la fiscalizaci\u00f3n de Milei de cara al domingo, habl\u00f3 antes que el libertario y dej\u00f3 <strong>la foto pol\u00edtica de la jornada de cierre en C\u00f3rdoba<\/strong>.<\/p>\n\n\n<div class=\"wp-block-image\">\n<figure class=\"aligncenter size-full is-resized\"><a href=\"https:\/\/www.elsindical.com.ar\/notas\/var\/www\/html\/notas\/wp-content\/uploads\/2023\/11\/Bullrich-y-Milei-en-Cordoba.jpg\"><img loading=\"lazy\" decoding=\"async\" width=\"700\" height=\"394\" src=\"https:\/\/www.elsindical.com.ar\/notas\/var\/www\/html\/notas\/wp-content\/uploads\/2023\/11\/Bullrich-y-Milei-en-Cordoba.jpg\" alt=\"\" class=\"wp-image-126679\" style=\"width:798px;height:auto\" srcset=\"https:\/\/www.elsindical.com.ar\/notas\/var\/www\/html\/notas\/wp-content\/uploads\/2023\/11\/Bullrich-y-Milei-en-Cordoba.jpg 700w, https:\/\/www.elsindical.com.ar\/notas\/var\/www\/html\/notas\/wp-content\/uploads\/2023\/11\/Bullrich-y-Milei-en-Cordoba-300x169.jpg 300w, https:\/\/www.elsindical.com.ar\/notas\/var\/www\/html\/notas\/wp-content\/uploads\/2023\/11\/Bullrich-y-Milei-en-Cordoba-500x281.jpg 500w, https:\/\/www.elsindical.com.ar\/notas\/var\/www\/html\/notas\/wp-content\/uploads\/2023\/11\/Bullrich-y-Milei-en-Cordoba-460x260.jpg 460w\" sizes=\"auto, (max-width: 700px) 100vw, 700px\" \/><\/a><\/figure>\n<\/div>","protected":false},"excerpt":{"rendered":"<p>El candidato de La Libertad Avanza estuvo acompa\u00f1ado por Patricia Bullrich, que habl\u00f3 antes de su discurso. El candidato presidencial de La Libertad Avanza, Javier Milei, asegur\u00f3 que le pr\u00f3ximo domingo los argentinos elegir\u00e1n entre las ideas del \u201cpopulismo peronista\u201d y las de \u201cla libertad\u201d. Lo dijo durante su cierre de campa\u00f1a en la ciudad&hellip;<\/p>\n","protected":false},"author":1,"featured_media":126678,"comment_status":"open","ping_status":"open","sticky":false,"template":"","format":"standard","meta":{"footnotes":""},"categories":[13],"tags":[2258,153,2450,28812,40628,1241,22025,41617],"class_list":["post-126677","post","type-post","status-publish","format-standard","has-post-thumbnail","hentry","category-politica","tag-cierre","tag-cordoba","tag-diario-el-sindical","tag-javier-milei","tag-lla","tag-patricia-bullrich","tag-politica","tag-populismo"],"_links":{"self":[{"href":"https:\/\/www.elsindical.com.ar\/notas\/wp-json\/wp\/v2\/posts\/126677","targetHints":{"allow":["GET"]}}],"collection":[{"href":"https:\/\/www.elsindical.com.ar\/notas\/wp-json\/wp\/v2\/posts"}],"about":[{"href":"https:\/\/www.elsindical.com.ar\/notas\/wp-json\/wp\/v2\/types\/post"}],"author":[{"embeddable":true,"href":"https:\/\/www.elsindical.com.ar\/notas\/wp-json\/wp\/v2\/users\/1"}],"replies":[{"embeddable":true,"href":"https:\/\/www.elsindical.com.ar\/notas\/wp-json\/wp\/v2\/comments?post=126677"}],"version-history":[{"count":1,"href":"https:\/\/www.elsindical.com.ar\/notas\/wp-json\/wp\/v2\/posts\/126677\/revisions"}],"predecessor-version":[{"id":126680,"href":"https:\/\/www.elsindical.com.ar\/notas\/wp-json\/wp\/v2\/posts\/126677\/revisions\/126680"}],"wp:featuredmedia":[{"embeddable":true,"href":"https:\/\/www.elsindical.com.ar\/notas\/wp-json\/wp\/v2\/media\/126678"}],"wp:attachment":[{"href":"https:\/\/www.elsindical.com.ar\/notas\/wp-json\/wp\/v2\/media?parent=126677"}],"wp:term":[{"taxonomy":"category","embeddable":true,"href":"https:\/\/www.elsindical.com.ar\/notas\/wp-json\/wp\/v2\/categories?post=126677"},{"taxonomy":"post_tag","embeddable":true,"href":"https:\/\/www.elsindical.com.ar\/notas\/wp-json\/wp\/v2\/tags?post=126677"}],"curies":[{"name":"wp","href":"https:\/\/api.w.org\/{rel}","templated":true}]}}