{"id":126653,"date":"2023-11-16T10:34:33","date_gmt":"2023-11-16T13:34:33","guid":{"rendered":"https:\/\/www.elsindical.com.ar\/notas\/?p=126653"},"modified":"2023-11-16T10:35:20","modified_gmt":"2023-11-16T13:35:20","slug":"bienal-de-performance-anuncia-la-programacion-de-su-quinta-edicion","status":"publish","type":"post","link":"https:\/\/www.elsindical.com.ar\/notas\/bienal-de-performance-anuncia-la-programacion-de-su-quinta-edicion\/","title":{"rendered":"Bienal de Performance anuncia la programaci\u00f3n de su quinta edici\u00f3n"},"content":{"rendered":"\n<figure class=\"wp-block-image size-large\"><a href=\"https:\/\/www.instagram.com\/bienalbp\/\"><img loading=\"lazy\" decoding=\"async\" width=\"1024\" height=\"321\" src=\"https:\/\/www.elsindical.com.ar\/notas\/var\/www\/html\/notas\/wp-content\/uploads\/2023\/11\/bp-23-1024x321.jpg\" alt=\"\" class=\"wp-image-126654\" srcset=\"https:\/\/www.elsindical.com.ar\/notas\/var\/www\/html\/notas\/wp-content\/uploads\/2023\/11\/bp-23-1024x321.jpg 1024w, https:\/\/www.elsindical.com.ar\/notas\/var\/www\/html\/notas\/wp-content\/uploads\/2023\/11\/bp-23-300x94.jpg 300w, https:\/\/www.elsindical.com.ar\/notas\/var\/www\/html\/notas\/wp-content\/uploads\/2023\/11\/bp-23-768x241.jpg 768w, https:\/\/www.elsindical.com.ar\/notas\/var\/www\/html\/notas\/wp-content\/uploads\/2023\/11\/bp-23-500x157.jpg 500w, https:\/\/www.elsindical.com.ar\/notas\/var\/www\/html\/notas\/wp-content\/uploads\/2023\/11\/bp-23.jpg 1200w\" sizes=\"auto, (max-width: 1024px) 100vw, 1024px\" \/><\/a><\/figure>\n\n\n\n<figure class=\"wp-block-table\"><table><tbody><tr><td><strong>Bienal de Performance anuncia la programaci\u00f3n de su quinta edici\u00f3n<\/strong><\/td><\/tr><\/tbody><\/table><\/figure>\n\n\n\n<figure class=\"wp-block-table\"><table><tbody><tr><td>La <strong>Bienal de Performance<\/strong>, organizada por la Fundaci\u00f3n Babilonia para las Artes, la Ciencia y la Cultura, con el apoyo de Fundaci\u00f3n Santander a trav\u00e9s del r\u00e9gimen de Promoci\u00f3n Cultural (Mecenazgo) del Ministerio de Cultura de la Ciudad de Buenos Aires y de Fundaci\u00f3n Williams, anuncia la programaci\u00f3n para la quinta edici\u00f3n <strong>BP.23<\/strong>, que tendr\u00e1 lugar en la Ciudad de Buenos Aires entre el 30 de noviembre de 2023 y el 16 de marzo de 2024.<br><br>Con direcci\u00f3n general de <strong>Graciela Casab\u00e9<\/strong>, la quinta edici\u00f3n de la Bienal de Performance fue concebida para ser desarrollada en diferentes etapas a lo largo del 2023\/24. La primera &#8211; de la mano de <strong><em>Microcentro Cuenta<\/em><\/strong>-, fue llevada a cabo en febrero del corriente a\u00f1o.<br><br>La segunda etapa <strong>BP.23<\/strong> ofrecer\u00e1 un segmento compuesto de <strong>cuatro proyectos<\/strong> que fueron seleccionados por un jurado conformado por <strong>Luciana Acu\u00f1a<\/strong>, <strong>Mercedes Claus<\/strong> y <strong>Natalia Laube<\/strong> a trav\u00e9s de una<strong> Convocatoria a la Creaci\u00f3n<\/strong> impulsada por la Bienal, acompa\u00f1ados por una serie de actividades p\u00fablicas en las que tambi\u00e9n participar\u00e1n sus creadores. De esta manera, <strong>BP.23<\/strong> impuls\u00f3 a los artistas en tanto actores sociales, a pensar formas de resistencia cultural que recuperen ciertas consignas del humanismo y del cooperativismo que se avizoran como en peligro de extinci\u00f3n y a imaginar formas alternativas de futuro. De all\u00ed, se seleccionaron los proyectos de <strong>Ian Kornfeld<\/strong>, <strong>lindalinda<\/strong>, <strong>Fabi\u00e1n Gandini<\/strong> y una menci\u00f3n especial para <strong>Guido Ignatti<\/strong>.<br><br>En su car\u00e1cter internacional, la quinta edici\u00f3n de la Bienal contar\u00e1 con las presentaciones que realizar\u00e1 la artista colombiana <strong>Mar\u00eda Jos\u00e9 Arjona<\/strong> que incluir\u00e1 una performance de larga duraci\u00f3n y dos encuentros con el p\u00fablico. Finalmente, BP.23 tendr\u00e1 su cierre con <strong>Marta Minuj\u00edn<\/strong>.<br><br><strong>Palabras del jurado<\/strong><br><em>Es imposible decir que el mundo y nuestro pa\u00eds atraviesan tiempos convulsos sin preguntarse si una sentencia de ese orden no qued\u00f3 ya vaciada de sentido: \u00bfalg\u00fan momento de nuestra historia fue distinto? \u00bfEs posible experimentar la propia \u00e9poca como una serie de acontecimientos apacibles?<\/em><br><br><em>En el contexto que atravesamos, nuestros ojos y nuestros cuerpos tomados por los acontecimientos tendieron inexorablemente a priorizar una politicidad expl\u00edcita en las propuestas seleccionadas para esta Bienal de Performance. No necesariamente para encontrar a trav\u00e9s de ellas las respuestas que nos est\u00e1n faltando. Quiz\u00e1, para dar cuenta del estado del mundo, para conectar con nuestra historia reciente, para seguir pensando c\u00f3mo llegamos hasta ac\u00e1 o para recordarnos en qu\u00e9 consisten las experiencias humanas que creemos que valen la pena ser vividas. Si la performance es un lenguaje art\u00edstico que casi por definici\u00f3n invita a \u00abpensar desde el cuerpo\u00bb, nuestra b\u00fasqueda como miembros del jurado en la Convocatoria de Creaci\u00f3n de BP.23 estuvo atravesada por ese impulso.<\/em><br><br><br><strong>PROGRAMACI\u00d3N ARTISTICA SELECCIONADA POR CONVOCATORIA<\/strong><br><strong>ANTIPLAN \u00d1EWS<\/strong><br><strong>Ian Kornfeld<\/strong><br><br>Un proyecto de performance audiovisual viva y en constante movimiento que explora las formas en que diferentes caracter\u00edsticas de la imagen pueden sonar y las formas en que diferentes caracter\u00edsticas del sonido pueden verse. Desde el aspecto perceptual y del t\u00e9cnico. El artista seleccionar\u00e1 piezas de archivo y las convertir\u00e1 en piezas audiovisuales y sonoras. Los archivos ser\u00e1n extra\u00eddos de la web, las redes sociales, los canales de informaci\u00f3n local e internacional y toda aquella fuente que los humanos consumimos mec\u00e1nicamente a diario. Ian Kornfeld ejecutar\u00e1 en vivo la m\u00fasica y el video con su m\u00e1quina musical sinest\u00e9sica y manipular\u00e1 un set de instrumentos electr\u00f3nicos, un llamativo tablero retroiluminado de controles que parecen salidos de una nave espacial. El poder del performer sobre la m\u00e1quina futurista que ordena y organiza la informaci\u00f3n.<br><br><strong>S\u00e1bado 9 de diciembre a las 21 h en Museo Nacional de Bellas Artes.<\/strong><br><br><br><strong>EQUIPAMIENTO DE RESCATE<\/strong><br><strong>Lindalinda (d\u00fao art\u00edstico integrado por Romi Sak y Natalia Chami)<\/strong><br><br>Inscribi\u00e9ndose en la tradici\u00f3n de la ocupaci\u00f3n del espacio a\u00e9reo, desde la Organizaci\u00f3n Negra, pasando por el GAC y Juliana Iriart, en la performance <em>Equipamiento de Rescate,<\/em> cientos de \u00abKits de salvaci\u00f3n\u00bb son lanzados desde el espacio a\u00e9reo con instrucciones sobre c\u00f3mo sobrevivir al capitalismo, al individualismo y al negacionismo que acecha a nuestra sociedad hoy en d\u00eda. Las instrucciones son el resultado de entrevistas a fil\u00f3sofxs, economistas, artistas y otros referentes.&nbsp;<br><br>La performance incluye la recreaci\u00f3n de operaciones de rescate o salvamento en la Avenida Corrientes, a\u00f1adiendo drama, espectacularidad y humor al mensaje. En medio del desconcierto y la necesidad de \u00absalvaci\u00f3n\u00bb, esta performance busca destacar la importancia de la uni\u00f3n y la reflexi\u00f3n en tiempos de crisis.<br><br><strong>Domingo 10 de diciembre a las 18.30 horas en Avenida Corrientes, entre Paran\u00e1 y Montevideo.<\/strong><br><br><br><strong>DA\u00d1O INVOLUNTARIO<\/strong><br><strong>Fabi\u00e1n Gandini<\/strong><br><br>En un lugar de la ciudad diferentes accidentes se desarman en el tiempo y toman el espacio. Modificando la realidad de forma silenciosa y progresiva los objetos desplazan toda lectura de lo cotidiano hasta dejar aparecer un universo completamente extra\u00f1o.<br><br><strong>Febrero 2024. Espacio urbano<\/strong><br><br><strong>MENCI\u00d3N ESPECIAL<\/strong><br><strong>ACABAR CON LOS HOMOSEXUALES<\/strong><br><strong>Guido Ignatti<\/strong><br><br>La obra es un palimpsesto, escrito con el mismo estilo y los materiales utilizados en las pintadas callejeras de campa\u00f1as pol\u00edticas latinoamericanas. El mensaje se va tapando a s\u00ed mismo a medida que avanza la escritura, hasta finalmente cubrirse por completo. El resultado final es un mural que deja entrever vestigios de una manifestaci\u00f3n pol\u00edtica ilegible. El escrito nace del titular de un art\u00edculo publicado en la revista El Caudillo (12\/02\/1975) \u00f3rgano oficioso de Jos\u00e9 L\u00f3pez Rega en el cual se llama a \u00abacabar con los homosexuales\u00bb.<br><br><strong>Domingo 3 de diciembre a las 18 horas en Proa 21- Pared exterior s\/Av. Pedro de Mendoza. La presentaci\u00f3n se realizar\u00e1 en el marco de FAQ (Festival de Arte Queer).<\/strong><br><br><strong>PROGRAMA INTERNACIONAL<\/strong><br><strong>AQUELLO QUE TRANSCURRE FUERA DE LO PERCEPTIBLE<\/strong><br><strong>Mar\u00eda Jos\u00e9 Arjona<\/strong><br><br>Aquello que transcurre fuera de lo perceptible emerge como resistencia frente a la actual saturaci\u00f3n de movimiento e imagen. Este proyecto, que aparece desde la negatividad, desde los m\u00e1rgenes de una econom\u00eda de productividad y consumo, busca generar experiencias colectivas que propicien la manifestaci\u00f3n de un espacio intermedio. La obra se desarrolla en tres fases u oscilaciones (la aparici\u00f3n, la ruina y la revelaci\u00f3n) rescata, promueve y re-articula la funci\u00f3n del fantasma en relaci\u00f3n al archivo y simult\u00e1neamente acude a nuestra imaginaci\u00f3n para suscitar movimientos de reconstrucci\u00f3n social y pol\u00edtica en medio de la crisis actual.<br><br><strong>Mi\u00e9rcoles 21 de febrero. Encuentros con el p\u00fablico jueves 22 y viernes 23 de febrero en Nos en vera y Museo de Arte Latinoamericano de Buenos Aires (Malba).<\/strong><br><br><br><strong>CIERRE DE LA BIENAL DE PERFORMANCE<\/strong><br><strong>ENCUENTRA TU OPUESTO<\/strong><br><strong>Marta Minuj\u00edn<\/strong><br><br>Marta Minuj\u00edn resignifica para la Bienal una performance hist\u00f3rica. Como hizo en BP.15 con <em>Encuentra tu igual,<\/em> su propuesta comenzar\u00e1 con una app que a trav\u00e9s de una serie de preguntas invita al p\u00fablico a encontrar esta vez a sus almas opuestas y concluir\u00e1 con un encuentro en el Puente de la Mujer de Puerto Madero; donde la artista dejar\u00e1 caer desde helic\u00f3pteros miles de p\u00e9talos de flores. Una acci\u00f3n local\/global de convergencia social que utiliza las redes tecnol\u00f3gicas para trascender el contacto personal. El p\u00fablico podr\u00e1 establecer un v\u00ednculo espont\u00e1neo con otros habitantes de la ciudad que sean \u00absus opuestos\u00bb de alma.<br><br><strong>S\u00e1bado 16 de marzo en Puente de la Mujer.<\/strong><br><br><strong>PROGRAMAS INVITADOS<\/strong><br><strong>Presentado por Museo de Arte Latinoamericano de Buenos Aires<\/strong><br>Nombre de la obra:<strong> Caminata hacia el r\u00edo con Cecilia Vicu\u00f1a<\/strong><br>Artista:<strong> Cecilia Vicu\u00f1a<\/strong><br>Curadur\u00eda:<strong> Miguel A. L\u00f3pez<\/strong><br><br>En el marco de la exposici\u00f3n <em>So\u00f1ar el agua<\/em> de la artista chilena Cecilia Vicu\u00f1a en Malba, que tiene como uno de sus ejes principales el agua como fuente de lo comunitario, y la responsabilidad ambiental hacia \u00e9sta, se propone una activaci\u00f3n sobre nuestro v\u00ednculo con el r\u00edo. A trav\u00e9s de un recorrido con la artista, se invita a un encuentro con la costa para reimaginar formas de habitarla. Se iniciar\u00e1 una caminata colectiva desde el museo que culminar\u00e1 con la ofrenda de telas que fueron parte del proceso de realizaci\u00f3n del Quipu desaparecido al R\u00edo de la Plata, como ceremonia de entrega y respeto hacia la historia que el r\u00edo conserva de nuestra comunidad.<br><br><strong>S\u00e1bado 9 de diciembre a las 17 h. Punto de salida: hall del Museo Malba.<\/strong><br><br><strong>Presentado por Fundaci\u00f3n&nbsp;Larivi\u00e8re<\/strong><br>Nombre de la obra:<strong> Tiempo real<\/strong><br>Artista:<strong> Vivian Galb\u00e1n<\/strong><br>Curadur\u00eda:<strong> Ra\u00fal Flores<\/strong><br><br>A partir de la concepci\u00f3n de una instalaci\u00f3n de gran formato de una c\u00e1mara oscura -que deconstruye y expone el proceso de creaci\u00f3n de im\u00e1genes-, la artista desarrolla una performance que gesta y desencadena una experiencia de interacci\u00f3n entre el visitante y la obra resultante.&nbsp;<br><br><strong>Mi\u00e9rcoles 9 de marzo en Fundaci\u00f3n<\/strong><strong> Larivi\u00e8re.<\/strong> <strong>5\u00b0 Edici\u00f3n Bienal de Performance<\/strong><br>Del 30 de noviembre 2023 al 16 de marzo 2024<br><a href=\"https:\/\/instagram.us12.list-manage.com\/track\/click?u=b2aaa53af92611953bf0747e6&amp;id=63fce62ae6&amp;e=793c6ed679\" target=\"_blank\" rel=\"noreferrer noopener\">Material fotogr\u00e1fico<\/a> &#8211; <a href=\"https:\/\/instagram.us12.list-manage.com\/track\/click?u=b2aaa53af92611953bf0747e6&amp;id=efd569a4b0&amp;e=793c6ed679\" target=\"_blank\" rel=\"noreferrer noopener\">Redes<\/a> &#8211; <a href=\"https:\/\/instagram.us12.list-manage.com\/track\/click?u=b2aaa53af92611953bf0747e6&amp;id=5374ed8049&amp;e=793c6ed679\" target=\"_blank\" rel=\"noreferrer noopener\">Web<\/a><br>Actividades gratuitas<\/td><\/tr><\/tbody><\/table><\/figure>\n\n\n\n<figure class=\"wp-block-gallery has-nested-images columns-2 is-cropped wp-block-gallery-1 is-layout-flex wp-block-gallery-is-layout-flex\">\n<figure class=\"wp-block-image size-large\"><a href=\"https:\/\/www.elsindical.com.ar\/notas\/var\/www\/html\/notas\/wp-content\/uploads\/2023\/11\/Bienal-2023-1.jpeg\"><img loading=\"lazy\" decoding=\"async\" width=\"1024\" height=\"768\" data-id=\"126657\" src=\"https:\/\/www.elsindical.com.ar\/notas\/var\/www\/html\/notas\/wp-content\/uploads\/2023\/11\/Bienal-2023-1-1024x768.jpeg\" alt=\"\" class=\"wp-image-126657\" srcset=\"https:\/\/www.elsindical.com.ar\/notas\/var\/www\/html\/notas\/wp-content\/uploads\/2023\/11\/Bienal-2023-1-1024x768.jpeg 1024w, https:\/\/www.elsindical.com.ar\/notas\/var\/www\/html\/notas\/wp-content\/uploads\/2023\/11\/Bienal-2023-1-300x225.jpeg 300w, https:\/\/www.elsindical.com.ar\/notas\/var\/www\/html\/notas\/wp-content\/uploads\/2023\/11\/Bienal-2023-1-768x576.jpeg 768w, https:\/\/www.elsindical.com.ar\/notas\/var\/www\/html\/notas\/wp-content\/uploads\/2023\/11\/Bienal-2023-1-400x300.jpeg 400w, https:\/\/www.elsindical.com.ar\/notas\/var\/www\/html\/notas\/wp-content\/uploads\/2023\/11\/Bienal-2023-1.jpeg 1200w\" sizes=\"auto, (max-width: 1024px) 100vw, 1024px\" \/><\/a><\/figure>\n\n\n\n<figure class=\"wp-block-image size-large\"><a href=\"https:\/\/www.elsindical.com.ar\/notas\/var\/www\/html\/notas\/wp-content\/uploads\/2023\/11\/Bienal-2023-2.jpeg\"><img loading=\"lazy\" decoding=\"async\" width=\"1024\" height=\"768\" data-id=\"126656\" src=\"https:\/\/www.elsindical.com.ar\/notas\/var\/www\/html\/notas\/wp-content\/uploads\/2023\/11\/Bienal-2023-2.jpeg\" alt=\"\" class=\"wp-image-126656\" srcset=\"https:\/\/www.elsindical.com.ar\/notas\/var\/www\/html\/notas\/wp-content\/uploads\/2023\/11\/Bienal-2023-2.jpeg 1024w, https:\/\/www.elsindical.com.ar\/notas\/var\/www\/html\/notas\/wp-content\/uploads\/2023\/11\/Bienal-2023-2-300x225.jpeg 300w, https:\/\/www.elsindical.com.ar\/notas\/var\/www\/html\/notas\/wp-content\/uploads\/2023\/11\/Bienal-2023-2-768x576.jpeg 768w, https:\/\/www.elsindical.com.ar\/notas\/var\/www\/html\/notas\/wp-content\/uploads\/2023\/11\/Bienal-2023-2-400x300.jpeg 400w\" sizes=\"auto, (max-width: 1024px) 100vw, 1024px\" \/><\/a><\/figure>\n\n\n\n<figure class=\"wp-block-image size-large\"><a href=\"https:\/\/www.elsindical.com.ar\/notas\/var\/www\/html\/notas\/wp-content\/uploads\/2023\/11\/Bienal-2023-1.jpg\"><img loading=\"lazy\" decoding=\"async\" width=\"1024\" height=\"680\" data-id=\"126655\" src=\"https:\/\/www.elsindical.com.ar\/notas\/var\/www\/html\/notas\/wp-content\/uploads\/2023\/11\/Bienal-2023-1-1024x680.jpg\" alt=\"\" class=\"wp-image-126655\" srcset=\"https:\/\/www.elsindical.com.ar\/notas\/var\/www\/html\/notas\/wp-content\/uploads\/2023\/11\/Bienal-2023-1-1024x680.jpg 1024w, https:\/\/www.elsindical.com.ar\/notas\/var\/www\/html\/notas\/wp-content\/uploads\/2023\/11\/Bienal-2023-1-300x199.jpg 300w, https:\/\/www.elsindical.com.ar\/notas\/var\/www\/html\/notas\/wp-content\/uploads\/2023\/11\/Bienal-2023-1-768x510.jpg 768w, https:\/\/www.elsindical.com.ar\/notas\/var\/www\/html\/notas\/wp-content\/uploads\/2023\/11\/Bienal-2023-1-452x300.jpg 452w, https:\/\/www.elsindical.com.ar\/notas\/var\/www\/html\/notas\/wp-content\/uploads\/2023\/11\/Bienal-2023-1.jpg 1200w\" sizes=\"auto, (max-width: 1024px) 100vw, 1024px\" \/><\/a><\/figure>\n\n\n\n<figure class=\"wp-block-image size-large\"><a href=\"https:\/\/www.elsindical.com.ar\/notas\/var\/www\/html\/notas\/wp-content\/uploads\/2023\/11\/Bienal-2023-2.jpg\"><img loading=\"lazy\" decoding=\"async\" width=\"1024\" height=\"680\" data-id=\"126659\" src=\"https:\/\/www.elsindical.com.ar\/notas\/var\/www\/html\/notas\/wp-content\/uploads\/2023\/11\/Bienal-2023-2-1024x680.jpg\" alt=\"\" class=\"wp-image-126659\" srcset=\"https:\/\/www.elsindical.com.ar\/notas\/var\/www\/html\/notas\/wp-content\/uploads\/2023\/11\/Bienal-2023-2-1024x680.jpg 1024w, https:\/\/www.elsindical.com.ar\/notas\/var\/www\/html\/notas\/wp-content\/uploads\/2023\/11\/Bienal-2023-2-300x199.jpg 300w, https:\/\/www.elsindical.com.ar\/notas\/var\/www\/html\/notas\/wp-content\/uploads\/2023\/11\/Bienal-2023-2-768x510.jpg 768w, https:\/\/www.elsindical.com.ar\/notas\/var\/www\/html\/notas\/wp-content\/uploads\/2023\/11\/Bienal-2023-2-452x300.jpg 452w, https:\/\/www.elsindical.com.ar\/notas\/var\/www\/html\/notas\/wp-content\/uploads\/2023\/11\/Bienal-2023-2.jpg 1200w\" sizes=\"auto, (max-width: 1024px) 100vw, 1024px\" \/><\/a><\/figure>\n\n\n\n<figure class=\"wp-block-image size-large\"><a href=\"https:\/\/www.elsindical.com.ar\/notas\/var\/www\/html\/notas\/wp-content\/uploads\/2023\/11\/Bienal-2023-3.jpeg\"><img loading=\"lazy\" decoding=\"async\" width=\"1024\" height=\"734\" data-id=\"126658\" src=\"https:\/\/www.elsindical.com.ar\/notas\/var\/www\/html\/notas\/wp-content\/uploads\/2023\/11\/Bienal-2023-3-1024x734.jpeg\" alt=\"\" class=\"wp-image-126658\" srcset=\"https:\/\/www.elsindical.com.ar\/notas\/var\/www\/html\/notas\/wp-content\/uploads\/2023\/11\/Bienal-2023-3-1024x734.jpeg 1024w, https:\/\/www.elsindical.com.ar\/notas\/var\/www\/html\/notas\/wp-content\/uploads\/2023\/11\/Bienal-2023-3-300x215.jpeg 300w, https:\/\/www.elsindical.com.ar\/notas\/var\/www\/html\/notas\/wp-content\/uploads\/2023\/11\/Bienal-2023-3-768x550.jpeg 768w, https:\/\/www.elsindical.com.ar\/notas\/var\/www\/html\/notas\/wp-content\/uploads\/2023\/11\/Bienal-2023-3-419x300.jpeg 419w, https:\/\/www.elsindical.com.ar\/notas\/var\/www\/html\/notas\/wp-content\/uploads\/2023\/11\/Bienal-2023-3.jpeg 1200w\" sizes=\"auto, (max-width: 1024px) 100vw, 1024px\" \/><\/a><\/figure>\n<\/figure>\n","protected":false},"excerpt":{"rendered":"<p>Bienal de Performance anuncia la programaci\u00f3n de su quinta edici\u00f3n La Bienal de Performance, organizada por la Fundaci\u00f3n Babilonia para las Artes, la Ciencia y la Cultura, con el apoyo de Fundaci\u00f3n Santander a trav\u00e9s del r\u00e9gimen de Promoci\u00f3n Cultural (Mecenazgo) del Ministerio de Cultura de la Ciudad de Buenos Aires y de Fundaci\u00f3n Williams,&hellip;<\/p>\n","protected":false},"author":1,"featured_media":126654,"comment_status":"open","ping_status":"open","sticky":false,"template":"","format":"standard","meta":{"footnotes":""},"categories":[15],"tags":[41608,4284,2450,35651,41610,41609],"class_list":["post-126653","post","type-post","status-publish","format-standard","has-post-thumbnail","hentry","category-espectaculos","tag-bienal-2023","tag-caba","tag-diario-el-sindical","tag-graciela-casabe","tag-la-bienal-de-performance","tag-mecenazgo"],"_links":{"self":[{"href":"https:\/\/www.elsindical.com.ar\/notas\/wp-json\/wp\/v2\/posts\/126653","targetHints":{"allow":["GET"]}}],"collection":[{"href":"https:\/\/www.elsindical.com.ar\/notas\/wp-json\/wp\/v2\/posts"}],"about":[{"href":"https:\/\/www.elsindical.com.ar\/notas\/wp-json\/wp\/v2\/types\/post"}],"author":[{"embeddable":true,"href":"https:\/\/www.elsindical.com.ar\/notas\/wp-json\/wp\/v2\/users\/1"}],"replies":[{"embeddable":true,"href":"https:\/\/www.elsindical.com.ar\/notas\/wp-json\/wp\/v2\/comments?post=126653"}],"version-history":[{"count":2,"href":"https:\/\/www.elsindical.com.ar\/notas\/wp-json\/wp\/v2\/posts\/126653\/revisions"}],"predecessor-version":[{"id":126661,"href":"https:\/\/www.elsindical.com.ar\/notas\/wp-json\/wp\/v2\/posts\/126653\/revisions\/126661"}],"wp:featuredmedia":[{"embeddable":true,"href":"https:\/\/www.elsindical.com.ar\/notas\/wp-json\/wp\/v2\/media\/126654"}],"wp:attachment":[{"href":"https:\/\/www.elsindical.com.ar\/notas\/wp-json\/wp\/v2\/media?parent=126653"}],"wp:term":[{"taxonomy":"category","embeddable":true,"href":"https:\/\/www.elsindical.com.ar\/notas\/wp-json\/wp\/v2\/categories?post=126653"},{"taxonomy":"post_tag","embeddable":true,"href":"https:\/\/www.elsindical.com.ar\/notas\/wp-json\/wp\/v2\/tags?post=126653"}],"curies":[{"name":"wp","href":"https:\/\/api.w.org\/{rel}","templated":true}]}}