{"id":126634,"date":"2023-11-15T16:07:12","date_gmt":"2023-11-15T19:07:12","guid":{"rendered":"https:\/\/www.elsindical.com.ar\/notas\/?p=126634"},"modified":"2023-11-15T16:07:15","modified_gmt":"2023-11-15T19:07:15","slug":"una-medica-wichi-para-la-region-del-norte-argentino","status":"publish","type":"post","link":"https:\/\/www.elsindical.com.ar\/notas\/una-medica-wichi-para-la-region-del-norte-argentino\/","title":{"rendered":"Una m\u00e9dica Wichi para la Regi\u00f3n del Norte Argentino"},"content":{"rendered":"<div class=\"wp-block-image\">\n<figure class=\"aligncenter size-large\"><a href=\"https:\/\/www.elsindical.com.ar\/notas\/var\/www\/html\/notas\/wp-content\/uploads\/2023\/11\/Dra-Sandra-Toribio.jpg\"><img loading=\"lazy\" decoding=\"async\" width=\"1024\" height=\"1024\" src=\"https:\/\/www.elsindical.com.ar\/notas\/var\/www\/html\/notas\/wp-content\/uploads\/2023\/11\/Dra-Sandra-Toribio-1024x1024.jpg\" alt=\"\" class=\"wp-image-126635\" srcset=\"https:\/\/www.elsindical.com.ar\/notas\/var\/www\/html\/notas\/wp-content\/uploads\/2023\/11\/Dra-Sandra-Toribio-1024x1024.jpg 1024w, https:\/\/www.elsindical.com.ar\/notas\/var\/www\/html\/notas\/wp-content\/uploads\/2023\/11\/Dra-Sandra-Toribio-300x300.jpg 300w, https:\/\/www.elsindical.com.ar\/notas\/var\/www\/html\/notas\/wp-content\/uploads\/2023\/11\/Dra-Sandra-Toribio-150x150.jpg 150w, https:\/\/www.elsindical.com.ar\/notas\/var\/www\/html\/notas\/wp-content\/uploads\/2023\/11\/Dra-Sandra-Toribio-768x768.jpg 768w, https:\/\/www.elsindical.com.ar\/notas\/var\/www\/html\/notas\/wp-content\/uploads\/2023\/11\/Dra-Sandra-Toribio-50x50.jpg 50w, https:\/\/www.elsindical.com.ar\/notas\/var\/www\/html\/notas\/wp-content\/uploads\/2023\/11\/Dra-Sandra-Toribio.jpg 1080w\" sizes=\"auto, (max-width: 1024px) 100vw, 1024px\" \/><\/a><\/figure>\n<\/div>\n\n\n<p class=\"wp-block-paragraph\">Sandra Toribio se convirti\u00f3 en la primera M\u00e9dica Wich\u00ed del Oeste formose\u00f1o. Acaba de graduarse con la promoci\u00f3n 2023 de la Facultad de Medicina de la UNNE.<br><br>Sandra naci\u00f3 y creci\u00f3 en la localidad de Ingeniero Ju\u00e1rez. Antes de llegar a la Universidad, curs\u00f3 la Primaria en dos establecimientos: \u201cuno de ellos de la comunidad wich\u00ed \u2013la EPEP EIB N\u00b0 484- y el otro, la EPEP N\u00b0 319 \u201cGeneral Jos\u00e9 de San Mart\u00edn\u201d. Mientras que la Secundaria la curs\u00f3 en la EPES N\u00b0 12 \u201cDr. Mariano Moreno\u201d.<br><br>\u00abNo hay nada m\u00e1s poderoso que creer en uno mismo, con voluntad, paciencia y perseverancia, todo se puede lograr, nada es imposible en esta vida\u00bb, indic\u00f3 Sandra a los medios de comunicaci\u00f3n.<\/p>\n","protected":false},"excerpt":{"rendered":"<p>Sandra Toribio se convirti\u00f3 en la primera M\u00e9dica Wich\u00ed del Oeste formose\u00f1o. Acaba de graduarse con la promoci\u00f3n 2023 de la Facultad de Medicina de la UNNE. Sandra naci\u00f3 y creci\u00f3 en la localidad de Ingeniero Ju\u00e1rez. Antes de llegar a la Universidad, curs\u00f3 la Primaria en dos establecimientos: \u201cuno de ellos de la comunidad&hellip;<\/p>\n","protected":false},"author":1,"featured_media":126635,"comment_status":"open","ping_status":"open","sticky":false,"template":"","format":"standard","meta":{"footnotes":""},"categories":[25],"tags":[2450,1665,41601,1208,27371,41600],"class_list":["post-126634","post","type-post","status-publish","format-standard","has-post-thumbnail","hentry","category-sociedad","tag-diario-el-sindical","tag-medica","tag-sandra-toribio","tag-universidad","tag-unne","tag-wichi"],"_links":{"self":[{"href":"https:\/\/www.elsindical.com.ar\/notas\/wp-json\/wp\/v2\/posts\/126634","targetHints":{"allow":["GET"]}}],"collection":[{"href":"https:\/\/www.elsindical.com.ar\/notas\/wp-json\/wp\/v2\/posts"}],"about":[{"href":"https:\/\/www.elsindical.com.ar\/notas\/wp-json\/wp\/v2\/types\/post"}],"author":[{"embeddable":true,"href":"https:\/\/www.elsindical.com.ar\/notas\/wp-json\/wp\/v2\/users\/1"}],"replies":[{"embeddable":true,"href":"https:\/\/www.elsindical.com.ar\/notas\/wp-json\/wp\/v2\/comments?post=126634"}],"version-history":[{"count":1,"href":"https:\/\/www.elsindical.com.ar\/notas\/wp-json\/wp\/v2\/posts\/126634\/revisions"}],"predecessor-version":[{"id":126636,"href":"https:\/\/www.elsindical.com.ar\/notas\/wp-json\/wp\/v2\/posts\/126634\/revisions\/126636"}],"wp:featuredmedia":[{"embeddable":true,"href":"https:\/\/www.elsindical.com.ar\/notas\/wp-json\/wp\/v2\/media\/126635"}],"wp:attachment":[{"href":"https:\/\/www.elsindical.com.ar\/notas\/wp-json\/wp\/v2\/media?parent=126634"}],"wp:term":[{"taxonomy":"category","embeddable":true,"href":"https:\/\/www.elsindical.com.ar\/notas\/wp-json\/wp\/v2\/categories?post=126634"},{"taxonomy":"post_tag","embeddable":true,"href":"https:\/\/www.elsindical.com.ar\/notas\/wp-json\/wp\/v2\/tags?post=126634"}],"curies":[{"name":"wp","href":"https:\/\/api.w.org\/{rel}","templated":true}]}}