{"id":12663,"date":"2011-02-24T18:38:24","date_gmt":"2011-02-24T21:38:24","guid":{"rendered":"http:\/\/www.elsindical.com.ar\/notas\/?p=12663"},"modified":"2011-02-24T18:51:38","modified_gmt":"2011-02-24T21:51:38","slug":"video-corrupcion-atlas-copco","status":"publish","type":"post","link":"https:\/\/www.elsindical.com.ar\/notas\/video-corrupcion-atlas-copco\/","title":{"rendered":"Video corrupci\u00f3n Atlas Copco"},"content":{"rendered":"<p style=\"text-align: justify;\"><a href=\"http:\/\/www.elsindical.com.ar\/notas\/var\/www\/html\/notas\/wp-content\/uploads\/2010\/11\/Atlas-Copco-sede1.jpg\"><img loading=\"lazy\" decoding=\"async\" class=\"alignleft size-medium wp-image-10915\" title=\"Atlas-Copco-sede\" src=\"http:\/\/www.elsindical.com.ar\/notas\/var\/www\/html\/notas\/wp-content\/uploads\/2010\/11\/Atlas-Copco-sede1-224x300.jpg\" alt=\"\" width=\"224\" height=\"300\" srcset=\"https:\/\/www.elsindical.com.ar\/notas\/var\/www\/html\/notas\/wp-content\/uploads\/2010\/11\/Atlas-Copco-sede1-224x300.jpg 224w, https:\/\/www.elsindical.com.ar\/notas\/var\/www\/html\/notas\/wp-content\/uploads\/2010\/11\/Atlas-Copco-sede1.jpg 709w\" sizes=\"auto, (max-width: 224px) 100vw, 224px\" \/><\/a>\u00a0A pedido de muchos de nuestros lectores y algunos colegas interesados en la investigaci\u00f3n period\u00edstica sobre la empresa internacional sueca Atlas Copco, hemos realizado un breve video con los principales detalles de la misma.<\/p>\n<p style=\"text-align: justify;\">Es obvio que para una mejor comprensi\u00f3n uno debe leer los art\u00edculos anteriores y los abundan por la Web, pero esta ser\u00e1 una interesante gu\u00eda para ello, saludos y gracias por la confianza de siempre, en elegirlos para informar.<\/p>\n<p><iframe loading=\"lazy\" title=\"YouTube video player\" width=\"480\" height=\"390\" src=\"http:\/\/www.youtube.com\/embed\/EhPMtOCtpaM\" frameborder=\"0\" allowfullscreen><\/iframe><\/p>\n","protected":false},"excerpt":{"rendered":"<p>\u00a0A pedido de muchos de nuestros lectores y algunos colegas interesados en la investigaci\u00f3n period\u00edstica sobre la empresa internacional sueca Atlas Copco, hemos realizado un breve video con los principales detalles de la misma. Es obvio que para una mejor comprensi\u00f3n uno debe leer los art\u00edculos anteriores y los abundan por la Web, pero esta&hellip;<\/p>\n","protected":false},"author":1,"featured_media":0,"comment_status":"open","ping_status":"open","sticky":false,"template":"","format":"standard","meta":{"footnotes":""},"categories":[1],"tags":[4861,622,1451,53,6073,41,2210,125],"class_list":["post-12663","post","type-post","status-publish","format-standard","hentry","category-destacadas","tag-atlas-copco","tag-coimas","tag-corrupcion","tag-despidos","tag-facturacion","tag-justicia","tag-suecia","tag-trabajadores"],"_links":{"self":[{"href":"https:\/\/www.elsindical.com.ar\/notas\/wp-json\/wp\/v2\/posts\/12663","targetHints":{"allow":["GET"]}}],"collection":[{"href":"https:\/\/www.elsindical.com.ar\/notas\/wp-json\/wp\/v2\/posts"}],"about":[{"href":"https:\/\/www.elsindical.com.ar\/notas\/wp-json\/wp\/v2\/types\/post"}],"author":[{"embeddable":true,"href":"https:\/\/www.elsindical.com.ar\/notas\/wp-json\/wp\/v2\/users\/1"}],"replies":[{"embeddable":true,"href":"https:\/\/www.elsindical.com.ar\/notas\/wp-json\/wp\/v2\/comments?post=12663"}],"version-history":[{"count":9,"href":"https:\/\/www.elsindical.com.ar\/notas\/wp-json\/wp\/v2\/posts\/12663\/revisions"}],"predecessor-version":[{"id":12665,"href":"https:\/\/www.elsindical.com.ar\/notas\/wp-json\/wp\/v2\/posts\/12663\/revisions\/12665"}],"wp:attachment":[{"href":"https:\/\/www.elsindical.com.ar\/notas\/wp-json\/wp\/v2\/media?parent=12663"}],"wp:term":[{"taxonomy":"category","embeddable":true,"href":"https:\/\/www.elsindical.com.ar\/notas\/wp-json\/wp\/v2\/categories?post=12663"},{"taxonomy":"post_tag","embeddable":true,"href":"https:\/\/www.elsindical.com.ar\/notas\/wp-json\/wp\/v2\/tags?post=12663"}],"curies":[{"name":"wp","href":"https:\/\/api.w.org\/{rel}","templated":true}]}}