{"id":126611,"date":"2023-11-14T13:43:02","date_gmt":"2023-11-14T16:43:02","guid":{"rendered":"https:\/\/www.elsindical.com.ar\/notas\/?p=126611"},"modified":"2023-11-14T13:43:07","modified_gmt":"2023-11-14T16:43:07","slug":"perczyk-designo-a-la-rectora-organizadora-de-la-nueva-universidad-nacional-de-pilar","status":"publish","type":"post","link":"https:\/\/www.elsindical.com.ar\/notas\/perczyk-designo-a-la-rectora-organizadora-de-la-nueva-universidad-nacional-de-pilar\/","title":{"rendered":"Perczyk design\u00f3 a la rectora organizadora de la nueva Universidad Nacional de Pilar"},"content":{"rendered":"\n<figure class=\"wp-block-image size-large\"><a href=\"https:\/\/www.elsindical.com.ar\/notas\/var\/www\/html\/notas\/wp-content\/uploads\/2023\/11\/Universidad-de-Pilar-rectora.jpeg\"><img loading=\"lazy\" decoding=\"async\" width=\"1024\" height=\"682\" src=\"https:\/\/www.elsindical.com.ar\/notas\/var\/www\/html\/notas\/wp-content\/uploads\/2023\/11\/Universidad-de-Pilar-rectora-1024x682.jpeg\" alt=\"\" class=\"wp-image-126612\" srcset=\"https:\/\/www.elsindical.com.ar\/notas\/var\/www\/html\/notas\/wp-content\/uploads\/2023\/11\/Universidad-de-Pilar-rectora-1024x682.jpeg 1024w, https:\/\/www.elsindical.com.ar\/notas\/var\/www\/html\/notas\/wp-content\/uploads\/2023\/11\/Universidad-de-Pilar-rectora-300x200.jpeg 300w, https:\/\/www.elsindical.com.ar\/notas\/var\/www\/html\/notas\/wp-content\/uploads\/2023\/11\/Universidad-de-Pilar-rectora-768x512.jpeg 768w, https:\/\/www.elsindical.com.ar\/notas\/var\/www\/html\/notas\/wp-content\/uploads\/2023\/11\/Universidad-de-Pilar-rectora-450x300.jpeg 450w, https:\/\/www.elsindical.com.ar\/notas\/var\/www\/html\/notas\/wp-content\/uploads\/2023\/11\/Universidad-de-Pilar-rectora-1536x1023.jpeg 1536w, https:\/\/www.elsindical.com.ar\/notas\/var\/www\/html\/notas\/wp-content\/uploads\/2023\/11\/Universidad-de-Pilar-rectora.jpeg 1600w\" sizes=\"auto, (max-width: 1024px) 100vw, 1024px\" \/><\/a><\/figure>\n\n\n\n<p class=\"wp-block-paragraph\"><em>El ministro de Educaci\u00f3n de la Naci\u00f3n, Jaime Perczyk, design\u00f3 a Lizzie Wagner como la rectora organizadora de la flamante Universidad Nacional de Pilar que fue creada por ley del Congreso en septiembre pasado.<\/em><\/p>\n\n\n\n<p class=\"wp-block-paragraph\">Perczyk, junto al intendente de Pilar, Federico Achaval, encabezaron el acto de presentaci\u00f3n de la nueva rectora, que a partir de ahora tendr\u00e1 a cargo el proceso de organizaci\u00f3n de la nueva casa de Estudios.<\/p>\n\n\n\n<p class=\"wp-block-paragraph\">\u00abNosotros creemos en la educaci\u00f3n p\u00fablica, gratuita y de calidad y la mejor forma de mejorarla es creando nuevas universidades\u00bb, asegur\u00f3 el ministro de Educaci\u00f3n.<\/p>\n\n\n\n<p class=\"wp-block-paragraph\">Resalt\u00f3 que Argentina \u00abtiene un nivel de inclusi\u00f3n en el sistema universitario que es un modelo en Am\u00e9rica Latina y en el mundo\u00bb y detall\u00f3 que nuestro pa\u00eds \u00abtiene 2,5 millones de estudiantes universitarios lo que implica que el 5,3 por ciento de la poblaci\u00f3n va a la universidad\u00bb.<\/p>\n\n\n\n<p class=\"wp-block-paragraph\">\u00abEn la Argentina la universidad es no arancelada y eso posibilita que entren una gran cantidad de sectores\u00bb, concluy\u00f3.<\/p>\n\n\n\n<p class=\"wp-block-paragraph\">Por su parte, Achaval agradeci\u00f3 al ministro de Educaci\u00f3n y sostuvo que \u00abcreemos profundamente en la educaci\u00f3n p\u00fablica, gratuita y de calidad, porque nos permite pensar en un futuro con m\u00e1s oportunidades y hoy dimos un paso muy importante\u00bb.<\/p>\n\n\n\n<p class=\"wp-block-paragraph\">La oferta acad\u00e9mica de la Universidad Nacional de Pilar contar\u00e1 con carreras presenciales y\/o a distancia de pregrado, grado y posgrado, as\u00ed como tambi\u00e9n ofertas educativas no formales sostenidas sobre los pilares de la inclusi\u00f3n y la calidad, orientadas principalmente a las ciencias vinculadas a la tecnolog\u00eda, la producci\u00f3n, el trabajo, la investigaci\u00f3n con el foco puesto en tem\u00e1ticas asociadas a biotecnolog\u00eda, biomec\u00e1nica, ingenier\u00eda, rob\u00f3tica, inteligencia artificial, programaci\u00f3n, seguridad inform\u00e1tica, y otras.<\/p>\n\n\n\n<p class=\"wp-block-paragraph\">Adem\u00e1s, los programas y la curr\u00edcula de estudio estar\u00e1n vinculados a las caracter\u00edsticas del distrito y de la regi\u00f3n en general, teniendo en cuenta la variada gama de producci\u00f3n que posee el Parque Industrial Pilar, vinculados a la industria de la alimentaci\u00f3n, qu\u00edmicas, papelera, metal\u00fargicas, pl\u00e1sticas, farmac\u00e9uticas, software, etc.<\/p>\n","protected":false},"excerpt":{"rendered":"<p>El ministro de Educaci\u00f3n de la Naci\u00f3n, Jaime Perczyk, design\u00f3 a Lizzie Wagner como la rectora organizadora de la flamante Universidad Nacional de Pilar que fue creada por ley del Congreso en septiembre pasado. Perczyk, junto al intendente de Pilar, Federico Achaval, encabezaron el acto de presentaci\u00f3n de la nueva rectora, que a partir de&hellip;<\/p>\n","protected":false},"author":1,"featured_media":126612,"comment_status":"open","ping_status":"open","sticky":false,"template":"","format":"standard","meta":{"footnotes":""},"categories":[13],"tags":[2450,32012,41588,10267,41589,41587],"class_list":["post-126611","post","type-post","status-publish","format-standard","has-post-thumbnail","hentry","category-politica","tag-diario-el-sindical","tag-jaime-perczyk","tag-lizzie-wagner","tag-ministerio-de-educacion-de-la-nacion","tag-rectora-organizadora","tag-universidad-nacional-de-pilar"],"_links":{"self":[{"href":"https:\/\/www.elsindical.com.ar\/notas\/wp-json\/wp\/v2\/posts\/126611","targetHints":{"allow":["GET"]}}],"collection":[{"href":"https:\/\/www.elsindical.com.ar\/notas\/wp-json\/wp\/v2\/posts"}],"about":[{"href":"https:\/\/www.elsindical.com.ar\/notas\/wp-json\/wp\/v2\/types\/post"}],"author":[{"embeddable":true,"href":"https:\/\/www.elsindical.com.ar\/notas\/wp-json\/wp\/v2\/users\/1"}],"replies":[{"embeddable":true,"href":"https:\/\/www.elsindical.com.ar\/notas\/wp-json\/wp\/v2\/comments?post=126611"}],"version-history":[{"count":1,"href":"https:\/\/www.elsindical.com.ar\/notas\/wp-json\/wp\/v2\/posts\/126611\/revisions"}],"predecessor-version":[{"id":126613,"href":"https:\/\/www.elsindical.com.ar\/notas\/wp-json\/wp\/v2\/posts\/126611\/revisions\/126613"}],"wp:featuredmedia":[{"embeddable":true,"href":"https:\/\/www.elsindical.com.ar\/notas\/wp-json\/wp\/v2\/media\/126612"}],"wp:attachment":[{"href":"https:\/\/www.elsindical.com.ar\/notas\/wp-json\/wp\/v2\/media?parent=126611"}],"wp:term":[{"taxonomy":"category","embeddable":true,"href":"https:\/\/www.elsindical.com.ar\/notas\/wp-json\/wp\/v2\/categories?post=126611"},{"taxonomy":"post_tag","embeddable":true,"href":"https:\/\/www.elsindical.com.ar\/notas\/wp-json\/wp\/v2\/tags?post=126611"}],"curies":[{"name":"wp","href":"https:\/\/api.w.org\/{rel}","templated":true}]}}