{"id":126587,"date":"2023-11-14T08:21:37","date_gmt":"2023-11-14T11:21:37","guid":{"rendered":"https:\/\/www.elsindical.com.ar\/notas\/?p=126587"},"modified":"2023-11-14T08:21:40","modified_gmt":"2023-11-14T11:21:40","slug":"efemerides-del-dia-14-de-noviembre-9","status":"publish","type":"post","link":"https:\/\/www.elsindical.com.ar\/notas\/efemerides-del-dia-14-de-noviembre-9\/","title":{"rendered":"EFEM\u00c9RIDES: DEL D\u00cdA 14 DE NOVIEMBRE"},"content":{"rendered":"\n<p>\u2013 D\u00eda Mundial de la Diabetes<\/p>\n\n\n\n<p>\u2013 D\u00eda del Tambero (Argentina)<\/p>\n\n\n\n<p>1501 \u2013 Enrique VIII de Inglaterra contrae matrimonio con Catalina de Arag\u00f3n, hija de los Reyes Cat\u00f3licos.<\/p>\n\n\n\n<p>1650 \u2013 Nace Guillermo III de Orange, rey de Inglaterra.<\/p>\n\n\n\n<p>1716 \u2013 Muere Gottfried Wilhelm von Leibniz, fil\u00f3sofo alem\u00e1n.<\/p>\n\n\n\n<p>1765 \u2013 Nace Robert Fulton, constructor del primer barco a vapor comercial.<\/p>\n\n\n\n<p>1776 \u2013 Nace Henri Dutrochet, descubridor del proceso de \u00f3smosis.<\/p>\n\n\n\n<p>1813 \u2013 Batalla de Ayohuma: los realistas derrotan a las fuerzas del Gral. Belgrano.<\/p>\n\n\n\n<p>1817 \u2013 Fusilan p\u00fablicamente en Bogot\u00e1 a Policarpa Salavarrieta, hero\u00edna de la independencia.<\/p>\n\n\n\n<p>1831 \u2013 Muere Georg Wilhelm Friedrich Hegel, fil\u00f3sofo alem\u00e1n.<\/p>\n\n\n\n<p>1840 \u2013 Nace Claude Oscar Monet, pintor franc\u00e9s.<\/p>\n\n\n\n<p>1889 \u2013 Nellie Bly bate el r\u00e9cord para una vuelta alrededor del mundo (72 d\u00edas).<\/p>\n\n\n\n<p>1910 \u2013 Por primera vez en la historia, un avi\u00f3n despega de la cubierta de un barco, la del brit\u00e1nico \u00abBirmingham\u00bb.<\/p>\n\n\n\n<p>1940 \u2013 Segunda Guerra Mundial: La aviaci\u00f3n alemana arrasa Coventry (Reino Unido).<\/p>\n\n\n\n<p>1945 \u2013&nbsp;Se crea la Uni\u00f3n Democr\u00e1tica (UD), una alianza electoral que aglutina a la Uni\u00f3n C\u00edvica Radical, el Partido Socialista, el Partido Comunista y el Partido Dem\u00f3crata Progresista. En las elecciones de febrero de 1946 presentar\u00e1 la f\u00f3rmula Jos\u00e9 P. Tamborini-Enrique Mosca. La uni\u00f3n se disolvi\u00f3 tras el fracaso electoral de aquel a\u00f1o.<\/p>\n\n\n\n<p>1946 \u2013 Muere Manuel de Falla, compositor espa\u00f1ol.<\/p>\n\n\n\n<p>1948 \u2013 Nace Carlos, Principe de Gales.<\/p>\n\n\n\n<p>1962 \u2013 Muere el escritor y novelista argentino Manuel G\u00e1lvez.<\/p>\n\n\n\n<p>1969 \u2013 Se lanza la Apollo 12 en la segunda misi\u00f3n de alunizaje.<\/p>\n\n\n\n<p>1990 \u2013 Muere Paula Nenette Pep\u00edn, compositora francoargentina, esposa de Atahualpa Yupanqui.<\/p>\n\n\n\n<p>1992 \u2013 Nace Daniela Vega, modelo, ex-reina de belleza y presentadora de televisi\u00f3n colombiana.<\/p>\n\n\n\n<p>1995 \u2013 Muere Luis Bras, dibujante, dise\u00f1ador gr\u00e1fico y cineasta argentino, pionero de la animaci\u00f3n.<\/p>\n\n\n\n<p>1997 \u2013 La Asamblea extraordinaria de la OEA aprueba la Convenci\u00f3n Interamericana contra la fabricaci\u00f3n y tr\u00e1fico il\u00edcito de armas de fuego, municiones y explosivos.<\/p>\n\n\n\n<p>2001 \u2013 Muere Juan Carlos Lorenzo, futbolista y entrenador de f\u00fatbol argentino.<\/p>\n\n\n\n<p>2002 \u2013 Argentina entra en default con el Banco Mundial por 805 millones de d\u00f3lares.<\/p>\n\n\n\n<p>2003 \u2013 Descubrimiento del planetoide Sedna.<\/p>\n\n\n\n<p>2007 \u2013 En Chile, un gran movimiento tel\u00farico de magnitud 7,8 en la Escala de Richter sacude al Norte Grande, dejando la ciudad de Tocopilla pr\u00e1cticamente destruida, con dos muertos y cientos de heridos.<\/p>\n\n\n\n<p>2008&nbsp;\u2013 Se&nbsp;inaugura la primera&nbsp;cumbre econ\u00f3mica del G-20&nbsp;en Washington DC.<\/p>\n\n\n\n<p>2011 \u2013 Muere Adelma G\u00f3mez, pedagoga y organista argentina.<\/p>\n\n\n\n<p>2012 \u2013 Tiene lugar una huelga general en Espa\u00f1a y en otros pa\u00edses de Europa.<\/p>\n\n\n\n<p>2014 \u2013&nbsp;Muere en Berkeley, California, el historiador Tulio Halperin Donghi.<\/p>\n\n\n\n<p>2017 \u2013 En Zimbabue, un golpe de Estado en la capital de pa\u00eds provoca que el presidente Robert Mugabe permanezca bajo arresto domiciliario, seis d\u00edas despu\u00e9s el presidente presentar\u00eda su renuncia.<\/p>\n\n\n\n<p>2020 \u2013 Los Pumas hacen historia al vencer a los All Blacks por primera vez.<\/p>\n","protected":false},"excerpt":{"rendered":"<p>\u2013 D\u00eda Mundial de la Diabetes \u2013 D\u00eda del Tambero (Argentina) 1501 \u2013 Enrique VIII de Inglaterra contrae matrimonio con Catalina de Arag\u00f3n, hija de los Reyes Cat\u00f3licos. 1650 \u2013 Nace Guillermo III de Orange, rey de Inglaterra. 1716 \u2013 Muere Gottfried Wilhelm von Leibniz, fil\u00f3sofo alem\u00e1n. 1765 \u2013 Nace Robert Fulton, constructor del primer&hellip;<\/p>\n","protected":false},"author":1,"featured_media":0,"comment_status":"open","ping_status":"open","sticky":false,"template":"","format":"standard","meta":{"footnotes":""},"categories":[14],"tags":[2450,22026],"class_list":["post-126587","post","type-post","status-publish","format-standard","hentry","category-efemerides","tag-diario-el-sindical","tag-efemerides"],"_links":{"self":[{"href":"https:\/\/www.elsindical.com.ar\/notas\/wp-json\/wp\/v2\/posts\/126587","targetHints":{"allow":["GET"]}}],"collection":[{"href":"https:\/\/www.elsindical.com.ar\/notas\/wp-json\/wp\/v2\/posts"}],"about":[{"href":"https:\/\/www.elsindical.com.ar\/notas\/wp-json\/wp\/v2\/types\/post"}],"author":[{"embeddable":true,"href":"https:\/\/www.elsindical.com.ar\/notas\/wp-json\/wp\/v2\/users\/1"}],"replies":[{"embeddable":true,"href":"https:\/\/www.elsindical.com.ar\/notas\/wp-json\/wp\/v2\/comments?post=126587"}],"version-history":[{"count":1,"href":"https:\/\/www.elsindical.com.ar\/notas\/wp-json\/wp\/v2\/posts\/126587\/revisions"}],"predecessor-version":[{"id":126588,"href":"https:\/\/www.elsindical.com.ar\/notas\/wp-json\/wp\/v2\/posts\/126587\/revisions\/126588"}],"wp:attachment":[{"href":"https:\/\/www.elsindical.com.ar\/notas\/wp-json\/wp\/v2\/media?parent=126587"}],"wp:term":[{"taxonomy":"category","embeddable":true,"href":"https:\/\/www.elsindical.com.ar\/notas\/wp-json\/wp\/v2\/categories?post=126587"},{"taxonomy":"post_tag","embeddable":true,"href":"https:\/\/www.elsindical.com.ar\/notas\/wp-json\/wp\/v2\/tags?post=126587"}],"curies":[{"name":"wp","href":"https:\/\/api.w.org\/{rel}","templated":true}]}}