{"id":126575,"date":"2023-11-13T17:13:49","date_gmt":"2023-11-13T20:13:49","guid":{"rendered":"https:\/\/www.elsindical.com.ar\/notas\/?p=126575"},"modified":"2023-11-13T17:13:55","modified_gmt":"2023-11-13T20:13:55","slug":"milei-reconocio-no-haber-aprobado-el-psicotecnico-en-el-bcra","status":"publish","type":"post","link":"https:\/\/www.elsindical.com.ar\/notas\/milei-reconocio-no-haber-aprobado-el-psicotecnico-en-el-bcra\/","title":{"rendered":"Milei reconoci\u00f3 no haber aprobado el psicot\u00e9cnico en el BCRA"},"content":{"rendered":"\n<figure class=\"wp-block-image size-large\"><a href=\"https:\/\/www.elsindical.com.ar\/notas\/var\/www\/html\/notas\/wp-content\/uploads\/2023\/11\/Milei-psicotecnico-jojo.jpg\"><img loading=\"lazy\" decoding=\"async\" width=\"875\" height=\"1024\" src=\"https:\/\/www.elsindical.com.ar\/notas\/var\/www\/html\/notas\/wp-content\/uploads\/2023\/11\/Milei-psicotecnico-jojo-875x1024.jpg\" alt=\"\" class=\"wp-image-126576\" srcset=\"https:\/\/www.elsindical.com.ar\/notas\/var\/www\/html\/notas\/wp-content\/uploads\/2023\/11\/Milei-psicotecnico-jojo-875x1024.jpg 875w, https:\/\/www.elsindical.com.ar\/notas\/var\/www\/html\/notas\/wp-content\/uploads\/2023\/11\/Milei-psicotecnico-jojo-256x300.jpg 256w, https:\/\/www.elsindical.com.ar\/notas\/var\/www\/html\/notas\/wp-content\/uploads\/2023\/11\/Milei-psicotecnico-jojo-768x899.jpg 768w, https:\/\/www.elsindical.com.ar\/notas\/var\/www\/html\/notas\/wp-content\/uploads\/2023\/11\/Milei-psicotecnico-jojo.jpg 1080w\" sizes=\"auto, (max-width: 875px) 100vw, 875px\" \/><\/a><\/figure>\n\n\n\n<p>   Al final tanto negar lo que termino reconociendo, Milei se cae a pedazos, su narrativa err\u00e1tica, las desmentidas que luego retoma y la postura de relajado, lo llevan a estar inc\u00f3modo y fallar hasta en lo que se supone es un experto, la econom\u00eda, donde todos los profesionales coincidieron en que cuando hablo de negocios entre pa\u00edses y mencion\u00f3 la triangulaci\u00f3n como una opci\u00f3n fue un grave error, siempre neg\u00f3 necesitar alg\u00fan examen porque siempre pas\u00f3 todos, pero tiene su historia negra en el BCRA.<\/p>\n\n\n\n<p>Milei dijo que nunca crey\u00f3 en la necesidad de un Banco Central, entonces, si nunca crey\u00f3 en el BCRA, diciendo que lo quiere dinamitar porque que es un nido de corrupci\u00f3n, \u00bfqu\u00e9 hac\u00eda trabajando all\u00ed?, m\u00e1s a\u00fan, hizo el psicot\u00e9cnico para continuar no se fue, no aprob\u00f3, hubiera sido honesto desde un principio, act\u00faa como un despechado.<\/p>\n\n\n\n<figure class=\"wp-block-embed is-type-video is-provider-youtube wp-block-embed-youtube wp-embed-aspect-16-9 wp-has-aspect-ratio\"><div class=\"wp-block-embed__wrapper\">\n<iframe loading=\"lazy\" title=\"Milei reconoce no haber aprobado el psicot\u00e9cnico en el BCRA\" width=\"700\" height=\"394\" src=\"https:\/\/www.youtube.com\/embed\/O8wKW6I263k?feature=oembed\" frameborder=\"0\" allow=\"accelerometer; autoplay; clipboard-write; encrypted-media; gyroscope; picture-in-picture; web-share\" allowfullscreen><\/iframe>\n<\/div><\/figure>\n","protected":false},"excerpt":{"rendered":"<p>Al final tanto negar lo que termino reconociendo, Milei se cae a pedazos, su narrativa err\u00e1tica, las desmentidas que luego retoma y la postura de relajado, lo llevan a estar inc\u00f3modo y fallar hasta en lo que se supone es un experto, la econom\u00eda, donde todos los profesionales coincidieron en que cuando hablo de negocios&hellip;<\/p>\n","protected":false},"author":1,"featured_media":126576,"comment_status":"open","ping_status":"open","sticky":false,"template":"","format":"standard","meta":{"footnotes":""},"categories":[13],"tags":[41575,1539,1489,31727,2450,28812,41574],"class_list":["post-126575","post","type-post","status-publish","format-standard","has-post-thumbnail","hentry","category-politica","tag-banco-centra","tag-banco-central","tag-bcra","tag-debate-presidencial","tag-diario-el-sindical","tag-javier-milei","tag-psicotecnico"],"_links":{"self":[{"href":"https:\/\/www.elsindical.com.ar\/notas\/wp-json\/wp\/v2\/posts\/126575","targetHints":{"allow":["GET"]}}],"collection":[{"href":"https:\/\/www.elsindical.com.ar\/notas\/wp-json\/wp\/v2\/posts"}],"about":[{"href":"https:\/\/www.elsindical.com.ar\/notas\/wp-json\/wp\/v2\/types\/post"}],"author":[{"embeddable":true,"href":"https:\/\/www.elsindical.com.ar\/notas\/wp-json\/wp\/v2\/users\/1"}],"replies":[{"embeddable":true,"href":"https:\/\/www.elsindical.com.ar\/notas\/wp-json\/wp\/v2\/comments?post=126575"}],"version-history":[{"count":1,"href":"https:\/\/www.elsindical.com.ar\/notas\/wp-json\/wp\/v2\/posts\/126575\/revisions"}],"predecessor-version":[{"id":126577,"href":"https:\/\/www.elsindical.com.ar\/notas\/wp-json\/wp\/v2\/posts\/126575\/revisions\/126577"}],"wp:featuredmedia":[{"embeddable":true,"href":"https:\/\/www.elsindical.com.ar\/notas\/wp-json\/wp\/v2\/media\/126576"}],"wp:attachment":[{"href":"https:\/\/www.elsindical.com.ar\/notas\/wp-json\/wp\/v2\/media?parent=126575"}],"wp:term":[{"taxonomy":"category","embeddable":true,"href":"https:\/\/www.elsindical.com.ar\/notas\/wp-json\/wp\/v2\/categories?post=126575"},{"taxonomy":"post_tag","embeddable":true,"href":"https:\/\/www.elsindical.com.ar\/notas\/wp-json\/wp\/v2\/tags?post=126575"}],"curies":[{"name":"wp","href":"https:\/\/api.w.org\/{rel}","templated":true}]}}