{"id":126487,"date":"2023-11-09T00:48:59","date_gmt":"2023-11-09T03:48:59","guid":{"rendered":"https:\/\/www.elsindical.com.ar\/notas\/?p=126487"},"modified":"2023-11-09T00:49:04","modified_gmt":"2023-11-09T03:49:04","slug":"las-universidades-alertan-sobre-masivas-fake-news-en-la-campana-de-javier-milei","status":"publish","type":"post","link":"https:\/\/www.elsindical.com.ar\/notas\/las-universidades-alertan-sobre-masivas-fake-news-en-la-campana-de-javier-milei\/","title":{"rendered":"Las universidades alertan sobre masivas fake news en la campa\u00f1a de Javier Milei"},"content":{"rendered":"\n<figure class=\"wp-block-image size-large\"><a href=\"https:\/\/www.elsindical.com.ar\/notas\/var\/www\/html\/notas\/wp-content\/uploads\/2023\/08\/Javier-Milei-entrevista.jpg\"><img loading=\"lazy\" decoding=\"async\" width=\"1024\" height=\"576\" src=\"https:\/\/www.elsindical.com.ar\/notas\/var\/www\/html\/notas\/wp-content\/uploads\/2023\/08\/Javier-Milei-entrevista-1024x576.jpg\" alt=\"\" class=\"wp-image-124727\" srcset=\"https:\/\/www.elsindical.com.ar\/notas\/var\/www\/html\/notas\/wp-content\/uploads\/2023\/08\/Javier-Milei-entrevista-1024x576.jpg 1024w, https:\/\/www.elsindical.com.ar\/notas\/var\/www\/html\/notas\/wp-content\/uploads\/2023\/08\/Javier-Milei-entrevista-300x169.jpg 300w, https:\/\/www.elsindical.com.ar\/notas\/var\/www\/html\/notas\/wp-content\/uploads\/2023\/08\/Javier-Milei-entrevista-768x432.jpg 768w, https:\/\/www.elsindical.com.ar\/notas\/var\/www\/html\/notas\/wp-content\/uploads\/2023\/08\/Javier-Milei-entrevista-500x281.jpg 500w, https:\/\/www.elsindical.com.ar\/notas\/var\/www\/html\/notas\/wp-content\/uploads\/2023\/08\/Javier-Milei-entrevista-460x260.jpg 460w, https:\/\/www.elsindical.com.ar\/notas\/var\/www\/html\/notas\/wp-content\/uploads\/2023\/08\/Javier-Milei-entrevista.jpg 1200w\" sizes=\"auto, (max-width: 1024px) 100vw, 1024px\" \/><\/a><\/figure>\n\n\n\n<p>Las carreras de comunicaci\u00f3n de las casas de estudio p\u00fablicas y privadas pusieron el acento en las noticias falsas que buscan desacreditar el sistema electoral argentino.<\/p>\n\n\n\n<p>Las asociaciones que nuclean las <strong>carreras de comunicaci\u00f3n y periodismo de las universidades p\u00fablicas y privadas <\/strong>de todo el pa\u00eds emitieron un comunicado conjunto alertando sobre el uso de fake news en la campa\u00f1a de Milei de cara al balotaje.<\/p>\n\n\n\n<p>En un comunicado firmado por la RedCom (Red de Carrera de Comunicaci\u00f3n Social y Periodismo) y la FadeCCos (Federaci\u00f3n Argentina de Carreras de Comunicaci\u00f3n Social), se advierte que las noticias falsas difundidas en redes son <strong>\u201cuna pr\u00e1ctica perniciosa que avasalla el derecho a la comunicaci\u00f3n de la ciudadan\u00eda\u201d.<\/strong><\/p>\n\n\n\n<p>Las entidades informaron que realizan \u201cmonitoreos constantes\u201d, investigan las caracter\u00edsticas de la conversaci\u00f3n p\u00fablica en la era de la \u201cposverdad\u201d y en particular sobre el rol de las redes sociales, los medios y las plataformas <strong>\u201cque se suman a esta modalidad de desinformaci\u00f3n re\u00f1ida con toda \u00e9tica period\u00edstica\u201d.<\/strong><\/p>\n\n\n\n<p>Aunque no menciona directamente a las redes de La Libertad Avanza (LLA), el texto apunta a la <strong>\u201cutilizaci\u00f3n de las noticias falsas para la creaci\u00f3n de climas de sospecha sobre la transparencia de nuestro sistema electoral<\/strong>\u201d, algo que vienen haciendo las redes de Milei y que \u00e9l mismo reforz\u00f3 en las \u00faltimas horas en una entrevista televisiva.<\/p>\n\n\n\n<p>Seg\u00fan las universidades, esa pr\u00e1ctica de desinformaci\u00f3n sobre las bases del sistema electoral argentino <strong>\u201cbastardea de antemano la legitimidad de la decisi\u00f3n popular y abre la puerta a escenarios con incalculables consecuencias\u201d.<\/strong><\/p>\n","protected":false},"excerpt":{"rendered":"<p>Las carreras de comunicaci\u00f3n de las casas de estudio p\u00fablicas y privadas pusieron el acento en las noticias falsas que buscan desacreditar el sistema electoral argentino. Las asociaciones que nuclean las carreras de comunicaci\u00f3n y periodismo de las universidades p\u00fablicas y privadas de todo el pa\u00eds emitieron un comunicado conjunto alertando sobre el uso de&hellip;<\/p>\n","protected":false},"author":1,"featured_media":124727,"comment_status":"open","ping_status":"open","sticky":false,"template":"","format":"standard","meta":{"footnotes":""},"categories":[25],"tags":[31318,41529,2450,34260,33803,28812,40628],"class_list":["post-126487","post","type-post","status-publish","format-standard","has-post-thumbnail","hentry","category-sociedad","tag-campana-2","tag-comunicado-universidades","tag-diario-el-sindical","tag-elecciones-2023","tag-fake-news","tag-javier-milei","tag-lla"],"_links":{"self":[{"href":"https:\/\/www.elsindical.com.ar\/notas\/wp-json\/wp\/v2\/posts\/126487","targetHints":{"allow":["GET"]}}],"collection":[{"href":"https:\/\/www.elsindical.com.ar\/notas\/wp-json\/wp\/v2\/posts"}],"about":[{"href":"https:\/\/www.elsindical.com.ar\/notas\/wp-json\/wp\/v2\/types\/post"}],"author":[{"embeddable":true,"href":"https:\/\/www.elsindical.com.ar\/notas\/wp-json\/wp\/v2\/users\/1"}],"replies":[{"embeddable":true,"href":"https:\/\/www.elsindical.com.ar\/notas\/wp-json\/wp\/v2\/comments?post=126487"}],"version-history":[{"count":1,"href":"https:\/\/www.elsindical.com.ar\/notas\/wp-json\/wp\/v2\/posts\/126487\/revisions"}],"predecessor-version":[{"id":126488,"href":"https:\/\/www.elsindical.com.ar\/notas\/wp-json\/wp\/v2\/posts\/126487\/revisions\/126488"}],"wp:featuredmedia":[{"embeddable":true,"href":"https:\/\/www.elsindical.com.ar\/notas\/wp-json\/wp\/v2\/media\/124727"}],"wp:attachment":[{"href":"https:\/\/www.elsindical.com.ar\/notas\/wp-json\/wp\/v2\/media?parent=126487"}],"wp:term":[{"taxonomy":"category","embeddable":true,"href":"https:\/\/www.elsindical.com.ar\/notas\/wp-json\/wp\/v2\/categories?post=126487"},{"taxonomy":"post_tag","embeddable":true,"href":"https:\/\/www.elsindical.com.ar\/notas\/wp-json\/wp\/v2\/tags?post=126487"}],"curies":[{"name":"wp","href":"https:\/\/api.w.org\/{rel}","templated":true}]}}