{"id":126336,"date":"2023-11-03T00:02:48","date_gmt":"2023-11-03T03:02:48","guid":{"rendered":"https:\/\/www.elsindical.com.ar\/notas\/?p=126336"},"modified":"2023-11-03T00:50:16","modified_gmt":"2023-11-03T03:50:16","slug":"juan-napoli-el-asesor-y-amigo-de-javier-milei-denunciado-por-amenazas-y-extorsion","status":"publish","type":"post","link":"https:\/\/www.elsindical.com.ar\/notas\/juan-napoli-el-asesor-y-amigo-de-javier-milei-denunciado-por-amenazas-y-extorsion\/","title":{"rendered":"Juan Napoli, el asesor y amigo de Javier Milei denunciado por amenazas y extorsi\u00f3n"},"content":{"rendered":"<div class=\"wp-block-image\">\n<figure class=\"aligncenter size-full is-resized\"><a href=\"https:\/\/www.elsindical.com.ar\/notas\/var\/www\/html\/notas\/wp-content\/uploads\/2023\/11\/Juan-Napoli-y-Laura-Vazquez.jpg\"><img loading=\"lazy\" decoding=\"async\" width=\"754\" height=\"324\" src=\"https:\/\/www.elsindical.com.ar\/notas\/var\/www\/html\/notas\/wp-content\/uploads\/2023\/11\/Juan-Napoli-y-Laura-Vazquez.jpg\" alt=\"\" class=\"wp-image-126337\" style=\"aspect-ratio:2.3271604938271606;width:802px;height:auto\" srcset=\"https:\/\/www.elsindical.com.ar\/notas\/var\/www\/html\/notas\/wp-content\/uploads\/2023\/11\/Juan-Napoli-y-Laura-Vazquez.jpg 754w, https:\/\/www.elsindical.com.ar\/notas\/var\/www\/html\/notas\/wp-content\/uploads\/2023\/11\/Juan-Napoli-y-Laura-Vazquez-300x129.jpg 300w, https:\/\/www.elsindical.com.ar\/notas\/var\/www\/html\/notas\/wp-content\/uploads\/2023\/11\/Juan-Napoli-y-Laura-Vazquez-500x215.jpg 500w\" sizes=\"auto, (max-width: 754px) 100vw, 754px\" \/><\/a><\/figure>\n<\/div>\n\n\n<p>   N\u00e1poli cumple un rol clave en la estructura de La Libertad Avanza: adem\u00e1s de haber ido en la boleta como senador nacional (no entr\u00f3), era el enlace de Milei con inversores extranjeros y el mismo que organiz\u00f3 el coloquio paralelo a IDEA, en Mar del Plata. Fue denunciado penalmente por la abogada Laura V\u00e1zquez quien fue su amante durante meses.<\/p>\n\n\n\n<p><strong>La Libertad Avanza sigue acumulando denuncias por extorsi\u00f3n, amenazas y venta de cargos.<\/strong> Esta vez, la acusaci\u00f3n lleg\u00f3 de parte de Laura V\u00e1zquez, una joven que asegur\u00f3 haber recibido amenazas de Juan N\u00e1poli, uno de los principales asesores econ\u00f3micos de Javier Milei y candidato a senador de La Libertad Avanza, para que no saliera a la luz la relaci\u00f3n extramatrimonial que compart\u00edan desde junio.&nbsp;<\/p>\n\n\n\n<figure class=\"wp-block-image size-large\"><a href=\"https:\/\/www.elsindical.com.ar\/notas\/var\/www\/html\/notas\/wp-content\/uploads\/2023\/11\/Juan-y-Javier.jpg\"><img loading=\"lazy\" decoding=\"async\" width=\"1024\" height=\"576\" src=\"https:\/\/www.elsindical.com.ar\/notas\/var\/www\/html\/notas\/wp-content\/uploads\/2023\/11\/Juan-y-Javier-1024x576.jpg\" alt=\"\" class=\"wp-image-126338\" srcset=\"https:\/\/www.elsindical.com.ar\/notas\/var\/www\/html\/notas\/wp-content\/uploads\/2023\/11\/Juan-y-Javier-1024x576.jpg 1024w, https:\/\/www.elsindical.com.ar\/notas\/var\/www\/html\/notas\/wp-content\/uploads\/2023\/11\/Juan-y-Javier-300x169.jpg 300w, https:\/\/www.elsindical.com.ar\/notas\/var\/www\/html\/notas\/wp-content\/uploads\/2023\/11\/Juan-y-Javier-768x432.jpg 768w, https:\/\/www.elsindical.com.ar\/notas\/var\/www\/html\/notas\/wp-content\/uploads\/2023\/11\/Juan-y-Javier-500x281.jpg 500w, https:\/\/www.elsindical.com.ar\/notas\/var\/www\/html\/notas\/wp-content\/uploads\/2023\/11\/Juan-y-Javier-460x260.jpg 460w, https:\/\/www.elsindical.com.ar\/notas\/var\/www\/html\/notas\/wp-content\/uploads\/2023\/11\/Juan-y-Javier.jpg 1140w\" sizes=\"auto, (max-width: 1024px) 100vw, 1024px\" \/><\/a><\/figure>\n\n\n\n<p>Seg\u00fan relat\u00f3 a <em>C5N <\/em>la denunciante, de profesi\u00f3n abogada, en los \u00faltimos meses mantuvo una<strong> relaci\u00f3n sentimental&nbsp;con N\u00e1poli<\/strong>, presidente del Banco de Valores, vocal titular de la Asociaci\u00f3n de Bancos Argentinos (Adeba) y uno de los defensores del plan econ\u00f3mico de Milei.&nbsp;<\/p>\n\n\n\n<p>El v\u00ednculo que ten\u00eda el banquero con el ultraderechista era tan estrecho que cr\u00f3nicas de distintos medios lo ubicaron como el enlace del diputado con inversores extranjeros. Por eso no sorprendieron los&nbsp;<strong>viajes a diferentes partes del mundo, uno de ellos a Nueva York<\/strong>, en el mes de septiembre, cuando se sumaron a una comitiva de Javier <strong>Milei en b\u00fasqueda de inversiones y d\u00f3lares para el plan de dolarizaci\u00f3n<\/strong>. En esos tambi\u00e9n se hizo presente V\u00e1zquez, quien incluso comparti\u00f3 fotos y videos en su cuenta de instagram.<\/p>\n\n\n\n<p>De acuerdo con lo narrado por la abogada, cuando la esposa de N\u00e1poli empez\u00f3 a sospechar de la relaci\u00f3n, \u00e9l comenz\u00f3 a mandarle<strong> mensajes <\/strong>amenazantes. Ante el continuo hostigamiento, la joven&nbsp;<strong>decidi\u00f3 denunciarlo ante la justicia y pedir una perimetral.<\/strong><\/p>\n\n\n\n<p>La reacci\u00f3n de N\u00e1poli, ante las primeras repercusiones, fue hacer una publicaci\u00f3n en sus redes sociales.&nbsp;\u00ab<strong>Desde hace d\u00edas estoy siendo acosado y extorsionado por servicios berretas de inteligencia <\/strong>(de quienes me ocupar\u00e9 uno por uno)<strong> con la complicidad de la doctora Laura V\u00e1zquez (de profesi\u00f3n alternativa prostituta)<\/strong>. Hoy realic\u00e9 una denuncia en el ministerio P\u00fablico Fiscal\u00bb, escribi\u00f3 el banquero y excandidato a senador en redes, aunque luego borr\u00f3 la publicaci\u00f3n.&nbsp;<\/p>\n\n\n\n<p>En respuesta, V\u00e1zquez le dedic\u00f3 una historia de Instagram:&nbsp;\u00ab<strong>La denuncia ya est\u00e1 hecha,<\/strong> Todo va a salir a la luz.<strong> Y la gente va a ver que vos me ensucias para salvarte vos.<\/strong> A las pruebas me remito como abogada. Es cuesti\u00f3n de esperar. De hecho ya con esto est\u00e1s violando la perimetral, m\u00e1s calumnias e injurias hacia mi persona\u00bb, le record\u00f3 la joven.<\/p>\n\n\n\n<h2 class=\"wp-block-heading\">\u00abSe cree impune\u00bb<\/h2>\n\n\n\n<p>Este jueves, V\u00e1zquez dio m\u00e1s detalles de la denuncia en <em>C5N<\/em>.&nbsp;Seg\u00fan detall\u00f3 en ese canal televisivo, N\u00e1poli la invit\u00f3 al b\u00fanker de La Libertad Avanza del 22 de octubre y, un d\u00eda despu\u00e9s, la hostig\u00f3 v\u00eda mensaje de texto hasta amenazarla en la puerta de su casa. La abogada cont\u00f3 tambi\u00e9n, aunque sin dar mayores detalles,&nbsp; que lleg\u00f3 a recibir un ofrecimiento para ocupar un cargo, una acusaci\u00f3n similar a la que hizo meses atr\u00e1s<strong>&nbsp;Mila Zurbriggen, <\/strong>l\u00edder de la agrupaci\u00f3n La Generaci\u00f3n Libertaria, que asegur\u00f3 que dentro del partido <strong>los cargos son \u00absolo por guita o por sexo\u00bb.<\/strong><\/p>\n\n\n\n<p>En <em>C5N<\/em>, la joven tambi\u00e9n cont\u00f3 que alquila un departamento en Recoleta, en el edificio de enfrente al que reside N\u00e1poli con su familia, donde habr\u00eda recibido una visita violenta del asesor econ\u00f3mico. \u00abLa mujer entr\u00f3 a mi Instagram y vio los likes, y tambi\u00e9n compar\u00f3 los viajes. \u00c9l me culp\u00f3 a mi porque tengo el Instagram p\u00fablico, pero que se haga cargo porque me llev\u00f3 a todos lados y mucha gente de La Libertad Avanza me conoce. <strong>Milei y la hermana me conocen como novia de Juan<\/strong>\u00ab, concluy\u00f3.<\/p>\n\n\n\n<p>De acuerdo a los audios que se publicaron en el programa Argenzuela, en un momento N\u00e1poli amenaz\u00f3 con que su esposa \u00abla iba a desfigurar\u00bb. El banquero sali\u00f3 por el mismo programa, dijo que lo estaban \u00abextorsionando\u00bb por su relaci\u00f3n extramatrimonial. De las amenazas, en tanto, no dijo nada.<\/p>\n\n\n\n<figure class=\"wp-block-image size-large\"><a href=\"https:\/\/www.elsindical.com.ar\/notas\/var\/www\/html\/notas\/wp-content\/uploads\/2023\/11\/Juan-con-Marcela-y-Lilia.jpg\"><img loading=\"lazy\" decoding=\"async\" width=\"1024\" height=\"576\" src=\"https:\/\/www.elsindical.com.ar\/notas\/var\/www\/html\/notas\/wp-content\/uploads\/2023\/11\/Juan-con-Marcela-y-Lilia-1024x576.jpg\" alt=\"\" class=\"wp-image-126339\" srcset=\"https:\/\/www.elsindical.com.ar\/notas\/var\/www\/html\/notas\/wp-content\/uploads\/2023\/11\/Juan-con-Marcela-y-Lilia-1024x576.jpg 1024w, https:\/\/www.elsindical.com.ar\/notas\/var\/www\/html\/notas\/wp-content\/uploads\/2023\/11\/Juan-con-Marcela-y-Lilia-300x169.jpg 300w, https:\/\/www.elsindical.com.ar\/notas\/var\/www\/html\/notas\/wp-content\/uploads\/2023\/11\/Juan-con-Marcela-y-Lilia-768x432.jpg 768w, https:\/\/www.elsindical.com.ar\/notas\/var\/www\/html\/notas\/wp-content\/uploads\/2023\/11\/Juan-con-Marcela-y-Lilia-500x281.jpg 500w, https:\/\/www.elsindical.com.ar\/notas\/var\/www\/html\/notas\/wp-content\/uploads\/2023\/11\/Juan-con-Marcela-y-Lilia-460x260.jpg 460w, https:\/\/www.elsindical.com.ar\/notas\/var\/www\/html\/notas\/wp-content\/uploads\/2023\/11\/Juan-con-Marcela-y-Lilia.jpg 1200w\" sizes=\"auto, (max-width: 1024px) 100vw, 1024px\" \/><\/a><\/figure>\n\n\n\n<figure class=\"wp-block-embed is-type-video is-provider-youtube wp-block-embed-youtube wp-embed-aspect-16-9 wp-has-aspect-ratio\"><div class=\"wp-block-embed__wrapper\">\n<iframe loading=\"lazy\" title=\"Juan N\u00e1poli el asesor y amigo de Milei denunciado\" width=\"700\" height=\"394\" src=\"https:\/\/www.youtube.com\/embed\/NX_8BxSV6Pc?feature=oembed\" frameborder=\"0\" allow=\"accelerometer; autoplay; clipboard-write; encrypted-media; gyroscope; picture-in-picture; web-share\" allowfullscreen><\/iframe>\n<\/div><\/figure>\n","protected":false},"excerpt":{"rendered":"<p>N\u00e1poli cumple un rol clave en la estructura de La Libertad Avanza: adem\u00e1s de haber ido en la boleta como senador nacional (no entr\u00f3), era el enlace de Milei con inversores extranjeros y el mismo que organiz\u00f3 el coloquio paralelo a IDEA, en Mar del Plata. Fue denunciado penalmente por la abogada Laura V\u00e1zquez quien&hellip;<\/p>\n","protected":false},"author":1,"featured_media":126337,"comment_status":"open","ping_status":"open","sticky":false,"template":"","format":"standard","meta":{"footnotes":""},"categories":[6,13],"tags":[175,2450,28812,41480,41481,40628,40079,4681,572],"class_list":["post-126336","post","type-post","status-publish","format-standard","has-post-thumbnail","hentry","category-denuncias","category-politica","tag-denuncia","tag-diario-el-sindical","tag-javier-milei","tag-juan-napoli","tag-laura-vazquez","tag-lla","tag-marcela-pagano","tag-prostituta","tag-violencia-de-genero"],"_links":{"self":[{"href":"https:\/\/www.elsindical.com.ar\/notas\/wp-json\/wp\/v2\/posts\/126336","targetHints":{"allow":["GET"]}}],"collection":[{"href":"https:\/\/www.elsindical.com.ar\/notas\/wp-json\/wp\/v2\/posts"}],"about":[{"href":"https:\/\/www.elsindical.com.ar\/notas\/wp-json\/wp\/v2\/types\/post"}],"author":[{"embeddable":true,"href":"https:\/\/www.elsindical.com.ar\/notas\/wp-json\/wp\/v2\/users\/1"}],"replies":[{"embeddable":true,"href":"https:\/\/www.elsindical.com.ar\/notas\/wp-json\/wp\/v2\/comments?post=126336"}],"version-history":[{"count":2,"href":"https:\/\/www.elsindical.com.ar\/notas\/wp-json\/wp\/v2\/posts\/126336\/revisions"}],"predecessor-version":[{"id":126341,"href":"https:\/\/www.elsindical.com.ar\/notas\/wp-json\/wp\/v2\/posts\/126336\/revisions\/126341"}],"wp:featuredmedia":[{"embeddable":true,"href":"https:\/\/www.elsindical.com.ar\/notas\/wp-json\/wp\/v2\/media\/126337"}],"wp:attachment":[{"href":"https:\/\/www.elsindical.com.ar\/notas\/wp-json\/wp\/v2\/media?parent=126336"}],"wp:term":[{"taxonomy":"category","embeddable":true,"href":"https:\/\/www.elsindical.com.ar\/notas\/wp-json\/wp\/v2\/categories?post=126336"},{"taxonomy":"post_tag","embeddable":true,"href":"https:\/\/www.elsindical.com.ar\/notas\/wp-json\/wp\/v2\/tags?post=126336"}],"curies":[{"name":"wp","href":"https:\/\/api.w.org\/{rel}","templated":true}]}}