{"id":126274,"date":"2023-10-31T00:29:40","date_gmt":"2023-10-31T03:29:40","guid":{"rendered":"https:\/\/www.elsindical.com.ar\/notas\/?p=126274"},"modified":"2023-10-31T00:29:41","modified_gmt":"2023-10-31T03:29:41","slug":"la-ucr-celebro-los-40-anos-de-la-victoria-de-raul-alfonsin","status":"publish","type":"post","link":"https:\/\/www.elsindical.com.ar\/notas\/la-ucr-celebro-los-40-anos-de-la-victoria-de-raul-alfonsin\/","title":{"rendered":"La UCR celebr\u00f3 los 40 a\u00f1os de la victoria de Ra\u00fal Alfons\u00edn"},"content":{"rendered":"\n<figure class=\"wp-block-image size-large\"><a href=\"https:\/\/www.elsindical.com.ar\/notas\/var\/www\/html\/notas\/wp-content\/uploads\/2023\/10\/Morales-40-anos-de-democracia.jpg\"><img loading=\"lazy\" decoding=\"async\" width=\"1024\" height=\"576\" src=\"https:\/\/www.elsindical.com.ar\/notas\/var\/www\/html\/notas\/wp-content\/uploads\/2023\/10\/Morales-40-anos-de-democracia-1024x576.jpg\" alt=\"\" class=\"wp-image-126275\" srcset=\"https:\/\/www.elsindical.com.ar\/notas\/var\/www\/html\/notas\/wp-content\/uploads\/2023\/10\/Morales-40-anos-de-democracia-1024x576.jpg 1024w, https:\/\/www.elsindical.com.ar\/notas\/var\/www\/html\/notas\/wp-content\/uploads\/2023\/10\/Morales-40-anos-de-democracia-300x169.jpg 300w, https:\/\/www.elsindical.com.ar\/notas\/var\/www\/html\/notas\/wp-content\/uploads\/2023\/10\/Morales-40-anos-de-democracia-768x432.jpg 768w, https:\/\/www.elsindical.com.ar\/notas\/var\/www\/html\/notas\/wp-content\/uploads\/2023\/10\/Morales-40-anos-de-democracia-500x281.jpg 500w, https:\/\/www.elsindical.com.ar\/notas\/var\/www\/html\/notas\/wp-content\/uploads\/2023\/10\/Morales-40-anos-de-democracia-460x260.jpg 460w, https:\/\/www.elsindical.com.ar\/notas\/var\/www\/html\/notas\/wp-content\/uploads\/2023\/10\/Morales-40-anos-de-democracia.jpg 1200w\" sizes=\"auto, (max-width: 1024px) 100vw, 1024px\" \/><\/a><\/figure>\n\n\n\n<p>La c\u00fapula del radicalismo se reuni\u00f3 en la Plaza Estado del Vaticano para rendir homenaje al fallecido presidente, en el aniversario del triunfo electoral.<\/p>\n\n\n\n<p>La Uni\u00f3n C\u00edvica Radical (UCR) celebr\u00f3 hoy <strong>los 40 a\u00f1os de la elecci\u00f3n que consagr\u00f3 a Ra\u00fal Alfons\u00edn como presidente del regreso de la democracia <\/strong>con un homenaje en la Plaza Estado del Vaticano, en el centro porte\u00f1o, encabezado por Gerardo Morales y Mart\u00edn Lousteau.<\/p>\n\n\n\n<p>\u201cNo nos corre nadie. <strong>Nadie nos manda ahora. Solo manda la Uni\u00f3n C\u00edvica Radical, el destino de la Uni\u00f3n C\u00edvica Radical<\/strong>\u201c, enfatiz\u00f3 Morales en el cierre del acto.<\/p>\n\n\n\n<p>El titular del partido se\u00f1al\u00f3: \u201cEstamos actualmente frente a un desaf\u00edo que tiene que ver con dos opciones que no compartimos, dos opciones que le hacen da\u00f1o a la Rep\u00fablica Argentina. Hemos dicho a lo largo y ancho de la Rep\u00fablica Argentina, de nuestro pa\u00eds, cuando me toc\u00f3 acompa\u00f1ar a Horacio Rodr\u00edguez Larreta como una de las opciones para gobernar nuestro pa\u00eds, que <strong>estamos frente al gobierno que ha destruido las expectativas del pueblo argentino, con una inflaci\u00f3n imparable<\/strong> y los gremios mudos y las organizaciones sociales mirando para otro lado\u201d.<\/p>\n\n\n\n<p>El gobernador de Jujuy se refiri\u00f3 a Juntos por el Cambio y se\u00f1al\u00f3 que <strong>\u201cla decisi\u00f3n de un par de dirigentes est\u00e1 rompiendo y quieren llevar al espacio a otra peor opci\u00f3n como es la de Javier Milei\u201d<\/strong>.<\/p>\n\n\n\n<p>\u201cTanto Sergio Massa como Javier Milei no son la mejor alternativa para la Rep\u00fablica Argentina y <strong>nos quieren llevar por un camino que no vamos a transitar, no vamos a transitar el camino del fundamentalismo, el camino de la locura, <\/strong>el camino del salto al vac\u00edo\u201d, indic\u00f3 Morales.<\/p>\n\n\n\n<p>A su entender, <strong>\u201clos fundamentalismos se han disfrazado en muchas cosas y ahora est\u00e1 de libertario\u201d<\/strong>.<\/p>\n\n\n\n<p>\u201cNecesitamos un partido que se renueve. Y <strong>tenemos cuatro a\u00f1os para trabajar incansablemente, incansablemente desde el rol de oposici\u00f3n, revitalizando nuestros equipos, revitalizando nuestra juventud con hombres que son la expresi\u00f3n de la renovaci\u00f3n<\/strong>. Gobernar\u00e1 quien gobierne y ah\u00ed estar\u00e1 la Uni\u00f3n C\u00edvica Radical controlando, marcando el rumbo y reconstruyendo esta alternativa para cuatro a\u00f1os. Cuatro a\u00f1os pasan r\u00e1pido. Lamento que el pa\u00eds est\u00e9 en esta disyuntiva que nos va a hacer perder tiempo. Por eso tenemos que trabajar con la mayor cohesi\u00f3n posible, m\u00e1s fuerte que nunca, para ser la alternativa que gobierne la Rep\u00fablica Argentina en 2027\u2033, enfatiz\u00f3.<\/p>\n\n\n\n<h2 class=\"wp-block-heading\">Mart\u00edn Lousteau: \u201cNi la tentaci\u00f3n hegem\u00f3nica, ni la deriva autoritaria\u201d<\/h2>\n\n\n\n<p>Por su parte, Lousteau, el vicepresidente del partido, afirm\u00f3: <strong>\u201cRechazamos los dos peligros que ya conocimos en Argentina, ni la tentaci\u00f3n hegem\u00f3nica ni la deriva autoritaria\u201d.<\/strong><\/p>\n\n\n\n<p>\u201cSon d\u00edas dif\u00edciles, nos toca una elecci\u00f3n horrible pero <strong>ninguno de los desaf\u00edos que tenemos es m\u00e1s dif\u00edcil que los que tuvo Alfons\u00edn<\/strong>\u201c, asegur\u00f3 el senador.<\/p>\n\n\n\n<p>Y agreg\u00f3: \u201cNo nos gusta ninguno de los dos candidatos porque queremos un Estado que le brinde a la sociedad lo que necesita, <strong>no queremos ni una motosierra ni que se lo llene de militantes\u201d.<\/strong><\/p>\n\n\n\n<p><strong>\u201c40 a\u00f1os de Democracia. El legado de Ra\u00fal Alfons\u00edn\u201d<\/strong>, fue la consiga de la convocatoria que tambi\u00e9n se replic\u00f3 en plazas de todo el pa\u00eds para homanejear al primer presidente tras el regreso de la democracia.<\/p>\n\n\n\n<p>El acto inici\u00f3 cerca de las 19 con im\u00e1genes de Alfons\u00edn, a lo que sigui\u00f3 el primer discurso del dirigente radical Marcelo Stubrin, quien se refiri\u00f3 al escenario de balotaje y dijo que e<strong>l partido \u201cser\u00e1 opositor a cualquiera que gane\u201d<\/strong> el 19 de noviembre.<\/p>\n\n\n\n<p>Luego, la presidenta de la UCR porte\u00f1a, Mariela Coletta, cuestion\u00f3 a Javier Milei por agredir constantemente al partido: \u201cVamos a ser valientes <strong>y no nos van a obligar a elegir entre dos opciones <\/strong>que no nos representan\u201d, agreg\u00f3.<\/p>\n\n\n<div class=\"wp-block-image\">\n<figure class=\"aligncenter size-full is-resized\"><a href=\"https:\/\/www.elsindical.com.ar\/notas\/var\/www\/html\/notas\/wp-content\/uploads\/2023\/10\/Lousteau-40-anos-democracia.jpg\"><img loading=\"lazy\" decoding=\"async\" width=\"700\" height=\"394\" src=\"https:\/\/www.elsindical.com.ar\/notas\/var\/www\/html\/notas\/wp-content\/uploads\/2023\/10\/Lousteau-40-anos-democracia.jpg\" alt=\"\" class=\"wp-image-126276\" style=\"aspect-ratio:1.7766497461928934;width:806px;height:auto\" srcset=\"https:\/\/www.elsindical.com.ar\/notas\/var\/www\/html\/notas\/wp-content\/uploads\/2023\/10\/Lousteau-40-anos-democracia.jpg 700w, https:\/\/www.elsindical.com.ar\/notas\/var\/www\/html\/notas\/wp-content\/uploads\/2023\/10\/Lousteau-40-anos-democracia-300x169.jpg 300w, https:\/\/www.elsindical.com.ar\/notas\/var\/www\/html\/notas\/wp-content\/uploads\/2023\/10\/Lousteau-40-anos-democracia-500x281.jpg 500w, https:\/\/www.elsindical.com.ar\/notas\/var\/www\/html\/notas\/wp-content\/uploads\/2023\/10\/Lousteau-40-anos-democracia-460x260.jpg 460w\" sizes=\"auto, (max-width: 700px) 100vw, 700px\" \/><\/a><\/figure>\n<\/div>","protected":false},"excerpt":{"rendered":"<p>La c\u00fapula del radicalismo se reuni\u00f3 en la Plaza Estado del Vaticano para rendir homenaje al fallecido presidente, en el aniversario del triunfo electoral. La Uni\u00f3n C\u00edvica Radical (UCR) celebr\u00f3 hoy los 40 a\u00f1os de la elecci\u00f3n que consagr\u00f3 a Ra\u00fal Alfons\u00edn como presidente del regreso de la democracia con un homenaje en la Plaza&hellip;<\/p>\n","protected":false},"author":1,"featured_media":126275,"comment_status":"open","ping_status":"open","sticky":false,"template":"","format":"standard","meta":{"footnotes":""},"categories":[13],"tags":[1091,2450,1485,21821,22025,1890,1826],"class_list":["post-126274","post","type-post","status-publish","format-standard","has-post-thumbnail","hentry","category-politica","tag-democracia","tag-diario-el-sindical","tag-gerardo-morales","tag-martin-lousteau","tag-politica","tag-raul-alfonsin","tag-ucr"],"_links":{"self":[{"href":"https:\/\/www.elsindical.com.ar\/notas\/wp-json\/wp\/v2\/posts\/126274","targetHints":{"allow":["GET"]}}],"collection":[{"href":"https:\/\/www.elsindical.com.ar\/notas\/wp-json\/wp\/v2\/posts"}],"about":[{"href":"https:\/\/www.elsindical.com.ar\/notas\/wp-json\/wp\/v2\/types\/post"}],"author":[{"embeddable":true,"href":"https:\/\/www.elsindical.com.ar\/notas\/wp-json\/wp\/v2\/users\/1"}],"replies":[{"embeddable":true,"href":"https:\/\/www.elsindical.com.ar\/notas\/wp-json\/wp\/v2\/comments?post=126274"}],"version-history":[{"count":1,"href":"https:\/\/www.elsindical.com.ar\/notas\/wp-json\/wp\/v2\/posts\/126274\/revisions"}],"predecessor-version":[{"id":126277,"href":"https:\/\/www.elsindical.com.ar\/notas\/wp-json\/wp\/v2\/posts\/126274\/revisions\/126277"}],"wp:featuredmedia":[{"embeddable":true,"href":"https:\/\/www.elsindical.com.ar\/notas\/wp-json\/wp\/v2\/media\/126275"}],"wp:attachment":[{"href":"https:\/\/www.elsindical.com.ar\/notas\/wp-json\/wp\/v2\/media?parent=126274"}],"wp:term":[{"taxonomy":"category","embeddable":true,"href":"https:\/\/www.elsindical.com.ar\/notas\/wp-json\/wp\/v2\/categories?post=126274"},{"taxonomy":"post_tag","embeddable":true,"href":"https:\/\/www.elsindical.com.ar\/notas\/wp-json\/wp\/v2\/tags?post=126274"}],"curies":[{"name":"wp","href":"https:\/\/api.w.org\/{rel}","templated":true}]}}